{"id":228368,"date":"2023-01-16T14:40:13","date_gmt":"2023-01-16T18:40:13","guid":{"rendered":"https:\/\/www.ocorreionews.com.br\/acervo-correio\/?p=228368"},"modified":"2023-01-16T14:40:13","modified_gmt":"2023-01-16T18:40:13","slug":"homem-e-preso-apos-furta-bateria-de-veiculo-em-chapadao-do-sul","status":"publish","type":"post","link":"https:\/\/www.ocorreionews.com.br\/acervo-correio\/?p=228368","title":{"rendered":"Homem \u00e9 preso ap\u00f3s furta bateria de veiculo em Chapad\u00e3o do Sul"},"content":{"rendered":"<p>Um homem foi preso em Chapad\u00e3o do Sul na ultima sexta-feira (13), depois de furta uma bateria de veiculo em um restaurante no Bairro Esplanada III.<\/p>\n<p>De acordo com o Boletim e Ocorr\u00eancia, por volta das 18 horas a vitima J.C.S., de 32 anos registrou boletim na pol\u00edcia civil e entrou em contato com a PM informando sobre o furto de uma bateria e repassando as imagens das c\u00e2meras de seguran\u00e7a onde mostra o autor do furto. Com as informa\u00e7\u00f5es a Policia Militar come\u00e7ou a diligenciar com intuito de encontrar o autor e onde foram at\u00e9 a resid\u00eancia de F.S.S.G., 42 anos e ao chegarem avistaram a bicicleta utilizada no furto.<\/p>\n<p>Em entrevista com o autor, foi perguntado sobre a bateria e de imediato ele negou, mas depois de mostrar as imagens e o v\u00eddeo, o mesmo admitiu o furto. F.S.S.G,disse que havia vendido a bateria em um comprador de sucatas, localizado na Avenida Goi\u00e1s. Os militares deslocaram at\u00e9 o local e fizeram contato com o segundo autor dos fatos, e ele confirmou que havia comprado a bateria por um valor irris\u00f3rio, alegando que o indiv\u00edduo que havia vendido a bateria, pois ele teria deixado ela cair no ch\u00e3o. Ressalta-se que a bateria \u00e9 avaliada em mais de R$ 1.000,00 reais.<\/p>\n<p>Ambos foram conduzidos para delegacia um pelo crime de furto e outro pelo de recepta\u00e7\u00e3o.<\/p>\n<p>&nbsp;<\/p>\n<p><em>*O Correio News, com informa\u00e7\u00f5es da Assessoria de Comunica\u00e7\u00e3o da 4\u00aaCIPM<\/em><\/p>\n","protected":false},"excerpt":{"rendered":"<p>Um homem foi preso em Chapad\u00e3o do Sul na ultima sexta-feira (13), depois de furta uma bateria de veiculo em um restaurante no Bairro Esplanada III. De acordo com o Boletim e Ocorr\u00eancia, por volta das 18 horas a vitima J.C.S., de 32 anos registrou boletim na pol\u00edcia civil e entrou em contato com a [&hellip;]<\/p>\n","protected":false},"author":5,"featured_media":201651,"comment_status":"closed","ping_status":"closed","sticky":false,"template":"","format":"standard","meta":{"footnotes":""},"categories":[23,38],"tags":[],"class_list":["post-228368","post","type-post","status-publish","format-standard","has-post-thumbnail","hentry","category-chapadao-do-sul","category-policia"],"_links":{"self":[{"href":"https:\/\/www.ocorreionews.com.br\/acervo-correio\/index.php?rest_route=\/wp\/v2\/posts\/228368","targetHints":{"allow":["GET"]}}],"collection":[{"href":"https:\/\/www.ocorreionews.com.br\/acervo-correio\/index.php?rest_route=\/wp\/v2\/posts"}],"about":[{"href":"https:\/\/www.ocorreionews.com.br\/acervo-correio\/index.php?rest_route=\/wp\/v2\/types\/post"}],"author":[{"embeddable":true,"href":"https:\/\/www.ocorreionews.com.br\/acervo-correio\/index.php?rest_route=\/wp\/v2\/users\/5"}],"replies":[{"embeddable":true,"href":"https:\/\/www.ocorreionews.com.br\/acervo-correio\/index.php?rest_route=%2Fwp%2Fv2%2Fcomments&post=228368"}],"version-history":[{"count":1,"href":"https:\/\/www.ocorreionews.com.br\/acervo-correio\/index.php?rest_route=\/wp\/v2\/posts\/228368\/revisions"}],"predecessor-version":[{"id":228369,"href":"https:\/\/www.ocorreionews.com.br\/acervo-correio\/index.php?rest_route=\/wp\/v2\/posts\/228368\/revisions\/228369"}],"wp:featuredmedia":[{"embeddable":true,"href":"https:\/\/www.ocorreionews.com.br\/acervo-correio\/index.php?rest_route=\/wp\/v2\/media\/201651"}],"wp:attachment":[{"href":"https:\/\/www.ocorreionews.com.br\/acervo-correio\/index.php?rest_route=%2Fwp%2Fv2%2Fmedia&parent=228368"}],"wp:term":[{"taxonomy":"category","embeddable":true,"href":"https:\/\/www.ocorreionews.com.br\/acervo-correio\/index.php?rest_route=%2Fwp%2Fv2%2Fcategories&post=228368"},{"taxonomy":"post_tag","embeddable":true,"href":"https:\/\/www.ocorreionews.com.br\/acervo-correio\/index.php?rest_route=%2Fwp%2Fv2%2Ftags&post=228368"}],"curies":[{"name":"wp","href":"https:\/\/api.w.org\/{rel}","templated":true}]}}