{"id":228444,"date":"2023-01-16T19:30:23","date_gmt":"2023-01-16T23:30:23","guid":{"rendered":"https:\/\/www.ocorreionews.com.br\/acervo-correio\/?p=228444"},"modified":"2023-01-17T08:20:14","modified_gmt":"2023-01-17T12:20:14","slug":"motociclista-morre-em-acidente-proximo-de-alcinopolis","status":"publish","type":"post","link":"https:\/\/www.ocorreionews.com.br\/acervo-correio\/?p=228444","title":{"rendered":"Motociclista morre em acidente pr\u00f3ximo de Alcin\u00f3polis"},"content":{"rendered":"<p>Sandro Jo\u00e3o da Silva, morador no munic\u00edpio de Alcin\u00f3polis, na\u00a0 zona rural morreu por volta das 15hs40 em um acidente na BR 359, pr\u00f3ximo ao povoado da Vila Belo Horizonte\u00a0 ap\u00f3s\u00a0 se envolver em um acidente com uma carreta carregada de combust\u00edvel. Sandro era\u00a0 ex-militar do 47\u00b0BI de Coxim.<\/p>\n<p>Segundo a Per\u00edcia Criminal, as causas do acidente ainda n\u00e3o foram apuradas. A hip\u00f3tese inicial \u00e9 que o motociclista estava parado no acostamento de uma curva de faixa cont\u00ednua. A v\u00edtima trabalhava numa fazenda em Alcin\u00f3polis e, segundo apurado pela reportagem, transportava o pagamento de um servi\u00e7o realizado na propriedade rural.<\/p>\n<p><a href=\"https:\/\/www.ocorreionews.com.br\/acervo-correio\/wp-content\/uploads\/2023\/01\/sandro-alci.jpg\"><img loading=\"lazy\" decoding=\"async\" class=\"size-full wp-image-228470\" src=\"https:\/\/www.ocorreionews.com.br\/acervo-correio\/wp-content\/uploads\/2023\/01\/sandro-alci.jpg\" alt=\"\" width=\"592\" height=\"364\" srcset=\"https:\/\/www.ocorreionews.com.br\/acervo-correio\/wp-content\/uploads\/2023\/01\/sandro-alci.jpg 592w, https:\/\/www.ocorreionews.com.br\/acervo-correio\/wp-content\/uploads\/2023\/01\/sandro-alci-300x184.jpg 300w\" sizes=\"auto, (max-width: 592px) 100vw, 592px\" \/><\/a><\/p>\n<p>A moto foi arrastado por cerca de 30 metros. O corpo e a motocicleta, uma Honda CG Fan, ficaram embaixo do ve\u00edculo.<\/p>\n<p>O corpo, que foi levado ao IML (Instituto M\u00e9dico Legal) de Costa Rica, foi jogado \u00e0s margens da rodovia e possu\u00eda diversas les\u00f5es graves. A v\u00edtima, que era de Pedro Gomes, morreu no momento da colis\u00e3o.<\/p>\n<p><a href=\"https:\/\/www.ocorreionews.com.br\/acervo-correio\/wp-content\/uploads\/2023\/01\/aci-alcinopolis-belo.png\"><img loading=\"lazy\" decoding=\"async\" class=\"alignnone size-full wp-image-228445\" src=\"https:\/\/www.ocorreionews.com.br\/acervo-correio\/wp-content\/uploads\/2023\/01\/aci-alcinopolis-belo.png\" alt=\"\" width=\"252\" height=\"356\" srcset=\"https:\/\/www.ocorreionews.com.br\/acervo-correio\/wp-content\/uploads\/2023\/01\/aci-alcinopolis-belo.png 252w, https:\/\/www.ocorreionews.com.br\/acervo-correio\/wp-content\/uploads\/2023\/01\/aci-alcinopolis-belo-212x300.png 212w\" sizes=\"auto, (max-width: 252px) 100vw, 252px\" \/><\/a><a href=\"https:\/\/www.ocorreionews.com.br\/acervo-correio\/wp-content\/uploads\/2023\/01\/aci-alcinopolis-belo2-2.png\"><img loading=\"lazy\" decoding=\"async\" class=\"alignnone size-full wp-image-228450\" src=\"https:\/\/www.ocorreionews.com.br\/acervo-correio\/wp-content\/uploads\/2023\/01\/aci-alcinopolis-belo2-2.png\" alt=\"\" width=\"400\" height=\"442\" srcset=\"https:\/\/www.ocorreionews.com.br\/acervo-correio\/wp-content\/uploads\/2023\/01\/aci-alcinopolis-belo2-2.png 400w, https:\/\/www.ocorreionews.com.br\/acervo-correio\/wp-content\/uploads\/2023\/01\/aci-alcinopolis-belo2-2-271x300.png 271w\" sizes=\"auto, (max-width: 400px) 100vw, 400px\" \/><\/a><\/p>\n<p>O caminh\u00e3o era dirigido por Ricardo Pereira Nantes, de 42 anos, e seguia com rumo \u00e0 Coxim, a cerca de 110 quil\u00f4metros dali. Ap\u00f3s o acidente, a press\u00e3o caiu e ele passou mal, o que exigiu que fosse para unidade de sa\u00fade em Alcin\u00f3polis.<\/p>\n<p>&nbsp;<\/p>\n<p>Por Guilherme Correia e Sidney Assis &#8211; CAMPO GRANDE NEWS<\/p>\n<p>&nbsp;<\/p>\n<p><span class=\"data fz12 black uppercase\">\u00a0<\/span><\/p>\n","protected":false},"excerpt":{"rendered":"<p>Sandro Jo\u00e3o da Silva, morador no munic\u00edpio de Alcin\u00f3polis, na\u00a0 zona rural morreu por volta das 15hs40 em um acidente na BR 359, pr\u00f3ximo ao povoado da Vila Belo Horizonte\u00a0 ap\u00f3s\u00a0 se envolver em um acidente com uma carreta carregada de combust\u00edvel. Sandro era\u00a0 ex-militar do 47\u00b0BI de Coxim. Segundo a Per\u00edcia Criminal, as causas [&hellip;]<\/p>\n","protected":false},"author":4,"featured_media":228469,"comment_status":"closed","ping_status":"closed","sticky":false,"template":"","format":"standard","meta":{"footnotes":""},"categories":[18,38],"tags":[],"class_list":["post-228444","post","type-post","status-publish","format-standard","has-post-thumbnail","hentry","category-alcinopolis","category-policia"],"_links":{"self":[{"href":"https:\/\/www.ocorreionews.com.br\/acervo-correio\/index.php?rest_route=\/wp\/v2\/posts\/228444","targetHints":{"allow":["GET"]}}],"collection":[{"href":"https:\/\/www.ocorreionews.com.br\/acervo-correio\/index.php?rest_route=\/wp\/v2\/posts"}],"about":[{"href":"https:\/\/www.ocorreionews.com.br\/acervo-correio\/index.php?rest_route=\/wp\/v2\/types\/post"}],"author":[{"embeddable":true,"href":"https:\/\/www.ocorreionews.com.br\/acervo-correio\/index.php?rest_route=\/wp\/v2\/users\/4"}],"replies":[{"embeddable":true,"href":"https:\/\/www.ocorreionews.com.br\/acervo-correio\/index.php?rest_route=%2Fwp%2Fv2%2Fcomments&post=228444"}],"version-history":[{"count":1,"href":"https:\/\/www.ocorreionews.com.br\/acervo-correio\/index.php?rest_route=\/wp\/v2\/posts\/228444\/revisions"}],"predecessor-version":[{"id":228495,"href":"https:\/\/www.ocorreionews.com.br\/acervo-correio\/index.php?rest_route=\/wp\/v2\/posts\/228444\/revisions\/228495"}],"wp:featuredmedia":[{"embeddable":true,"href":"https:\/\/www.ocorreionews.com.br\/acervo-correio\/index.php?rest_route=\/wp\/v2\/media\/228469"}],"wp:attachment":[{"href":"https:\/\/www.ocorreionews.com.br\/acervo-correio\/index.php?rest_route=%2Fwp%2Fv2%2Fmedia&parent=228444"}],"wp:term":[{"taxonomy":"category","embeddable":true,"href":"https:\/\/www.ocorreionews.com.br\/acervo-correio\/index.php?rest_route=%2Fwp%2Fv2%2Fcategories&post=228444"},{"taxonomy":"post_tag","embeddable":true,"href":"https:\/\/www.ocorreionews.com.br\/acervo-correio\/index.php?rest_route=%2Fwp%2Fv2%2Ftags&post=228444"}],"curies":[{"name":"wp","href":"https:\/\/api.w.org\/{rel}","templated":true}]}}