{"id":228515,"date":"2023-01-17T10:19:34","date_gmt":"2023-01-17T14:19:34","guid":{"rendered":"https:\/\/www.ocorreionews.com.br\/acervo-correio\/?p=228515"},"modified":"2023-01-17T10:19:34","modified_gmt":"2023-01-17T14:19:34","slug":"apos-pedido-de-prisao-feito-por-traficantes-ao-mpms-pms-de-campo-grande-sao-condenados","status":"publish","type":"post","link":"https:\/\/www.ocorreionews.com.br\/acervo-correio\/?p=228515","title":{"rendered":"Ap\u00f3s pedido de pris\u00e3o feito por traficantes ao MPMS, PMs de Campo Grande s\u00e3o condenados"},"content":{"rendered":"<div class=\"elementor-element elementor-element-33095f69 elementor-widget elementor-widget-theme-post-content\" data-id=\"33095f69\" data-element_type=\"widget\" data-widget_type=\"theme-post-content.default\">\n<div class=\"elementor-widget-container\">\n<p>Quatro policiais do Batalh\u00e3o de Choque foram condenados por les\u00e3o corporal contra um suspeito de tr\u00e1fico, em Campo Grande. Durante o processo, houve pedido de pris\u00e3o dos policiais e at\u00e9 a proibi\u00e7\u00e3o de que eles fizessem rondas no Jardim Aeroporto e Vila Popular.<\/p>\n<p>Em junho de 2022, o <strong>Midiamax <\/strong>noticiou o pedido da pris\u00e3o de PMs, feito pelo Minist\u00e9rio P\u00fablico de Mato Grosso do Sul, ap\u00f3s reclama\u00e7\u00e3o de traficantes. \u201cS\u00f3 faltava essa. Agora entregaram o bairro para os traficantes\u201d, relatou na \u00e9poca comerciante de um dos bairros.<\/p>\n<p>Ainda conforme apurado no processo, que tramita em sigilo, o caso come\u00e7ou quando os policiais realizaram abordagem a um casal suspeito de atuar no tr\u00e1fico de drogas. Assim, eles acabaram na casa da fam\u00edlia, que acusou os policiais de abuso e agress\u00e3o.<\/p>\n<p>Tamb\u00e9m segundo o relato do casal, havia crian\u00e7as na casa e os policiais do Choque foram violentos. Assim, de suspeitos, os dois, que t\u00eam passagem por narcotr\u00e1fico, viraram v\u00edtimas.<\/p>\n<p>Ent\u00e3o, denunciaram o caso e o Minist\u00e9rio P\u00fablico de Mato Grosso do Sul pediu a pris\u00e3o dos policiais. No entanto, o ju\u00edzo da Auditoria Militar n\u00e3o aceitou o pedido da promotoria para colocar os policiais atr\u00e1s das grades.<\/p>\n<p>Mesmo assim, aplicou medidas que restringiam temporariamente a a\u00e7\u00e3o dos quatro servidores p\u00fablicos estaduais da seguran\u00e7a p\u00fablica na regi\u00e3o. Foi o suficiente para que as &#8216;v\u00edtimas&#8217;, segundo relatos de comerciantes que atuam nas imedia\u00e7\u00f5es, supostamente comentassem a &#8216;blindagem&#8217;, em tom de comemora\u00e7\u00e3o.<\/p>\n<h3>Condenados por tr\u00eas crimes<\/h3>\n<p>Assim, conforme publica\u00e7\u00e3o no Di\u00e1rio da Justi\u00e7a, os quatro militares foram condenados por crimes de inj\u00faria, les\u00e3o corporal leve e invas\u00e3o a domic\u00edlio. Por cada crime, cumprir\u00e3o tr\u00eas meses em regime aberto, num total de 9 meses de pena.<\/p>\n<p>Apesar disso, foram absolvidos de les\u00e3o contra a mulher e o filho, uma crian\u00e7a que os pais alegaram que tamb\u00e9m teria sido agredida. Ainda segundo o juiz, n\u00e3o h\u00e1 provas suficientes desses crimes.<\/p>\n<p>Os policiais poder\u00e3o apelar em liberdade. A pena pode ser suspensa por dois anos, mediante cumprimento de servi\u00e7o comunit\u00e1rio. Ainda foram revogadas as medidas cautelares, sendo o \u2018afastamento\u2019 dos policiais dos bairros indicados na den\u00fancia.<\/p>\n<h3>Pedido de pris\u00e3o dos policiais militares<\/h3>\n<p>Ao avaliar o caso, o juiz Alexandre Antunes da Silva entendeu n\u00e3o haver elementos suficientes e negou o pedido da pris\u00e3o dos PMs, mas aplicou medidas restritivas.<\/p>\n<p>Entre elas, consta que os policiais est\u00e3o proibidos de &#8216;se aproximar dos ofendidos descritos no processo, de seus familiares e das testemunhas arroladas na a\u00e7\u00e3o, no limite m\u00ednimo de 500 metros&#8217;.<\/p>\n<p>&#8216;Est\u00e3o proibidos de manter qualquer tipo de contato com os mesmos e n\u00e3o podem tirar servi\u00e7o nas \u00e1reas de atua\u00e7\u00e3o compreendidas pelas resid\u00eancias das v\u00edtimas e testemunhas desse processo&#8217;, diz a decis\u00e3o sobre os policiais de Campo Grande.<\/p>\n<p>Ainda segundo a decis\u00e3o, o descumprimento das medidas restritivas aplicadas poderia acarretar convers\u00e3o em pris\u00e3o preventiva.<\/p>\n<p>O magistrado diz que n\u00e3o h\u00e1 rela\u00e7\u00e3o entre a decis\u00e3o e a suposta redu\u00e7\u00e3o no policiamento dos bairros denunciada por moradores.<\/p>\n<p>\u201cComo a situa\u00e7\u00e3o limita-se a apenas quatro policiais e envolve pessoas espec\u00edficas da comunidade que s\u00e3o ofendidos ou testemunhas desta a\u00e7\u00e3o, logo, torna-se evidente que a decis\u00e3o do magistrado n\u00e3o \u00e9 capaz de causar um impacto significativo no policiamento da regi\u00e3o\u201d, respondeu o juiz por meio da assessoria de imprensa do TJMS (Tribunal de Justi\u00e7a de Mato Grosso do Sul).<\/p>\n<h3 id=\"h-pcc-comemorou-nos-grupos-do-whatsapp\">PCC comemorou nos grupos do WhatsApp<\/h3>\n<p>Em grupo de WhatsApp, supostos integrantes do PCC disseram na \u00e9poca que membro do MP respons\u00e1vel por pedir a pris\u00e3o de policiais do Batalh\u00e3o de Choque \u201ct\u00e1 fechado\u201d com eles.<\/p>\n<p>A inten\u00e7\u00e3o ainda seria de pedir para que ele solicitasse transfer\u00eancia dos \u2018irm\u00e3os\u2019 que atualmente est\u00e3o encarcerados no Pres\u00eddio de Regime Fechado da Gameleira.<\/p>\n<p>\u201cEssa nossa que fecha com o 1533, ela que afastou os vermes. Esses dias n\u00f3s com os gravatas, para levar uns nomes dos irm\u00e3os que est\u00e3o na super m\u00e1xima. Para ela ver os processos deles, para tentar fazer transfer\u00eancia dos irm\u00e3os por cadeia aqui na M\u00e1xima (sic)\u201d, diz mensagem de um dos integrantes do grupo.<\/p>\n<p>Os membros ainda trocam fotos de armas e figurinhas, comemorando o pedido de pris\u00e3o feito pelo MPMS contra quatro policiais do Batalh\u00e3o de Choque.<\/p>\n<div class=\"elementor-element elementor-element-1944f35 post-author elementor-widget__width-auto elementor-widget elementor-widget-shortcode\" data-id=\"1944f35\" data-element_type=\"widget\" data-widget_type=\"shortcode.default\">\n<div class=\"elementor-widget-container\">\n<div class=\"elementor-shortcode\">Renata Portela<\/div>\n<\/div>\n<\/div>\n<div class=\"elementor-element elementor-element-ec9eab2 elementor-widget__width-auto elementor-widget elementor-widget-text-editor\" data-id=\"ec9eab2\" data-element_type=\"widget\" data-widget_type=\"text-editor.default\">\n<div class=\"elementor-widget-container\">&#8211; midiamax<\/div>\n<\/div>\n<\/div>\n<\/div>\n","protected":false},"excerpt":{"rendered":"<p>Quatro policiais do Batalh\u00e3o de Choque foram condenados por les\u00e3o corporal contra um suspeito de tr\u00e1fico, em Campo Grande. Durante o processo, houve pedido de pris\u00e3o dos policiais e at\u00e9 a proibi\u00e7\u00e3o de que eles fizessem rondas no Jardim Aeroporto e Vila Popular. Em junho de 2022, o Midiamax noticiou o pedido da pris\u00e3o de [&hellip;]<\/p>\n","protected":false},"author":4,"featured_media":228516,"comment_status":"closed","ping_status":"closed","sticky":false,"template":"","format":"standard","meta":{"footnotes":""},"categories":[38],"tags":[],"class_list":["post-228515","post","type-post","status-publish","format-standard","has-post-thumbnail","hentry","category-policia"],"_links":{"self":[{"href":"https:\/\/www.ocorreionews.com.br\/acervo-correio\/index.php?rest_route=\/wp\/v2\/posts\/228515","targetHints":{"allow":["GET"]}}],"collection":[{"href":"https:\/\/www.ocorreionews.com.br\/acervo-correio\/index.php?rest_route=\/wp\/v2\/posts"}],"about":[{"href":"https:\/\/www.ocorreionews.com.br\/acervo-correio\/index.php?rest_route=\/wp\/v2\/types\/post"}],"author":[{"embeddable":true,"href":"https:\/\/www.ocorreionews.com.br\/acervo-correio\/index.php?rest_route=\/wp\/v2\/users\/4"}],"replies":[{"embeddable":true,"href":"https:\/\/www.ocorreionews.com.br\/acervo-correio\/index.php?rest_route=%2Fwp%2Fv2%2Fcomments&post=228515"}],"version-history":[{"count":1,"href":"https:\/\/www.ocorreionews.com.br\/acervo-correio\/index.php?rest_route=\/wp\/v2\/posts\/228515\/revisions"}],"predecessor-version":[{"id":228517,"href":"https:\/\/www.ocorreionews.com.br\/acervo-correio\/index.php?rest_route=\/wp\/v2\/posts\/228515\/revisions\/228517"}],"wp:featuredmedia":[{"embeddable":true,"href":"https:\/\/www.ocorreionews.com.br\/acervo-correio\/index.php?rest_route=\/wp\/v2\/media\/228516"}],"wp:attachment":[{"href":"https:\/\/www.ocorreionews.com.br\/acervo-correio\/index.php?rest_route=%2Fwp%2Fv2%2Fmedia&parent=228515"}],"wp:term":[{"taxonomy":"category","embeddable":true,"href":"https:\/\/www.ocorreionews.com.br\/acervo-correio\/index.php?rest_route=%2Fwp%2Fv2%2Fcategories&post=228515"},{"taxonomy":"post_tag","embeddable":true,"href":"https:\/\/www.ocorreionews.com.br\/acervo-correio\/index.php?rest_route=%2Fwp%2Fv2%2Ftags&post=228515"}],"curies":[{"name":"wp","href":"https:\/\/api.w.org\/{rel}","templated":true}]}}