{"id":228518,"date":"2023-01-17T10:26:02","date_gmt":"2023-01-17T14:26:02","guid":{"rendered":"https:\/\/www.ocorreionews.com.br\/acervo-correio\/?p=228518"},"modified":"2023-01-17T10:26:02","modified_gmt":"2023-01-17T14:26:02","slug":"john-deere-demite-80-funcionarios-em-catalao","status":"publish","type":"post","link":"https:\/\/www.ocorreionews.com.br\/acervo-correio\/?p=228518","title":{"rendered":"John Deere demite 80 funcion\u00e1rios em Catal\u00e3o"},"content":{"rendered":"<p dir=\"ltr\">Na manh\u00e3 desta ter\u00e7a-feira (17), a filial da John Deere de Catal\u00e3o est\u00e1 realizando a demiss\u00e3o em massa de aproximadamente 80 funcion\u00e1rios.<\/p>\n<p dir=\"ltr\">Algumas informa\u00e7\u00f5es de fontes n\u00e3o oficiais apontam que o motivo da redu\u00e7\u00e3o no quadro de funcion\u00e1rios est\u00e1 vinculado ao fato de que a empresa ter\u00e1 uma diminui\u00e7\u00e3o na fabrica\u00e7\u00e3o de maquin\u00e1rios.<\/p>\n<p dir=\"ltr\">Por <strong>Giovanna Mendon\u00e7a<\/strong> olhagoi\u00e1s<\/p>\n","protected":false},"excerpt":{"rendered":"<p>Na manh\u00e3 desta ter\u00e7a-feira (17), a filial da John Deere de Catal\u00e3o est\u00e1 realizando a demiss\u00e3o em massa de aproximadamente 80 funcion\u00e1rios. Algumas informa\u00e7\u00f5es de fontes n\u00e3o oficiais apontam que o motivo da redu\u00e7\u00e3o no quadro de funcion\u00e1rios est\u00e1 vinculado ao fato de que a empresa ter\u00e1 uma diminui\u00e7\u00e3o na fabrica\u00e7\u00e3o de maquin\u00e1rios. Por Giovanna [&hellip;]<\/p>\n","protected":false},"author":4,"featured_media":228519,"comment_status":"closed","ping_status":"closed","sticky":false,"template":"","format":"standard","meta":{"footnotes":""},"categories":[26],"tags":[],"class_list":["post-228518","post","type-post","status-publish","format-standard","has-post-thumbnail","hentry","category-economia"],"_links":{"self":[{"href":"https:\/\/www.ocorreionews.com.br\/acervo-correio\/index.php?rest_route=\/wp\/v2\/posts\/228518","targetHints":{"allow":["GET"]}}],"collection":[{"href":"https:\/\/www.ocorreionews.com.br\/acervo-correio\/index.php?rest_route=\/wp\/v2\/posts"}],"about":[{"href":"https:\/\/www.ocorreionews.com.br\/acervo-correio\/index.php?rest_route=\/wp\/v2\/types\/post"}],"author":[{"embeddable":true,"href":"https:\/\/www.ocorreionews.com.br\/acervo-correio\/index.php?rest_route=\/wp\/v2\/users\/4"}],"replies":[{"embeddable":true,"href":"https:\/\/www.ocorreionews.com.br\/acervo-correio\/index.php?rest_route=%2Fwp%2Fv2%2Fcomments&post=228518"}],"version-history":[{"count":1,"href":"https:\/\/www.ocorreionews.com.br\/acervo-correio\/index.php?rest_route=\/wp\/v2\/posts\/228518\/revisions"}],"predecessor-version":[{"id":228520,"href":"https:\/\/www.ocorreionews.com.br\/acervo-correio\/index.php?rest_route=\/wp\/v2\/posts\/228518\/revisions\/228520"}],"wp:featuredmedia":[{"embeddable":true,"href":"https:\/\/www.ocorreionews.com.br\/acervo-correio\/index.php?rest_route=\/wp\/v2\/media\/228519"}],"wp:attachment":[{"href":"https:\/\/www.ocorreionews.com.br\/acervo-correio\/index.php?rest_route=%2Fwp%2Fv2%2Fmedia&parent=228518"}],"wp:term":[{"taxonomy":"category","embeddable":true,"href":"https:\/\/www.ocorreionews.com.br\/acervo-correio\/index.php?rest_route=%2Fwp%2Fv2%2Fcategories&post=228518"},{"taxonomy":"post_tag","embeddable":true,"href":"https:\/\/www.ocorreionews.com.br\/acervo-correio\/index.php?rest_route=%2Fwp%2Fv2%2Ftags&post=228518"}],"curies":[{"name":"wp","href":"https:\/\/api.w.org\/{rel}","templated":true}]}}