{"id":228529,"date":"2023-01-17T14:03:26","date_gmt":"2023-01-17T18:03:26","guid":{"rendered":"https:\/\/www.ocorreionews.com.br\/acervo-correio\/?p=228529"},"modified":"2023-01-17T14:11:31","modified_gmt":"2023-01-17T18:11:31","slug":"campeonato-sul-mato-grossense-2023-de-futebol-e-lancado-oficialmente","status":"publish","type":"post","link":"https:\/\/www.ocorreionews.com.br\/acervo-correio\/?p=228529","title":{"rendered":"Campeonato Sul-Mato-Grossense 2023 de futebol \u00e9 lan\u00e7ado oficialmente"},"content":{"rendered":"<div id=\"chunk-782dn\">\n<div class=\"mc-column content-text active-extra-styles \" data-block-type=\"unstyled\" data-block-weight=\"49\" data-block-id=\"3\">\n<p class=\"content-text__container \" data-track-category=\"Link no Texto\" data-track-links=\"\">O lan\u00e7a,menampeonato Sul-Mato-Grossense 2023 ocorreu na noite desta segunda-feira (16), em Campo Grande. Conforme tabela oficial, divulgada pela Federa\u00e7\u00e3o de Futebol de Mato Grosso do Sul (FFMS), o campeonato tem in\u00edcio no domingo (22) e tem previs\u00e3o de t\u00e9rmino em 30 de abril.<\/p>\n<p data-track-category=\"Link no Texto\" data-track-links=\"\">\n<\/div>\n<\/div>\n<div class=\"wall protected-content\">\n<div id=\"chunk-3bhqf\">\n<div class=\"mc-column content-text active-extra-styles \" data-block-type=\"unstyled\" data-block-weight=\"12\" data-block-id=\"4\">\n<p class=\"content-text__container \" data-track-category=\"Link no Texto\" data-track-links=\"\"><span class=\"highlight highlighted\">Ao todo, participam 10 equipes, divididas em dois grupos na primeira fase<\/span>.<\/p>\n<p data-track-category=\"Link no Texto\" data-track-links=\"\">\n<\/div>\n<\/div>\n<div id=\"chunk-8gmc7\">\n<div class=\"mc-column content-text active-extra-styles \" data-block-type=\"unstyled\" data-block-weight=\"33\" data-block-id=\"5\">\n<p class=\"content-text__container \" data-track-category=\"Link no Texto\" data-track-links=\"\">O grupo A tem Costa Rica Esporte Clube (Costa Rica), Oper\u00e1rio Futebol Clube (Campo Grande), Esporte Clube Comercial (Campo Grande), Sociedade Esportiva Recreativa Chapad\u00e3o (Chapad\u00e3o do Sul) e Coxim Atl\u00e9tico Clube (Coxim).<\/p>\n<p data-track-category=\"Link no Texto\" data-track-links=\"\">\n<\/div>\n<\/div>\n<div id=\"chunk-8rpk4\">\n<div class=\"mc-column content-text active-extra-styles \" data-block-type=\"unstyled\" data-block-weight=\"28\" data-block-id=\"6\">\n<p class=\"content-text__container \" data-track-category=\"Link no Texto\" data-track-links=\"\">J\u00e1 a chave B \u00e9 composta por Dourados Atl\u00e9tico Clube (Dourados), Aquidauanense Futebol Clube (Aquidauana), Oper\u00e1rio Atl\u00e9tico Caarapoense (Caarap\u00f3), Novo Futebol Clube (Sidrol\u00e2ndia) e Ivinhema Futebol Clube (Ivinhema).<\/p>\n<p data-track-category=\"Link no Texto\" data-track-links=\"\">\n<\/div>\n<\/div>\n<div id=\"chunk-b0s4\">\n<div class=\"mc-column content-text active-extra-styles \" data-block-type=\"unstyled\" data-block-weight=\"46\" data-block-id=\"8\">\n<p class=\"content-text__container \" data-track-category=\"Link no Texto\" data-track-links=\"\">Na fase classificat\u00f3ria, todos se enfrentam dentro do grupo, em turno e returno. Os quatro melhores de cada chave avan\u00e7am para as quartas de final, depois semifinal e final, com partidas de ida e volta. <span class=\"highlight highlighted\">O pior time de cada grupo na primeira fase ser\u00e1 rebaixado<\/span>.<\/p>\n<p data-track-category=\"Link no Texto\" data-track-links=\"\">\n<\/div>\n<\/div>\n<div id=\"chunk-3hpc3\">\n<div class=\"row medium-uncollapsed content-media content-photo\" data-block-type=\"backstage-photo\" data-block-id=\"9\">\n<div class=\"mc-column content-media__container\">\n<div class=\"content-media-container glb-skeleton-box\">\n<figure class=\"content-media-figure\">\n<p><figure id=\"attachment_228532\" aria-describedby=\"caption-attachment-228532\" style=\"width: 660px\" class=\"wp-caption alignnone\"><a href=\"https:\/\/www.ocorreionews.com.br\/acervo-correio\/wp-content\/uploads\/2023\/01\/crec-x-serc.jpg\"><img loading=\"lazy\" decoding=\"async\" class=\"size-full wp-image-228532\" src=\"https:\/\/www.ocorreionews.com.br\/acervo-correio\/wp-content\/uploads\/2023\/01\/crec-x-serc.jpg\" alt=\"\" width=\"660\" height=\"405\" srcset=\"https:\/\/www.ocorreionews.com.br\/acervo-correio\/wp-content\/uploads\/2023\/01\/crec-x-serc.jpg 660w, https:\/\/www.ocorreionews.com.br\/acervo-correio\/wp-content\/uploads\/2023\/01\/crec-x-serc-300x184.jpg 300w\" sizes=\"auto, (max-width: 660px) 100vw, 660px\" \/><\/a><figcaption id=\"caption-attachment-228532\" class=\"wp-caption-text\">Foto Arquivo: Classico entre o CREC contra a SERC de Chapad\u00e3o do Sul marcam a primeira rodada do Estadual 2023, no Est\u00e1dio Laert\u00e3o em Costa Rica<\/figcaption><\/figure><\/figure>\n<\/div>\n<p class=\"content-media__description \">]<\/p>\n<p>&nbsp;<\/p>\n<\/div>\n<\/div>\n<\/div>\n<div id=\"chunk-e4c2s\">\n<div class=\"mc-column content-text active-extra-styles \" data-block-type=\"unstyled\" data-block-weight=\"28\" data-block-id=\"10\">\n<p class=\"content-text__container \" data-track-category=\"Link no Texto\" data-track-links=\"\">Neste ano, o vencedor e o vice-campe\u00e3o representar\u00e3o Mato Grosso do Sul na Copa do Brasil em 2024. O Oper\u00e1rio, de Campo Grande, \u00e9 o atual campe\u00e3o.<\/p>\n<p data-track-category=\"Link no Texto\" data-track-links=\"\">\n<\/div>\n<\/div>\n<div id=\"chunk-ghrd\">\n<div class=\"mc-column content-text active-extra-styles \" data-block-type=\"unstyled\" data-block-weight=\"46\" data-block-id=\"11\">\n<p class=\"content-text__container \" data-track-category=\"Link no Texto\" data-track-links=\"\">Na S\u00e9rie D do Campeonato Brasileiro, apenas o campe\u00e3o estadual tem direito \u00e0 vaga no ano que vem, segundo regulamento da Confedera\u00e7\u00e3o Brasileira de Futebol (CBF). A cerim\u00f4nia teve a presen\u00e7a de dirigentes de futebol, patrocinadores, pol\u00edticos e membros da imprensa esportiva, em Campo Grande.<\/p>\n<p data-track-category=\"Link no Texto\" data-track-links=\"\">\n<\/div>\n<\/div>\n<\/div>\n<p data-track-category=\"Link no Texto\" data-track-links=\"\">Por ge MS<\/p>\n","protected":false},"excerpt":{"rendered":"<p>O lan\u00e7a,menampeonato Sul-Mato-Grossense 2023 ocorreu na noite desta segunda-feira (16), em Campo Grande. Conforme tabela oficial, divulgada pela Federa\u00e7\u00e3o de Futebol de Mato Grosso do Sul (FFMS), o campeonato tem in\u00edcio no domingo (22) e tem previs\u00e3o de t\u00e9rmino em 30 de abril. Ao todo, participam 10 equipes, divididas em dois grupos na primeira fase. [&hellip;]<\/p>\n","protected":false},"author":5,"featured_media":228531,"comment_status":"closed","ping_status":"closed","sticky":false,"template":"","format":"standard","meta":{"footnotes":""},"categories":[29],"tags":[],"class_list":["post-228529","post","type-post","status-publish","format-standard","has-post-thumbnail","hentry","category-esporte"],"_links":{"self":[{"href":"https:\/\/www.ocorreionews.com.br\/acervo-correio\/index.php?rest_route=\/wp\/v2\/posts\/228529","targetHints":{"allow":["GET"]}}],"collection":[{"href":"https:\/\/www.ocorreionews.com.br\/acervo-correio\/index.php?rest_route=\/wp\/v2\/posts"}],"about":[{"href":"https:\/\/www.ocorreionews.com.br\/acervo-correio\/index.php?rest_route=\/wp\/v2\/types\/post"}],"author":[{"embeddable":true,"href":"https:\/\/www.ocorreionews.com.br\/acervo-correio\/index.php?rest_route=\/wp\/v2\/users\/5"}],"replies":[{"embeddable":true,"href":"https:\/\/www.ocorreionews.com.br\/acervo-correio\/index.php?rest_route=%2Fwp%2Fv2%2Fcomments&post=228529"}],"version-history":[{"count":1,"href":"https:\/\/www.ocorreionews.com.br\/acervo-correio\/index.php?rest_route=\/wp\/v2\/posts\/228529\/revisions"}],"predecessor-version":[{"id":228536,"href":"https:\/\/www.ocorreionews.com.br\/acervo-correio\/index.php?rest_route=\/wp\/v2\/posts\/228529\/revisions\/228536"}],"wp:featuredmedia":[{"embeddable":true,"href":"https:\/\/www.ocorreionews.com.br\/acervo-correio\/index.php?rest_route=\/wp\/v2\/media\/228531"}],"wp:attachment":[{"href":"https:\/\/www.ocorreionews.com.br\/acervo-correio\/index.php?rest_route=%2Fwp%2Fv2%2Fmedia&parent=228529"}],"wp:term":[{"taxonomy":"category","embeddable":true,"href":"https:\/\/www.ocorreionews.com.br\/acervo-correio\/index.php?rest_route=%2Fwp%2Fv2%2Fcategories&post=228529"},{"taxonomy":"post_tag","embeddable":true,"href":"https:\/\/www.ocorreionews.com.br\/acervo-correio\/index.php?rest_route=%2Fwp%2Fv2%2Ftags&post=228529"}],"curies":[{"name":"wp","href":"https:\/\/api.w.org\/{rel}","templated":true}]}}