{"id":228530,"date":"2023-01-17T14:25:56","date_gmt":"2023-01-17T18:25:56","guid":{"rendered":"https:\/\/www.ocorreionews.com.br\/acervo-correio\/?p=228530"},"modified":"2023-01-17T14:25:56","modified_gmt":"2023-01-17T18:25:56","slug":"plano-municipal-de-qualificacao-e-gestao-inicia-2023-com-curso-gratuito-de-informatica","status":"publish","type":"post","link":"https:\/\/www.ocorreionews.com.br\/acervo-correio\/?p=228530","title":{"rendered":"Plano Municipal de Qualifica\u00e7\u00e3o e Gest\u00e3o inicia 2023 com curso gratuito de Inform\u00e1tica"},"content":{"rendered":"<p>A Prefeitura de Chapad\u00e3o do Sul, atrav\u00e9s da SEDEMA, Secretaria de Desenvolvimento Econ\u00f4mico e Meio Ambiente, em parceria com o Sindicato Rural de Chapad\u00e3o do Sul e SENAR-MS realizar\u00e1 a primeira capacita\u00e7\u00e3o de 2023, oferecendo a popula\u00e7\u00e3o o curso de INCLUS\u00c3O DIGITAL RURAL, ser\u00e1 realizado entre os dias 30 a 31\/01\/2023; 02 dias de curso em per\u00edodo integral; carga hor\u00e1ria de 16h, na Sala de Treinamentos da Rodovi\u00e1ria.<\/p>\n<p>Objetivo do curso: Atualizar e melhorar o curr\u00edculo dos inscritos a fim de facilitar a inser\u00e7\u00e3o no mercado de trabalho.<\/p>\n<p><u>Requisitos:<\/u><\/p>\n<p>&#8211; Idade m\u00ednima 14 anos<\/p>\n<p>&#8211; Ter conclu\u00eddo o 5\u00ba ano do Ensino Fundamental<\/p>\n<p>As inscri\u00e7\u00f5es podem ser feitas pelo WhatsApp: 67 99618-3431 ou na SEDEMA das 07h \u00e0s 13h MS, na Avenida Onze, n. 1045 \u2013 Centro.<\/p>\n<p>Este curso integra o Plano Municipal de Qualifica\u00e7\u00e3o e Gest\u00e3o criado pela Secretaria municipal de Desenvolvimento Econ\u00f4mico e Meio Ambiente.<\/p>\n<p>O plano segue com o objetivo inicial de capacitar a popula\u00e7\u00e3o e abastecer o mercado de trabalho local com m\u00e3o de obra qualificada, garantindo emprego e renda e contribuindo para o crescimento da economia do munic\u00edpio.<\/p>\n<p>#planomunicipaldequalificacaoegestao<\/p>\n<p>ASCOM<\/p>\n","protected":false},"excerpt":{"rendered":"<p>A Prefeitura de Chapad\u00e3o do Sul, atrav\u00e9s da SEDEMA, Secretaria de Desenvolvimento Econ\u00f4mico e Meio Ambiente, em parceria com o Sindicato Rural de Chapad\u00e3o do Sul e SENAR-MS realizar\u00e1 a primeira capacita\u00e7\u00e3o de 2023, oferecendo a popula\u00e7\u00e3o o curso de INCLUS\u00c3O DIGITAL RURAL, ser\u00e1 realizado entre os dias 30 a 31\/01\/2023; 02 dias de curso [&hellip;]<\/p>\n","protected":false},"author":4,"featured_media":228542,"comment_status":"closed","ping_status":"closed","sticky":false,"template":"","format":"standard","meta":{"footnotes":""},"categories":[23],"tags":[],"class_list":["post-228530","post","type-post","status-publish","format-standard","has-post-thumbnail","hentry","category-chapadao-do-sul"],"_links":{"self":[{"href":"https:\/\/www.ocorreionews.com.br\/acervo-correio\/index.php?rest_route=\/wp\/v2\/posts\/228530","targetHints":{"allow":["GET"]}}],"collection":[{"href":"https:\/\/www.ocorreionews.com.br\/acervo-correio\/index.php?rest_route=\/wp\/v2\/posts"}],"about":[{"href":"https:\/\/www.ocorreionews.com.br\/acervo-correio\/index.php?rest_route=\/wp\/v2\/types\/post"}],"author":[{"embeddable":true,"href":"https:\/\/www.ocorreionews.com.br\/acervo-correio\/index.php?rest_route=\/wp\/v2\/users\/4"}],"replies":[{"embeddable":true,"href":"https:\/\/www.ocorreionews.com.br\/acervo-correio\/index.php?rest_route=%2Fwp%2Fv2%2Fcomments&post=228530"}],"version-history":[{"count":1,"href":"https:\/\/www.ocorreionews.com.br\/acervo-correio\/index.php?rest_route=\/wp\/v2\/posts\/228530\/revisions"}],"predecessor-version":[{"id":228543,"href":"https:\/\/www.ocorreionews.com.br\/acervo-correio\/index.php?rest_route=\/wp\/v2\/posts\/228530\/revisions\/228543"}],"wp:featuredmedia":[{"embeddable":true,"href":"https:\/\/www.ocorreionews.com.br\/acervo-correio\/index.php?rest_route=\/wp\/v2\/media\/228542"}],"wp:attachment":[{"href":"https:\/\/www.ocorreionews.com.br\/acervo-correio\/index.php?rest_route=%2Fwp%2Fv2%2Fmedia&parent=228530"}],"wp:term":[{"taxonomy":"category","embeddable":true,"href":"https:\/\/www.ocorreionews.com.br\/acervo-correio\/index.php?rest_route=%2Fwp%2Fv2%2Fcategories&post=228530"},{"taxonomy":"post_tag","embeddable":true,"href":"https:\/\/www.ocorreionews.com.br\/acervo-correio\/index.php?rest_route=%2Fwp%2Fv2%2Ftags&post=228530"}],"curies":[{"name":"wp","href":"https:\/\/api.w.org\/{rel}","templated":true}]}}