{"id":228537,"date":"2023-01-17T14:19:36","date_gmt":"2023-01-17T18:19:36","guid":{"rendered":"https:\/\/www.ocorreionews.com.br\/acervo-correio\/?p=228537"},"modified":"2023-01-17T14:35:41","modified_gmt":"2023-01-17T18:35:41","slug":"comeca-nesta-quarta-feira-as-matriculas-da-rede-municipal-de-ensino-de-chapadao-do-sul","status":"publish","type":"post","link":"https:\/\/www.ocorreionews.com.br\/acervo-correio\/?p=228537","title":{"rendered":"Come\u00e7a nesta quarta-feira as matriculas da Rede Municipal de Ensino de Chapad\u00e3o do Sul"},"content":{"rendered":"<p style=\"font-weight: 400;\">Come\u00e7a nesta quarta-feira as novas matr\u00edculas e rematr\u00edculas para o ano letivo de 2023 na Rede Municipal de Ensino. Por isso, aos pais e respons\u00e1veis a orienta\u00e7\u00e3o \u00e9 atentar-se \u00e0s datas para que possam garantir as vagas nas escolas municipais.<\/p>\n<p style=\"font-weight: 400;\">Na\u00a0<b><strong>Educa\u00e7\u00e3o Infantil<\/strong><\/b>, que s\u00e3o as Creches e Pr\u00e9-escola, para matr\u00edculas novas em per\u00edodo parcial entre os dias 18 a 20 de janeiro, nas unidades de ensino.<\/p>\n<p style=\"font-weight: 400;\">Caso, a solicita\u00e7\u00e3o seja para vaga nova em per\u00edodo integral ser\u00e1 realizada apenas na Secretaria de Educa\u00e7\u00e3o e Cultura (SEMEC) entre os dias 24 a 26 de janeiro de 2023, no Pa\u00e7o Municipal.<\/p>\n<p style=\"font-weight: 400;\">Para o\u00a0<b><strong>Ensino Fundamental<\/strong><\/b>, nos dias 18 a 19 de janeiro de 2023 s\u00e3o destinados para rematr\u00edculas das turmas do 3\u00ba ano, 4\u00ba ano e 5\u00ba ano.<\/p>\n<p style=\"font-weight: 400;\">Para o dia 23 de janeiro as turmas dos 6\u00ba ano e 7\u00ba ano.\u00a0 J\u00e1 para o 8\u00ba ano e 9\u00ba ano a data ser\u00e1 24 de janeiro de 2023.<\/p>\n<p style=\"font-weight: 400;\">Novas Matr\u00edculas para as turmas do\u00a0<b><strong>1\u00ba ano ao 9\u00ba ano<\/strong><\/b>\u00a0nos dias 26 a 27 de janeiro de 2023.<\/p>\n<p style=\"font-weight: 400;\">Se o seu t\u00edtulo de eleitor n\u00e3o \u00e9 daqui, aproveite para transferir e contribuir para a educa\u00e7\u00e3o do seu filho.<\/p>\n<p style=\"font-weight: 400;\"><b><strong>IMPORTANTE:<\/strong><\/b><\/p>\n<p style=\"font-weight: 400;\">HOR\u00c1RIOS DE ATENDIMENTO nos CEIS e ESCOLAS:<\/p>\n<p style=\"font-weight: 400;\">Manh\u00e3: 7 \u00e0s 11 horas<\/p>\n<p style=\"font-weight: 400;\">Tarde:\u00a013\u00a0\u00e0s\u00a017\u00a0horas<\/p>\n<p>&nbsp;<\/p>\n<p>&nbsp;<\/p>\n<p>*Assecom PMCS<\/p>\n<p>&nbsp;<\/p>\n","protected":false},"excerpt":{"rendered":"<p>Come\u00e7a nesta quarta-feira as novas matr\u00edculas e rematr\u00edculas para o ano letivo de 2023 na Rede Municipal de Ensino. Por isso, aos pais e respons\u00e1veis a orienta\u00e7\u00e3o \u00e9 atentar-se \u00e0s datas para que possam garantir as vagas nas escolas municipais. Na\u00a0Educa\u00e7\u00e3o Infantil, que s\u00e3o as Creches e Pr\u00e9-escola, para matr\u00edculas novas em per\u00edodo parcial entre [&hellip;]<\/p>\n","protected":false},"author":5,"featured_media":228544,"comment_status":"closed","ping_status":"closed","sticky":false,"template":"","format":"standard","meta":{"footnotes":""},"categories":[23,41],"tags":[],"class_list":["post-228537","post","type-post","status-publish","format-standard","has-post-thumbnail","hentry","category-chapadao-do-sul","category-destaque"],"_links":{"self":[{"href":"https:\/\/www.ocorreionews.com.br\/acervo-correio\/index.php?rest_route=\/wp\/v2\/posts\/228537","targetHints":{"allow":["GET"]}}],"collection":[{"href":"https:\/\/www.ocorreionews.com.br\/acervo-correio\/index.php?rest_route=\/wp\/v2\/posts"}],"about":[{"href":"https:\/\/www.ocorreionews.com.br\/acervo-correio\/index.php?rest_route=\/wp\/v2\/types\/post"}],"author":[{"embeddable":true,"href":"https:\/\/www.ocorreionews.com.br\/acervo-correio\/index.php?rest_route=\/wp\/v2\/users\/5"}],"replies":[{"embeddable":true,"href":"https:\/\/www.ocorreionews.com.br\/acervo-correio\/index.php?rest_route=%2Fwp%2Fv2%2Fcomments&post=228537"}],"version-history":[{"count":1,"href":"https:\/\/www.ocorreionews.com.br\/acervo-correio\/index.php?rest_route=\/wp\/v2\/posts\/228537\/revisions"}],"predecessor-version":[{"id":228550,"href":"https:\/\/www.ocorreionews.com.br\/acervo-correio\/index.php?rest_route=\/wp\/v2\/posts\/228537\/revisions\/228550"}],"wp:featuredmedia":[{"embeddable":true,"href":"https:\/\/www.ocorreionews.com.br\/acervo-correio\/index.php?rest_route=\/wp\/v2\/media\/228544"}],"wp:attachment":[{"href":"https:\/\/www.ocorreionews.com.br\/acervo-correio\/index.php?rest_route=%2Fwp%2Fv2%2Fmedia&parent=228537"}],"wp:term":[{"taxonomy":"category","embeddable":true,"href":"https:\/\/www.ocorreionews.com.br\/acervo-correio\/index.php?rest_route=%2Fwp%2Fv2%2Fcategories&post=228537"},{"taxonomy":"post_tag","embeddable":true,"href":"https:\/\/www.ocorreionews.com.br\/acervo-correio\/index.php?rest_route=%2Fwp%2Fv2%2Ftags&post=228537"}],"curies":[{"name":"wp","href":"https:\/\/api.w.org\/{rel}","templated":true}]}}