{"id":229268,"date":"2023-01-25T09:32:24","date_gmt":"2023-01-25T13:32:24","guid":{"rendered":"https:\/\/www.ocorreionews.com.br\/acervo-correio\/?p=229268"},"modified":"2023-01-25T09:32:24","modified_gmt":"2023-01-25T13:32:24","slug":"denuncias-envolvendo-criancas-e-adolescentes-lideram-ligacoes-do-disque-100-em-ms","status":"publish","type":"post","link":"https:\/\/www.ocorreionews.com.br\/acervo-correio\/?p=229268","title":{"rendered":"Den\u00fancias envolvendo crian\u00e7as e adolescentes lideram liga\u00e7\u00f5es do Disque 100 em MS"},"content":{"rendered":"<p>Mato Grosso do Sul registrou 1.862 den\u00fancias realizadas no Disque 100 no ano passado. Do n\u00famero total, situa\u00e7\u00f5es envolvendo crian\u00e7as e adolescentes somaram 918 contatos, liderando os casos denunciados dentro do Estado &#8211; s\u00e3o 49% das den\u00fancias.<\/p>\n<p>Os dados s\u00e3o acompanhados pela Sead (Secretaria de Estado de Assist\u00eancia Social e dos Direitos Humanos), que fez o levantamento e aponta ainda que as situa\u00e7\u00f5es envolvendo crian\u00e7as e adolescentes est\u00e3o no topo da lista tamb\u00e9m em 2021.<\/p>\n<p>Durante 2022, esses casos ficaram \u00e0 frente das den\u00fancias envolvendo idosos (733 casos) e pessoas com defici\u00eancia (101). Liga\u00e7\u00f5es apontando para casos com mulheres, LGBTQIA+ e pessoas negras tamb\u00e9m constam no monitoramento.<\/p>\n<figure id=\"attachment_229274\" aria-describedby=\"caption-attachment-229274\" style=\"width: 1024px\" class=\"wp-caption alignnone\"><a href=\"https:\/\/www.ocorreionews.com.br\/acervo-correio\/wp-content\/uploads\/2023\/01\/post_denuncias-CADH_-1024x481-1.png\"><img loading=\"lazy\" decoding=\"async\" class=\"size-full wp-image-229274\" src=\"https:\/\/www.ocorreionews.com.br\/acervo-correio\/wp-content\/uploads\/2023\/01\/post_denuncias-CADH_-1024x481-1.png\" alt=\"\" width=\"1024\" height=\"481\" srcset=\"https:\/\/www.ocorreionews.com.br\/acervo-correio\/wp-content\/uploads\/2023\/01\/post_denuncias-CADH_-1024x481-1.png 1024w, https:\/\/www.ocorreionews.com.br\/acervo-correio\/wp-content\/uploads\/2023\/01\/post_denuncias-CADH_-1024x481-1-300x141.png 300w, https:\/\/www.ocorreionews.com.br\/acervo-correio\/wp-content\/uploads\/2023\/01\/post_denuncias-CADH_-1024x481-1-768x361.png 768w\" sizes=\"auto, (max-width: 1024px) 100vw, 1024px\" \/><\/a><figcaption id=\"caption-attachment-229274\" class=\"wp-caption-text\">Arte: Laucymara Ajala<\/figcaption><\/figure>\n<p>&#8220;Quando uma pessoa liga para a central do Disque 100, essa den\u00fancia \u00e9 recebida e filtrada pelo Governo Federal e encaminhada aos setores competentes em cada cidade do Estado. Em nossa central de monitoramento recebemos os relat\u00f3rios de como essas den\u00fancias est\u00e3o sendo tratadas e acompanhamos tamb\u00e9m esses n\u00fameros envolvendo Mato Grosso do Sul&#8221;, esclarece a secret\u00e1ria interina da Sead, Elisa Cleia Nobre.<\/p>\n<p>O Disque 100 \u00e9 um canal da pol\u00edtica dos direitos humanos e atende graves situa\u00e7\u00f5es de viola\u00e7\u00f5es que acabaram de ocorrer ou que ainda est\u00e3o em curso, acionando os \u00f3rg\u00e3os competentes e possibilitando o flagrante. O servi\u00e7o tamb\u00e9m recebe den\u00fancias pelo aplicativo WhatsApp, no n\u00famero (61) 99656-5008.<\/p>\n<p>Imagens, v\u00eddeos e documentos que reforcem a den\u00fancia podem ser enviados por ali e os dados s\u00e3o sigilosos. Em todas as plataformas, as den\u00fancias s\u00e3o gratuitas, an\u00f4nimas e recebem um n\u00famero de protocolo para que o denunciante possa acompanhar o andamento. O servi\u00e7o pode ser acionado por qualquer pessoa, todos os dias, sem interrup\u00e7\u00e3o.<\/p>\n<p><em>Leomar Alves Rosa, Comunica\u00e7\u00e3o Sead<\/em><\/p>\n","protected":false},"excerpt":{"rendered":"<p>Mato Grosso do Sul registrou 1.862 den\u00fancias realizadas no Disque 100 no ano passado. Do n\u00famero total, situa\u00e7\u00f5es envolvendo crian\u00e7as e adolescentes somaram 918 contatos, liderando os casos denunciados dentro do Estado &#8211; s\u00e3o 49% das den\u00fancias. Os dados s\u00e3o acompanhados pela Sead (Secretaria de Estado de Assist\u00eancia Social e dos Direitos Humanos), que fez [&hellip;]<\/p>\n","protected":false},"author":5,"featured_media":229270,"comment_status":"closed","ping_status":"closed","sticky":false,"template":"","format":"standard","meta":{"footnotes":""},"categories":[38],"tags":[],"class_list":["post-229268","post","type-post","status-publish","format-standard","has-post-thumbnail","hentry","category-policia"],"_links":{"self":[{"href":"https:\/\/www.ocorreionews.com.br\/acervo-correio\/index.php?rest_route=\/wp\/v2\/posts\/229268","targetHints":{"allow":["GET"]}}],"collection":[{"href":"https:\/\/www.ocorreionews.com.br\/acervo-correio\/index.php?rest_route=\/wp\/v2\/posts"}],"about":[{"href":"https:\/\/www.ocorreionews.com.br\/acervo-correio\/index.php?rest_route=\/wp\/v2\/types\/post"}],"author":[{"embeddable":true,"href":"https:\/\/www.ocorreionews.com.br\/acervo-correio\/index.php?rest_route=\/wp\/v2\/users\/5"}],"replies":[{"embeddable":true,"href":"https:\/\/www.ocorreionews.com.br\/acervo-correio\/index.php?rest_route=%2Fwp%2Fv2%2Fcomments&post=229268"}],"version-history":[{"count":1,"href":"https:\/\/www.ocorreionews.com.br\/acervo-correio\/index.php?rest_route=\/wp\/v2\/posts\/229268\/revisions"}],"predecessor-version":[{"id":229275,"href":"https:\/\/www.ocorreionews.com.br\/acervo-correio\/index.php?rest_route=\/wp\/v2\/posts\/229268\/revisions\/229275"}],"wp:featuredmedia":[{"embeddable":true,"href":"https:\/\/www.ocorreionews.com.br\/acervo-correio\/index.php?rest_route=\/wp\/v2\/media\/229270"}],"wp:attachment":[{"href":"https:\/\/www.ocorreionews.com.br\/acervo-correio\/index.php?rest_route=%2Fwp%2Fv2%2Fmedia&parent=229268"}],"wp:term":[{"taxonomy":"category","embeddable":true,"href":"https:\/\/www.ocorreionews.com.br\/acervo-correio\/index.php?rest_route=%2Fwp%2Fv2%2Fcategories&post=229268"},{"taxonomy":"post_tag","embeddable":true,"href":"https:\/\/www.ocorreionews.com.br\/acervo-correio\/index.php?rest_route=%2Fwp%2Fv2%2Ftags&post=229268"}],"curies":[{"name":"wp","href":"https:\/\/api.w.org\/{rel}","templated":true}]}}