{"id":229340,"date":"2023-01-26T07:41:41","date_gmt":"2023-01-26T11:41:41","guid":{"rendered":"https:\/\/www.ocorreionews.com.br\/acervo-correio\/?p=229340"},"modified":"2023-01-26T07:41:41","modified_gmt":"2023-01-26T11:41:41","slug":"faleceu-osvaldo-rodrigues-do-nascimento-o-osvaldao-pioneiro-de-paraiso-das-aguas","status":"publish","type":"post","link":"https:\/\/www.ocorreionews.com.br\/acervo-correio\/?p=229340","title":{"rendered":"Faleceu Osvaldo Rodrigues do Nascimento, o \u2018Osvald\u00e3o\u2019 \/ Pioneiro de Para\u00edso das \u00c1guas"},"content":{"rendered":"<div class=\"elementor-element elementor-element-d77ec93 elementor-widget elementor-widget-theme-post-content\" data-id=\"d77ec93\" data-element_type=\"widget\" data-widget_type=\"theme-post-content.default\">\n<div class=\"elementor-widget-container\">\n<p>Faleceu no in\u00edcio da noite desta quarta-feira (25) Osvaldo Rodrigues do Nascimento, carinhosamente chamado de \u201cOsvald\u00e3o\u201d, aos 76 anos. Estava em tratamento, mas acabou n\u00e3o resistindo \u00e1 doen\u00e7a.\u00a0 Osvald\u00e3o faleceu em sua propriedade rural, a 8 km de Para\u00edso das \u00c1guas (Fazenda Cristalina), ao lado de sua esposa L\u00facia e familiares.<\/p>\n<p>O seu corpo est\u00e1 sendo preparado pela Funer\u00e1ria e Pax S\u00e3o Judas Tadeu. O vel\u00f3rio deve iniciar na madrugada desta quinta-feira (26). O hor\u00e1rio do sepultamento serpa na manha desta quinta feira 26.\u00a0 \u00c9 um dos pioneiros do ent\u00e3o munic\u00edpio de Costa Rica. Nasceu e se criou nas margens do Rio Sucuri\u00fa. Foi um renomado contador de est\u00f3rias e profundo conhecedor da regi\u00e3o.<\/p>\n<figure class=\"wp-block-embed is-type-video is-provider-youtube wp-block-embed-youtube wp-embed-aspect-16-9 wp-has-aspect-ratio\">\n<div class=\"wp-block-embed__wrapper\"><iframe loading=\"lazy\" title=\"Para\u00edso das \u00c1guas perde o filho &quot;Osvald\u00e3o&quot; - nascido e criado no munic\u00edpio\" src=\"https:\/\/www.youtube.com\/embed\/shJ06EAqaQ4?feature=oembed\" width=\"800\" height=\"450\" frameborder=\"0\" allowfullscreen=\"allowfullscreen\" data-mce-fragment=\"1\"><\/iframe><\/div>\n<\/figure>\n<p>Em 2021 a equipe de \u00a0reportagem do BNC Not\u00edcias e JVC Produtora a servi\u00e7o da Prefeitura \u00a0estiveram na Fazenda Cristalina. Gravaram entrevista com Osvald\u00e3o que contou algumas das aventuras e dificuldades da \u00e9poca. O prefeito Aniz\u00edo Andrade dever\u00e1 decretar luto oficial de tr\u00eas dias no munic\u00edpio. \u00a0Osvald\u00e3o deixa a esposa L\u00facia e o filho \u00fanico, Osvaldo Nascimento Filho.<\/p>\n<p>(Fonte BNC)<\/p>\n<\/div>\n<\/div>\n","protected":false},"excerpt":{"rendered":"<p>Faleceu no in\u00edcio da noite desta quarta-feira (25) Osvaldo Rodrigues do Nascimento, carinhosamente chamado de \u201cOsvald\u00e3o\u201d, aos 76 anos. Estava em tratamento, mas acabou n\u00e3o resistindo \u00e1 doen\u00e7a.\u00a0 Osvald\u00e3o faleceu em sua propriedade rural, a 8 km de Para\u00edso das \u00c1guas (Fazenda Cristalina), ao lado de sua esposa L\u00facia e familiares. O seu corpo est\u00e1 [&hellip;]<\/p>\n","protected":false},"author":4,"featured_media":229341,"comment_status":"closed","ping_status":"closed","sticky":false,"template":"","format":"standard","meta":{"footnotes":""},"categories":[36],"tags":[],"class_list":["post-229340","post","type-post","status-publish","format-standard","has-post-thumbnail","hentry","category-paraiso-das-aguas"],"_links":{"self":[{"href":"https:\/\/www.ocorreionews.com.br\/acervo-correio\/index.php?rest_route=\/wp\/v2\/posts\/229340","targetHints":{"allow":["GET"]}}],"collection":[{"href":"https:\/\/www.ocorreionews.com.br\/acervo-correio\/index.php?rest_route=\/wp\/v2\/posts"}],"about":[{"href":"https:\/\/www.ocorreionews.com.br\/acervo-correio\/index.php?rest_route=\/wp\/v2\/types\/post"}],"author":[{"embeddable":true,"href":"https:\/\/www.ocorreionews.com.br\/acervo-correio\/index.php?rest_route=\/wp\/v2\/users\/4"}],"replies":[{"embeddable":true,"href":"https:\/\/www.ocorreionews.com.br\/acervo-correio\/index.php?rest_route=%2Fwp%2Fv2%2Fcomments&post=229340"}],"version-history":[{"count":1,"href":"https:\/\/www.ocorreionews.com.br\/acervo-correio\/index.php?rest_route=\/wp\/v2\/posts\/229340\/revisions"}],"predecessor-version":[{"id":229342,"href":"https:\/\/www.ocorreionews.com.br\/acervo-correio\/index.php?rest_route=\/wp\/v2\/posts\/229340\/revisions\/229342"}],"wp:featuredmedia":[{"embeddable":true,"href":"https:\/\/www.ocorreionews.com.br\/acervo-correio\/index.php?rest_route=\/wp\/v2\/media\/229341"}],"wp:attachment":[{"href":"https:\/\/www.ocorreionews.com.br\/acervo-correio\/index.php?rest_route=%2Fwp%2Fv2%2Fmedia&parent=229340"}],"wp:term":[{"taxonomy":"category","embeddable":true,"href":"https:\/\/www.ocorreionews.com.br\/acervo-correio\/index.php?rest_route=%2Fwp%2Fv2%2Fcategories&post=229340"},{"taxonomy":"post_tag","embeddable":true,"href":"https:\/\/www.ocorreionews.com.br\/acervo-correio\/index.php?rest_route=%2Fwp%2Fv2%2Ftags&post=229340"}],"curies":[{"name":"wp","href":"https:\/\/api.w.org\/{rel}","templated":true}]}}