{"id":229351,"date":"2023-01-26T08:40:50","date_gmt":"2023-01-26T12:40:50","guid":{"rendered":"https:\/\/www.ocorreionews.com.br\/acervo-correio\/?p=229351"},"modified":"2023-01-26T08:40:50","modified_gmt":"2023-01-26T12:40:50","slug":"medica-morre-em-grave-acidente-rodovia-ms-164","status":"publish","type":"post","link":"https:\/\/www.ocorreionews.com.br\/acervo-correio\/?p=229351","title":{"rendered":"M\u00e9dica morre em grave acidente rodovia MS 164"},"content":{"rendered":"<div id=\"chunk-9qb93\">\n<div class=\"mc-column content-text active-extra-styles \" data-block-type=\"unstyled\" data-block-weight=\"32\" data-block-id=\"3\">\n<p class=\"content-text__container \" data-track-category=\"Link no Texto\" data-track-links=\"\">Ana Paula Lima Gimenez, de 38 anos, morreu durante um acidente, nesta quarta-feira (25), na MS 164 pr\u00f3ximo ao assentamento Itamarati, em Ponta Por\u00e3 (MS), a 324 de Campo Grande.<\/p>\n<\/div>\n<\/div>\n<div class=\"wall protected-content\">\n<div class=\"mc-column content-text active-extra-styles\" data-block-type=\"raw\" data-block-weight=\"6\" data-block-id=\"4\"><\/div>\n<div id=\"chunk-7jc4c\">\n<div class=\"mc-column content-text active-extra-styles \" data-block-type=\"unstyled\" data-block-weight=\"35\" data-block-id=\"5\">\n<p data-track-category=\"Link no Texto\" data-track-links=\"\">\n<p class=\"content-text__container \" data-track-category=\"Link no Texto\" data-track-links=\"\">De acordo com a Pol\u00edcia Militar Rodovi\u00e1ria (PMR), um outro carro teria invadido a pista e colidido de frente com o carro onde estava a m\u00e9dica, formada em 2022 no Paraguai, e um passageiro.<\/p>\n<p data-track-category=\"Link no Texto\" data-track-links=\"\">\n<figure style=\"width: 647px\" class=\"wp-caption aligncenter\"><img loading=\"lazy\" decoding=\"async\" class=\"i-amphtml-fill-content i-amphtml-replaced-content\" src=\"https:\/\/s2.glbimg.com\/nNEgErbua38bt_uMl3lrq4fYGeo=\/0x0:1127x481\/984x0\/smart\/filters:strip_icc()\/i.s3.glbimg.com\/v1\/AUTH_59edd422c0c84a879bd37670ae4f538a\/internal_photos\/bs\/2023\/C\/S\/EYzJmnS0qnB6anmMyZaA\/whatsapp-image-2023-01-25-at-11.50.44.jpeg\" sizes=\"auto, (max-width: 1366px) 648px, 100vw\" srcset=\"https:\/\/s2.glbimg.com\/4tHyf-W9OSOrnJ5x8TihMK2tZQc=\/0x0:1127x481\/1000x0\/smart\/filters:strip_icc()\/i.s3.glbimg.com\/v1\/AUTH_59edd422c0c84a879bd37670ae4f538a\/internal_photos\/bs\/2023\/C\/S\/EYzJmnS0qnB6anmMyZaA\/whatsapp-image-2023-01-25-at-11.50.44.jpeg 1000w, https:\/\/s2.glbimg.com\/nNEgErbua38bt_uMl3lrq4fYGeo=\/0x0:1127x481\/984x0\/smart\/filters:strip_icc()\/i.s3.glbimg.com\/v1\/AUTH_59edd422c0c84a879bd37670ae4f538a\/internal_photos\/bs\/2023\/C\/S\/EYzJmnS0qnB6anmMyZaA\/whatsapp-image-2023-01-25-at-11.50.44.jpeg 984w, https:\/\/s2.glbimg.com\/emITl3t2fg52c6GJDVIDbLmag-M=\/0x0:1127x481\/640x0\/smart\/filters:strip_icc()\/i.s3.glbimg.com\/v1\/AUTH_59edd422c0c84a879bd37670ae4f538a\/internal_photos\/bs\/2023\/C\/S\/EYzJmnS0qnB6anmMyZaA\/whatsapp-image-2023-01-25-at-11.50.44.jpeg 640w, https:\/\/s2.glbimg.com\/TdNXz_H7ml9pNWWCDZM1sC_6W-Q=\/0x0:1127x481\/600x0\/smart\/filters:strip_icc()\/i.s3.glbimg.com\/v1\/AUTH_59edd422c0c84a879bd37670ae4f538a\/internal_photos\/bs\/2023\/C\/S\/EYzJmnS0qnB6anmMyZaA\/whatsapp-image-2023-01-25-at-11.50.44.jpeg 600w\" alt=\"Carro ficou completamente destru\u00eddo na rodovia MS 164 \u2014 Foto: Divulga\u00e7\u00e3o\" width=\"647\" height=\"276\" \/><figcaption class=\"wp-caption-text\">Carro ficou completamente destru\u00eddo na rodovia MS 164 \u2014 Foto: Divulga\u00e7\u00e3o<\/figcaption><\/figure>\n<\/div>\n<\/div>\n<div id=\"chunk-cn0f3\">\n<div class=\"row medium-uncollapsed content-media content-photo\" data-block-type=\"backstage-photo\" data-block-id=\"6\">\n<div class=\"mc-column content-media__container\">\n<p class=\"content-media__description \">\n<\/div>\n<\/div>\n<\/div>\n<div id=\"chunk-mckb\">\n<div class=\"content-ads content-ads--reveal\" data-block-type=\"ads\" data-block-id=\"7\">\n<div><\/div>\n<\/div>\n<\/div>\n<div id=\"chunk-4lke\">\n<div class=\"mc-column content-text active-extra-styles \" data-block-type=\"unstyled\" data-block-weight=\"32\" data-block-id=\"8\">\n<p class=\"content-text__container \" data-track-category=\"Link no Texto\" data-track-links=\"\">Outras duas pessoas, de 54 e 27 anos, foram socorridas em estado grave e encaminhadas para o Hospital Regional do munic\u00edpio. Ainda n\u00e3o se sabe o atual estado das v\u00edtimas.<\/p>\n<p data-track-category=\"Link no Texto\" data-track-links=\"\">\n<\/div>\n<\/div>\n<div id=\"chunk-fpdeg\">\n<div class=\"mc-column content-text active-extra-styles \" data-block-type=\"unstyled\" data-block-weight=\"22\" data-block-id=\"9\">\n<p class=\"content-text__container \" data-track-category=\"Link no Texto\" data-track-links=\"\">O caso segue em investiga\u00e7\u00e3o e, at\u00e9 a publica\u00e7\u00e3o dessa mat\u00e9ria, ainda n\u00e3o se sabe o que teria causado o acidente.<\/p>\n<p data-track-category=\"Link no Texto\" data-track-links=\"\">\n<p data-track-category=\"Link no Texto\" data-track-links=\"\">Por g1 MS<\/p>\n<\/div>\n<\/div>\n<\/div>\n","protected":false},"excerpt":{"rendered":"<p>Ana Paula Lima Gimenez, de 38 anos, morreu durante um acidente, nesta quarta-feira (25), na MS 164 pr\u00f3ximo ao assentamento Itamarati, em Ponta Por\u00e3 (MS), a 324 de Campo Grande. De acordo com a Pol\u00edcia Militar Rodovi\u00e1ria (PMR), um outro carro teria invadido a pista e colidido de frente com o carro onde estava a [&hellip;]<\/p>\n","protected":false},"author":5,"featured_media":229353,"comment_status":"closed","ping_status":"closed","sticky":false,"template":"","format":"standard","meta":{"footnotes":""},"categories":[38],"tags":[],"class_list":["post-229351","post","type-post","status-publish","format-standard","has-post-thumbnail","hentry","category-policia"],"_links":{"self":[{"href":"https:\/\/www.ocorreionews.com.br\/acervo-correio\/index.php?rest_route=\/wp\/v2\/posts\/229351","targetHints":{"allow":["GET"]}}],"collection":[{"href":"https:\/\/www.ocorreionews.com.br\/acervo-correio\/index.php?rest_route=\/wp\/v2\/posts"}],"about":[{"href":"https:\/\/www.ocorreionews.com.br\/acervo-correio\/index.php?rest_route=\/wp\/v2\/types\/post"}],"author":[{"embeddable":true,"href":"https:\/\/www.ocorreionews.com.br\/acervo-correio\/index.php?rest_route=\/wp\/v2\/users\/5"}],"replies":[{"embeddable":true,"href":"https:\/\/www.ocorreionews.com.br\/acervo-correio\/index.php?rest_route=%2Fwp%2Fv2%2Fcomments&post=229351"}],"version-history":[{"count":1,"href":"https:\/\/www.ocorreionews.com.br\/acervo-correio\/index.php?rest_route=\/wp\/v2\/posts\/229351\/revisions"}],"predecessor-version":[{"id":229354,"href":"https:\/\/www.ocorreionews.com.br\/acervo-correio\/index.php?rest_route=\/wp\/v2\/posts\/229351\/revisions\/229354"}],"wp:featuredmedia":[{"embeddable":true,"href":"https:\/\/www.ocorreionews.com.br\/acervo-correio\/index.php?rest_route=\/wp\/v2\/media\/229353"}],"wp:attachment":[{"href":"https:\/\/www.ocorreionews.com.br\/acervo-correio\/index.php?rest_route=%2Fwp%2Fv2%2Fmedia&parent=229351"}],"wp:term":[{"taxonomy":"category","embeddable":true,"href":"https:\/\/www.ocorreionews.com.br\/acervo-correio\/index.php?rest_route=%2Fwp%2Fv2%2Fcategories&post=229351"},{"taxonomy":"post_tag","embeddable":true,"href":"https:\/\/www.ocorreionews.com.br\/acervo-correio\/index.php?rest_route=%2Fwp%2Fv2%2Ftags&post=229351"}],"curies":[{"name":"wp","href":"https:\/\/api.w.org\/{rel}","templated":true}]}}