{"id":229470,"date":"2023-01-27T06:44:06","date_gmt":"2023-01-27T10:44:06","guid":{"rendered":"https:\/\/www.ocorreionews.com.br\/acervo-correio\/?p=229470"},"modified":"2023-01-27T07:09:51","modified_gmt":"2023-01-27T11:09:51","slug":"acidente-entre-van-e-caminhao-deixa-12-mortos-em-rodovia-no-tocantins","status":"publish","type":"post","link":"https:\/\/www.ocorreionews.com.br\/acervo-correio\/?p=229470","title":{"rendered":"Acidente entre van e caminh\u00e3o deixa 12 mortos em rodovia no Tocantins"},"content":{"rendered":"<p id=\"viewer-cu2ps\" class=\"mm8Nw _1j-51 roLFQS _1FoOD _78FBa sk96G9 roLFQS public-DraftStyleDefault-block-depth0 fixed-tab-size public-DraftStyleDefault-text-ltr\"><span class=\"_2PHJq public-DraftStyleDefault-ltr\">Doze pessoas <strong>morreram<\/strong> e quatro ficaram <strong>feridas<\/strong>, sendo uma em estado <strong>grave<\/strong>, em decorr\u00eancia de uma <strong>batida<\/strong> entre uma carreta e uma van que transportava <strong>pacientes<\/strong> em tratamento m\u00e9dico de <a class=\"_3Bkfb _1lsz7\" href=\"https:\/\/www1.folha.uol.com.br\/folha-topicos\/palmas\/\" target=\"_blank\" rel=\"noopener noreferrer\" data-hook=\"linkViewer\">Palmas <\/a>para o interior do <a class=\"_3Bkfb _1lsz7\" href=\"https:\/\/www.maisgoias.com.br\/tag\/tocantins\/\" target=\"_blank\" rel=\"noopener noreferrer\" data-hook=\"linkViewer\">Tocantins<\/a> na noite desta quarta (25).<\/span><\/p>\n<div data-hook=\"rcv-block9\"><\/div>\n<div id=\"viewer-es00d\" class=\"mm8Nw _1j-51 roLFQS _1FoOD _78FBa sk96G9 roLFQS public-DraftStyleDefault-block-depth0 fixed-tab-size public-DraftStyleDefault-text-ltr\"><span class=\"_2PHJq public-DraftStyleDefault-ltr\">\u00a0<\/span><\/div>\n<div data-hook=\"rcv-block10\"><\/div>\n<p id=\"viewer-2edo1\" class=\"mm8Nw _1j-51 roLFQS _1FoOD _78FBa sk96G9 roLFQS public-DraftStyleDefault-block-depth0 fixed-tab-size public-DraftStyleDefault-text-ltr\"><span class=\"_2PHJq public-DraftStyleDefault-ltr\">Entre os <strong>mortos<\/strong> est\u00e1 uma menina de um ano e dois meses. Todas as pessoas que <strong>morreram<\/strong> estavam na van e moravam na cidade de Almas, 296 quil\u00f4metros a sudeste da capital do estado. O ve\u00edculo era da <strong>Secretaria<\/strong> <strong>de<\/strong> <strong>Sa\u00fade<\/strong> do munic\u00edpio.<\/span><\/p>\n<div data-hook=\"rcv-block11\"><\/div>\n<div id=\"viewer-1v0hr\" class=\"mm8Nw _1j-51 roLFQS _1FoOD _78FBa sk96G9 roLFQS public-DraftStyleDefault-block-depth0 fixed-tab-size public-DraftStyleDefault-text-ltr\"><span class=\"_2PHJq public-DraftStyleDefault-ltr\">\u00a0<\/span><\/div>\n<div data-hook=\"rcv-block12\"><\/div>\n<p id=\"viewer-63tbr\" class=\"mm8Nw _1j-51 roLFQS _1FoOD _78FBa sk96G9 roLFQS public-DraftStyleDefault-block-depth0 fixed-tab-size public-DraftStyleDefault-text-ltr\"><span class=\"_2PHJq public-DraftStyleDefault-ltr\">Os passageiros tinham ido para <strong>Palmas<\/strong> durante a manh\u00e3 para tratamento de <strong>hemodi\u00e1lise<\/strong> e para consultas m\u00e9dicas e retornavam para casa, segundo informa\u00e7\u00f5es da <strong>Pol\u00edcia<\/strong> <strong>Militar<\/strong> <strong>Rodovi\u00e1ria<\/strong> do estado. Do total de mortos, sete s\u00e3o homens e cinco, mulheres.<\/span><\/p>\n<div data-hook=\"rcv-block13\"><\/div>\n<div id=\"viewer-4b1r7\" class=\"mm8Nw _1j-51 roLFQS _1FoOD _78FBa sk96G9 roLFQS public-DraftStyleDefault-block-depth0 fixed-tab-size public-DraftStyleDefault-text-ltr\"><span class=\"_2PHJq public-DraftStyleDefault-ltr\">\u00a0<\/span><\/div>\n<div data-hook=\"rcv-block14\"><\/div>\n<p id=\"viewer-4ln6i\" class=\"mm8Nw _1j-51 roLFQS _1FoOD _78FBa sk96G9 roLFQS public-DraftStyleDefault-block-depth0 fixed-tab-size public-DraftStyleDefault-text-ltr\"><span class=\"_2PHJq public-DraftStyleDefault-ltr\">O acidente aconteceu na rodovia estadual <strong>TO-280<\/strong> por volta das 20h em trecho que corta o munic\u00edpio de Natividade. A <strong>crian\u00e7a<\/strong> que morreu viajava no colo da m\u00e3e, que tamb\u00e9m est\u00e1 entre os passageiros que <strong>faleceram<\/strong>. Uma das pessoas que viajavam no ve\u00edculo foi levada em estado grave para o Hospital Geral de Palmas.<\/span><\/p>\n<div data-hook=\"rcv-block15\"><a href=\"https:\/\/www.ocorreionews.com.br\/acervo-correio\/wp-content\/uploads\/2023\/01\/ac-tocantis2.png\"><img loading=\"lazy\" decoding=\"async\" class=\"alignnone size-full wp-image-229474\" src=\"https:\/\/www.ocorreionews.com.br\/acervo-correio\/wp-content\/uploads\/2023\/01\/ac-tocantis2.png\" alt=\"\" width=\"740\" height=\"493\" srcset=\"https:\/\/www.ocorreionews.com.br\/acervo-correio\/wp-content\/uploads\/2023\/01\/ac-tocantis2.png 740w, https:\/\/www.ocorreionews.com.br\/acervo-correio\/wp-content\/uploads\/2023\/01\/ac-tocantis2-300x200.png 300w\" sizes=\"auto, (max-width: 740px) 100vw, 740px\" \/><\/a><\/div>\n<div id=\"viewer-478f2\" class=\"mm8Nw _1j-51 roLFQS _1FoOD _78FBa sk96G9 roLFQS public-DraftStyleDefault-block-depth0 fixed-tab-size public-DraftStyleDefault-text-ltr\"><span class=\"_2PHJq public-DraftStyleDefault-ltr\">\u00a0<\/span><\/div>\n<div data-hook=\"rcv-block16\"><\/div>\n<p id=\"viewer-3n60m\" class=\"mm8Nw _1j-51 roLFQS _1FoOD _78FBa sk96G9 roLFQS public-DraftStyleDefault-block-depth0 fixed-tab-size public-DraftStyleDefault-text-ltr\"><span class=\"_2PHJq public-DraftStyleDefault-ltr\">Os outros tr\u00eas <strong>feridos<\/strong> eram um passageiro da van, o motorista e sua mulher, que tiveram escoria\u00e7\u00f5es leves. Os tr\u00eas foram atendidos no hospital de Natividade. O motorista, no entanto, <strong>fugiu<\/strong> depois de dar entrada no estabelecimento de sa\u00fade da cidade.<\/span><\/p>\n<div data-hook=\"rcv-block17\"><\/div>\n<div id=\"viewer-dvb2v\" class=\"mm8Nw _1j-51 roLFQS _1FoOD _78FBa sk96G9 roLFQS public-DraftStyleDefault-block-depth0 fixed-tab-size public-DraftStyleDefault-text-ltr\"><span class=\"_2PHJq public-DraftStyleDefault-ltr\">\u00a0<\/span><\/div>\n<div data-hook=\"rcv-block18\"><\/div>\n<p id=\"viewer-crjp1\" class=\"mm8Nw _1j-51 roLFQS _1FoOD _78FBa sk96G9 roLFQS public-DraftStyleDefault-block-depth0 fixed-tab-size public-DraftStyleDefault-text-ltr\"><span class=\"_2PHJq public-DraftStyleDefault-ltr\">\u201cEstamos fazendo dilig\u00eancia para localiz\u00e1-lo\u201d, afirmou o major An\u00edsio Vaz de Melo J\u00fanior. Um advogado disse \u00e0 pol\u00edcia que o motorista vai se apresentar.<\/span><\/p>\n<div data-hook=\"rcv-block19\"><\/div>\n<div id=\"viewer-32t21\" class=\"mm8Nw _1j-51 roLFQS _1FoOD _78FBa sk96G9 roLFQS public-DraftStyleDefault-block-depth0 fixed-tab-size public-DraftStyleDefault-text-ltr\"><span class=\"_2PHJq public-DraftStyleDefault-ltr\">\u00a0<\/span><\/div>\n<div data-hook=\"rcv-block20\"><\/div>\n<p id=\"viewer-2horb\" class=\"mm8Nw _1j-51 roLFQS _1FoOD _78FBa sk96G9 roLFQS public-DraftStyleDefault-block-depth0 fixed-tab-size public-DraftStyleDefault-text-ltr\"><span class=\"_2PHJq public-DraftStyleDefault-ltr\">As informa\u00e7\u00f5es iniciais da pol\u00edcia s\u00e3o que o motorista da carreta, que seguia em dire\u00e7\u00e3o \u00e0 entrada de Natividade, fez uma ultrapassagem em <strong>local<\/strong> <strong>proibido<\/strong>, atingindo de frente a van, que seguia em dire\u00e7\u00e3o a Almas.<\/span><\/p>\n<div data-hook=\"rcv-block21\"><\/div>\n<div id=\"viewer-36g3h\" class=\"mm8Nw _1j-51 roLFQS _1FoOD _78FBa sk96G9 roLFQS public-DraftStyleDefault-block-depth0 fixed-tab-size public-DraftStyleDefault-text-ltr\"><span class=\"_2PHJq public-DraftStyleDefault-ltr\">\u00a0<\/span><\/div>\n<div data-hook=\"rcv-block22\"><\/div>\n<p id=\"viewer-6ogrt\" class=\"mm8Nw _1j-51 roLFQS _1FoOD _78FBa sk96G9 roLFQS public-DraftStyleDefault-block-depth0 fixed-tab-size public-DraftStyleDefault-text-ltr\"><span class=\"_2PHJq public-DraftStyleDefault-ltr\">O <strong>advogado<\/strong> que se apresentou \u00e0 pol\u00edcia, no entanto, afirmou \u00e0 corpora\u00e7\u00e3o que o motorista tentava desviar de um obst\u00e1culo na pista.<\/span><\/p>\n<div data-hook=\"rcv-block23\"><\/div>\n<div id=\"viewer-qind\" class=\"mm8Nw _1j-51 roLFQS _1FoOD _78FBa sk96G9 roLFQS public-DraftStyleDefault-block-depth0 fixed-tab-size public-DraftStyleDefault-text-ltr\"><span class=\"_2PHJq public-DraftStyleDefault-ltr\">\u00a0<\/span><\/div>\n<div data-hook=\"rcv-block24\"><\/div>\n<p id=\"viewer-e6fd3\" class=\"mm8Nw _1j-51 roLFQS _1FoOD _78FBa sk96G9 roLFQS public-DraftStyleDefault-block-depth0 fixed-tab-size public-DraftStyleDefault-text-ltr\"><span class=\"_2PHJq public-DraftStyleDefault-ltr\">O governador do estado, Wanderlei Barbosa (Republicanos), criou um grupo de trabalho para atendimento \u00e0s fam\u00edlias das v\u00edtimas com representantes do corpo de bombeiros, pol\u00edcias militar, civil e secretarias de sa\u00fade, trabalho e assist\u00eancia social.<\/span><\/p>\n","protected":false},"excerpt":{"rendered":"<p>Doze pessoas morreram e quatro ficaram feridas, sendo uma em estado grave, em decorr\u00eancia de uma batida entre uma carreta e uma van que transportava pacientes em tratamento m\u00e9dico de Palmas para o interior do Tocantins na noite desta quarta (25). \u00a0 Entre os mortos est\u00e1 uma menina de um ano e dois meses. Todas [&hellip;]<\/p>\n","protected":false},"author":4,"featured_media":229471,"comment_status":"closed","ping_status":"closed","sticky":false,"template":"","format":"standard","meta":{"footnotes":""},"categories":[38],"tags":[],"class_list":["post-229470","post","type-post","status-publish","format-standard","has-post-thumbnail","hentry","category-policia"],"_links":{"self":[{"href":"https:\/\/www.ocorreionews.com.br\/acervo-correio\/index.php?rest_route=\/wp\/v2\/posts\/229470","targetHints":{"allow":["GET"]}}],"collection":[{"href":"https:\/\/www.ocorreionews.com.br\/acervo-correio\/index.php?rest_route=\/wp\/v2\/posts"}],"about":[{"href":"https:\/\/www.ocorreionews.com.br\/acervo-correio\/index.php?rest_route=\/wp\/v2\/types\/post"}],"author":[{"embeddable":true,"href":"https:\/\/www.ocorreionews.com.br\/acervo-correio\/index.php?rest_route=\/wp\/v2\/users\/4"}],"replies":[{"embeddable":true,"href":"https:\/\/www.ocorreionews.com.br\/acervo-correio\/index.php?rest_route=%2Fwp%2Fv2%2Fcomments&post=229470"}],"version-history":[{"count":1,"href":"https:\/\/www.ocorreionews.com.br\/acervo-correio\/index.php?rest_route=\/wp\/v2\/posts\/229470\/revisions"}],"predecessor-version":[{"id":229475,"href":"https:\/\/www.ocorreionews.com.br\/acervo-correio\/index.php?rest_route=\/wp\/v2\/posts\/229470\/revisions\/229475"}],"wp:featuredmedia":[{"embeddable":true,"href":"https:\/\/www.ocorreionews.com.br\/acervo-correio\/index.php?rest_route=\/wp\/v2\/media\/229471"}],"wp:attachment":[{"href":"https:\/\/www.ocorreionews.com.br\/acervo-correio\/index.php?rest_route=%2Fwp%2Fv2%2Fmedia&parent=229470"}],"wp:term":[{"taxonomy":"category","embeddable":true,"href":"https:\/\/www.ocorreionews.com.br\/acervo-correio\/index.php?rest_route=%2Fwp%2Fv2%2Fcategories&post=229470"},{"taxonomy":"post_tag","embeddable":true,"href":"https:\/\/www.ocorreionews.com.br\/acervo-correio\/index.php?rest_route=%2Fwp%2Fv2%2Ftags&post=229470"}],"curies":[{"name":"wp","href":"https:\/\/api.w.org\/{rel}","templated":true}]}}