{"id":229476,"date":"2023-01-27T07:21:53","date_gmt":"2023-01-27T11:21:53","guid":{"rendered":"https:\/\/www.ocorreionews.com.br\/acervo-correio\/?p=229476"},"modified":"2023-01-27T07:21:53","modified_gmt":"2023-01-27T11:21:53","slug":"bndes-reabre-linhas-e-anuncia-mais-credito-rural-para-safra-22-23","status":"publish","type":"post","link":"https:\/\/www.ocorreionews.com.br\/acervo-correio\/?p=229476","title":{"rendered":"BNDES reabre linhas e anuncia mais cr\u00e9dito rural para safra 22\/23"},"content":{"rendered":"<p><em><strong>A reabertura prev\u00ea mais R$ 2,9 bilh\u00f5es em apoio tanto \u00e0 agricultura familiar (R$ 491 milh\u00f5es), quanto \u00e0 empresarial (R$ 2,4 bilh\u00f5es)<\/strong> <\/em><\/p>\n<p>&nbsp;<\/p>\n<p>O <strong><a href=\"https:\/\/www.bndes.gov.br\/wps\/portal\/site\/home\">Banco Nacional de Desenvolvimento Econ\u00f4mico e Social (BNDES)<\/a><\/strong> anunciou nesta quinta-feira (26) a reabertura de de linhas de cr\u00e9dito rural a partir de 1\u00b0 de fevereiro e, com isso, prev\u00ea a libera\u00e7\u00e3o de recursos adicionais de 2,9 bilh\u00f5es de reais para financiamento da <strong><a href=\"https:\/\/www.canalrural.com.br\/tag\/safra\/\">safra 2022\/23<\/a><\/strong>.<\/p>\n<p>A medida veio ap\u00f3s suspens\u00e3o de protocolos e contrata\u00e7\u00f5es de novas opera\u00e7\u00f5es de cr\u00e9dito no \u00e2mbito dos <strong>Programas Agropecu\u00e1rios do Governo Federal (PAGF)<\/strong>, no segundo semestre de 2022, em raz\u00e3o do n\u00edvel de comprometimento de recursos.<\/p>\n<p>Do total, R$ 491 milh\u00f5es v\u00e3o para agricultura familiar e R$ 2,4 bilh\u00f5es para a agricultura empresarial.<\/p>\n<p>Segundo o BNDES, os recursos se destinar\u00e3o aos programas:<\/p>\n<ul>\n<li>Programa Cr\u00e9dito Agropecu\u00e1rio Empresarial de Custeio;<\/li>\n<li>Programa Cr\u00e9dito Agropecu\u00e1rio Empresarial de Investimento;<\/li>\n<li>Programa Nacional de Fortalecimento da Agricultura Familiar \u2013 PRONAF Custeio, no tocante \u00e0 linha de cr\u00e9dito com taxa de juros prefixada de at\u00e9 6% a.a. (seis por cento ao ano) \u2013 PRONAF Custeio Faixa II;<\/li>\n<li>Programa Nacional de Fortalecimento da Agricultura Familiar \u2013 PRONAF Investimento;<\/li>\n<li>Programa Nacional de Apoio ao M\u00e9dio Produtor Rural \u2013 PRONAMP Custeio e Investimento;<\/li>\n<li>Programa para a Adapta\u00e7\u00e3o \u00e0 Mudan\u00e7a do Clima e Baixa Emiss\u00e3o de Carbono na Agropecu\u00e1ria \u2013 Programa ABC;<\/li>\n<li>Programa para Constru\u00e7\u00e3o e Amplia\u00e7\u00e3o de Armaz\u00e9ns \u2013 PCA;<\/li>\n<li>Programa de Incentivo \u00e0 Inova\u00e7\u00e3o Tecnol\u00f3gica na Produ\u00e7\u00e3o Agropecu\u00e1ria \u2013 INOVAGRO;<\/li>\n<li>Programa de Financiamento \u00e0 Agricultura Irrigada e ao Cultivo Protegido \u2013 PROIRRIGA;<\/li>\n<li>Programa de Moderniza\u00e7\u00e3o da Frota de Tratores Agr\u00edcolas e Implementos Associados e Colheitadeiras \u2013 MODERFROTA;<\/li>\n<li>Programa de Desenvolvimento Cooperativo para Agrega\u00e7\u00e3o de Valor \u00e0 Produ\u00e7\u00e3o Agropecu\u00e1ria \u2013 PRODECOOP; e<\/li>\n<li>Programa de Capitaliza\u00e7\u00e3o de Cooperativas Agropecu\u00e1rias \u2013 PROCAP-AGRO Giro.<\/li>\n<\/ul>\n<p>Canal Rural<\/p>\n","protected":false},"excerpt":{"rendered":"<p>A reabertura prev\u00ea mais R$ 2,9 bilh\u00f5es em apoio tanto \u00e0 agricultura familiar (R$ 491 milh\u00f5es), quanto \u00e0 empresarial (R$ 2,4 bilh\u00f5es) &nbsp; O Banco Nacional de Desenvolvimento Econ\u00f4mico e Social (BNDES) anunciou nesta quinta-feira (26) a reabertura de de linhas de cr\u00e9dito rural a partir de 1\u00b0 de fevereiro e, com isso, prev\u00ea a [&hellip;]<\/p>\n","protected":false},"author":4,"featured_media":197964,"comment_status":"closed","ping_status":"closed","sticky":false,"template":"","format":"standard","meta":{"footnotes":""},"categories":[17],"tags":[],"class_list":["post-229476","post","type-post","status-publish","format-standard","has-post-thumbnail","hentry","category-agropecuaria"],"_links":{"self":[{"href":"https:\/\/www.ocorreionews.com.br\/acervo-correio\/index.php?rest_route=\/wp\/v2\/posts\/229476","targetHints":{"allow":["GET"]}}],"collection":[{"href":"https:\/\/www.ocorreionews.com.br\/acervo-correio\/index.php?rest_route=\/wp\/v2\/posts"}],"about":[{"href":"https:\/\/www.ocorreionews.com.br\/acervo-correio\/index.php?rest_route=\/wp\/v2\/types\/post"}],"author":[{"embeddable":true,"href":"https:\/\/www.ocorreionews.com.br\/acervo-correio\/index.php?rest_route=\/wp\/v2\/users\/4"}],"replies":[{"embeddable":true,"href":"https:\/\/www.ocorreionews.com.br\/acervo-correio\/index.php?rest_route=%2Fwp%2Fv2%2Fcomments&post=229476"}],"version-history":[{"count":1,"href":"https:\/\/www.ocorreionews.com.br\/acervo-correio\/index.php?rest_route=\/wp\/v2\/posts\/229476\/revisions"}],"predecessor-version":[{"id":229477,"href":"https:\/\/www.ocorreionews.com.br\/acervo-correio\/index.php?rest_route=\/wp\/v2\/posts\/229476\/revisions\/229477"}],"wp:featuredmedia":[{"embeddable":true,"href":"https:\/\/www.ocorreionews.com.br\/acervo-correio\/index.php?rest_route=\/wp\/v2\/media\/197964"}],"wp:attachment":[{"href":"https:\/\/www.ocorreionews.com.br\/acervo-correio\/index.php?rest_route=%2Fwp%2Fv2%2Fmedia&parent=229476"}],"wp:term":[{"taxonomy":"category","embeddable":true,"href":"https:\/\/www.ocorreionews.com.br\/acervo-correio\/index.php?rest_route=%2Fwp%2Fv2%2Fcategories&post=229476"},{"taxonomy":"post_tag","embeddable":true,"href":"https:\/\/www.ocorreionews.com.br\/acervo-correio\/index.php?rest_route=%2Fwp%2Fv2%2Ftags&post=229476"}],"curies":[{"name":"wp","href":"https:\/\/api.w.org\/{rel}","templated":true}]}}