{"id":229478,"date":"2023-01-27T07:40:03","date_gmt":"2023-01-27T11:40:03","guid":{"rendered":"https:\/\/www.ocorreionews.com.br\/acervo-correio\/?p=229478"},"modified":"2023-01-27T07:40:03","modified_gmt":"2023-01-27T11:40:03","slug":"em-goias-pm-morre-durante-troca-de-tiros-com-policiais-civis-diz-policia","status":"publish","type":"post","link":"https:\/\/www.ocorreionews.com.br\/acervo-correio\/?p=229478","title":{"rendered":"Em Goias PM morre durante troca de tiros com policiais civis diz pol\u00edcia"},"content":{"rendered":"<blockquote>\n<h2 class=\"content-head__subtitle\"><strong><span style=\"font-size: 12pt;\">Agentes da Pol\u00edcia Civil foram cumprir mandado de pris\u00e3o contra o militar, que revidou e atirou. Houve confronto e o PM foi baleado e morreu no local.<\/span><\/strong><\/h2>\n<\/blockquote>\n<div id=\"chunk-19n76\">\n<div class=\"mc-column content-text active-extra-styles \" data-block-type=\"unstyled\" data-block-weight=\"63\" data-block-id=\"3\">\n<p class=\"content-text__container \" data-track-category=\"Link no Texto\" data-track-links=\"\">Um policial militar morreu em uma troca de tiros com policiais civis na manh\u00e3 desta sexta-feira (27), no Bairro Jardim Calixto, em <a href=\"https:\/\/g1.globo.com\/go\/goias\/cidade\/anapolis\/\">An\u00e1polis<\/a>, a 55km de Goi\u00e2nia. De acordo com a ocorr\u00eancia, o 3\u00ba sargento Welton da Silva Veiga, lotado no 24\u00ba Batalh\u00e3o, foi baleado e morreu no local. Dois policiais civis foram baleados pelo militar e levados a um hospital da cidade.<\/p>\n<\/div>\n<\/div>\n<div class=\"wall protected-content\">\n<div id=\"chunk-7qh76\">\n<div class=\"mc-column content-text active-extra-styles \" data-block-type=\"unstyled\" data-block-weight=\"36\" data-block-id=\"4\">\n<p class=\"content-text__container \" data-track-category=\"Link no Texto\" data-track-links=\"\">Agentes da Pol\u00edcia Civil foram cumprir mandado de pris\u00e3o contra o sargento, que teria reagido \u00e0 pris\u00e3o e atirado contra os policiais civis. Estes tamb\u00e9m revidaram e acabaram acertando o militar, que morreu no local.<\/p>\n<\/div>\n<\/div>\n<div id=\"chunk-c3kj3\">\n<div class=\"mc-column content-text active-extra-styles \" data-block-type=\"unstyled\" data-block-weight=\"35\" data-block-id=\"5\">\n<p class=\"content-text__container \" data-track-category=\"Link no Texto\" data-track-links=\"\">O policial militar era lotado no 24\u00ba Batalh\u00e3o de An\u00e1polis, segundo militares est\u00e3o no local do confronto. H\u00e1 mais de 20 viaturas da Pol\u00edcia Militar e da Pol\u00edcia Civil na porta da casa do PM.<\/p>\n<\/div>\n<\/div>\n<div id=\"chunk-32s9l\"><\/div>\n<div id=\"chunk-7ikte\">\n<div class=\"mc-column content-text active-extra-styles \" data-block-type=\"unstyled\" data-block-weight=\"29\" data-block-id=\"7\">\n<p class=\"content-text__container \" data-track-category=\"Link no Texto\" data-track-links=\"\">Uma do Instituto M\u00e9dico Legal (IML) est\u00e1 na resid\u00eancia para remover o corpo, e peritos da Pol\u00edcia Cient\u00edfica est\u00e3o levantando as informa\u00e7\u00f5es iniciais na cena do suposto confronto.<\/p>\n<\/div>\n<\/div>\n<div data-track-category=\"multicontent\" data-track-action=\"ultimo chunk conteudo\" data-track-noninteraction=\"false\" data-track-scroll=\"view\">\n<div id=\"chunk-eamqt\">\n<div class=\"mc-column content-text active-extra-styles \" data-block-type=\"unstyled\" data-block-weight=\"31\" data-block-id=\"8\">\n<p class=\"content-text__container \" data-track-category=\"Link no Texto\" data-track-links=\"\">Policiais civis e militares n\u00e3o informaram ainda o crime cometido que era alvo do mandado de pris\u00e3o.<\/p>\n<p data-track-category=\"Link no Texto\" data-track-links=\"\">Por Rafael Oliveira e Wesley Almeida, g1 Goi\u00e1s e TV Anhanguera<\/p>\n<\/div>\n<\/div>\n<\/div>\n<\/div>\n","protected":false},"excerpt":{"rendered":"<p>Agentes da Pol\u00edcia Civil foram cumprir mandado de pris\u00e3o contra o militar, que revidou e atirou. Houve confronto e o PM foi baleado e morreu no local. Um policial militar morreu em uma troca de tiros com policiais civis na manh\u00e3 desta sexta-feira (27), no Bairro Jardim Calixto, em An\u00e1polis, a 55km de Goi\u00e2nia. De [&hellip;]<\/p>\n","protected":false},"author":4,"featured_media":229479,"comment_status":"closed","ping_status":"closed","sticky":false,"template":"","format":"standard","meta":{"footnotes":""},"categories":[38],"tags":[],"class_list":["post-229478","post","type-post","status-publish","format-standard","has-post-thumbnail","hentry","category-policia"],"_links":{"self":[{"href":"https:\/\/www.ocorreionews.com.br\/acervo-correio\/index.php?rest_route=\/wp\/v2\/posts\/229478","targetHints":{"allow":["GET"]}}],"collection":[{"href":"https:\/\/www.ocorreionews.com.br\/acervo-correio\/index.php?rest_route=\/wp\/v2\/posts"}],"about":[{"href":"https:\/\/www.ocorreionews.com.br\/acervo-correio\/index.php?rest_route=\/wp\/v2\/types\/post"}],"author":[{"embeddable":true,"href":"https:\/\/www.ocorreionews.com.br\/acervo-correio\/index.php?rest_route=\/wp\/v2\/users\/4"}],"replies":[{"embeddable":true,"href":"https:\/\/www.ocorreionews.com.br\/acervo-correio\/index.php?rest_route=%2Fwp%2Fv2%2Fcomments&post=229478"}],"version-history":[{"count":1,"href":"https:\/\/www.ocorreionews.com.br\/acervo-correio\/index.php?rest_route=\/wp\/v2\/posts\/229478\/revisions"}],"predecessor-version":[{"id":229480,"href":"https:\/\/www.ocorreionews.com.br\/acervo-correio\/index.php?rest_route=\/wp\/v2\/posts\/229478\/revisions\/229480"}],"wp:featuredmedia":[{"embeddable":true,"href":"https:\/\/www.ocorreionews.com.br\/acervo-correio\/index.php?rest_route=\/wp\/v2\/media\/229479"}],"wp:attachment":[{"href":"https:\/\/www.ocorreionews.com.br\/acervo-correio\/index.php?rest_route=%2Fwp%2Fv2%2Fmedia&parent=229478"}],"wp:term":[{"taxonomy":"category","embeddable":true,"href":"https:\/\/www.ocorreionews.com.br\/acervo-correio\/index.php?rest_route=%2Fwp%2Fv2%2Fcategories&post=229478"},{"taxonomy":"post_tag","embeddable":true,"href":"https:\/\/www.ocorreionews.com.br\/acervo-correio\/index.php?rest_route=%2Fwp%2Fv2%2Ftags&post=229478"}],"curies":[{"name":"wp","href":"https:\/\/api.w.org\/{rel}","templated":true}]}}