{"id":229609,"date":"2023-01-29T16:31:27","date_gmt":"2023-01-29T20:31:27","guid":{"rendered":"https:\/\/www.ocorreionews.com.br\/acervo-correio\/?p=229609"},"modified":"2023-01-30T16:35:23","modified_gmt":"2023-01-30T20:35:23","slug":"governo-desapropria-areas-de-fazendas-para-contorno-em-chapadao","status":"publish","type":"post","link":"https:\/\/www.ocorreionews.com.br\/acervo-correio\/?p=229609","title":{"rendered":"Governo desapropria \u00e1reas de fazendas para contorno em Chapad\u00e3o do Sul"},"content":{"rendered":"<p>O governo estadual vai desapropriar \u00e1reas em 13 propriedades rurais de Chapad\u00e3o do Sul, na regi\u00e3o do Bols\u00e3o, para a constru\u00e7\u00e3o de um anel rodovi\u00e1rio que vai tirar de dentro da cidade o tr\u00e1fego pesado de ve\u00edculos. O projeto foi apresentado no ano passado e hoje saiu a publica\u00e7\u00e3o das propriedades que tiveram trechos considerados de utilidade p\u00fablica para desapropria\u00e7\u00e3o e ser\u00e3o atingidas com a obra.<\/p>\n<p>Ao todo, s\u00e3o 321.978,21 m\u00b2 em trecho da MS-306, conforme o decreto publicado no Di\u00e1rio Oficial. Como a rodovia foi entregue para uma empresa operar, mediante concess\u00e3o p\u00fablica, o governo d\u00e1 poderes para a concession\u00e1ria Way 306 cuidar dos procedimentos para a concretiza\u00e7\u00e3o da obra, seja por meio amig\u00e1vel ou necessidade de recorrer \u00e0 Justi\u00e7a. Conforme o governo, as despesas correr\u00e3o por conta da empresa.<\/p>\n<p>O texto publicado no Di\u00e1rio elenca todas as fazendas e a extens\u00e3o que cada uma ter\u00e1 desapropriada. S\u00e3o elas: Alvorada, Boa Esperan\u00e7a, Nova Esperan\u00e7a, Aurora, Estrela I e II, Yp\u00ea e Passo Fundo. Algumas propriedades perder\u00e3o mais de um trecho.<\/p>\n<p>O contorno vai seguir a partir de um entroncamento da BR-060, acompanhando trecho da malha ferrovi\u00e1ria que passa na regi\u00e3o e adiante reencontrar a MS-306. A via atual ser\u00e1 assumida pelo Munic\u00edpio, que, \u00e0 \u00e9poca em que a obra foi definida, informou que ocuparia o espa\u00e7o para infraestrutura de lazer. Conforme dados do IBGE de 2021, Chapad\u00e3o contava com 21 mil habitantes.<\/p>\n<p>Chapad\u00e3o \u00e9 uma regi\u00e3o destacada pela produ\u00e7\u00e3o agr\u00edcola, constando entre os melhores indicadores econ\u00f4micos e sociais do Estado. A regi\u00e3o concentra tr\u00e2nsito de ve\u00edculos pesados para o escoamento da produ\u00e7\u00e3o do Bols\u00e3o e tamb\u00e9m ve\u00edculos seguindo para demais estados do Centro-Oeste, S\u00e3o Paulo e Minas Gerais, que tamb\u00e9m tem divisas com cidades pr\u00f3ximas. &#8211;<\/p>\n<p>Por Maristela Brunetto : CAMPO GRANDE NEWS<\/p>\n","protected":false},"excerpt":{"rendered":"<p>O governo estadual vai desapropriar \u00e1reas em 13 propriedades rurais de Chapad\u00e3o do Sul, na regi\u00e3o do Bols\u00e3o, para a constru\u00e7\u00e3o de um anel rodovi\u00e1rio que vai tirar de dentro da cidade o tr\u00e1fego pesado de ve\u00edculos. O projeto foi apresentado no ano passado e hoje saiu a publica\u00e7\u00e3o das propriedades que tiveram trechos considerados [&hellip;]<\/p>\n","protected":false},"author":4,"featured_media":229610,"comment_status":"closed","ping_status":"closed","sticky":false,"template":"","format":"standard","meta":{"footnotes":""},"categories":[23,41],"tags":[],"class_list":["post-229609","post","type-post","status-publish","format-standard","has-post-thumbnail","hentry","category-chapadao-do-sul","category-destaque"],"_links":{"self":[{"href":"https:\/\/www.ocorreionews.com.br\/acervo-correio\/index.php?rest_route=\/wp\/v2\/posts\/229609","targetHints":{"allow":["GET"]}}],"collection":[{"href":"https:\/\/www.ocorreionews.com.br\/acervo-correio\/index.php?rest_route=\/wp\/v2\/posts"}],"about":[{"href":"https:\/\/www.ocorreionews.com.br\/acervo-correio\/index.php?rest_route=\/wp\/v2\/types\/post"}],"author":[{"embeddable":true,"href":"https:\/\/www.ocorreionews.com.br\/acervo-correio\/index.php?rest_route=\/wp\/v2\/users\/4"}],"replies":[{"embeddable":true,"href":"https:\/\/www.ocorreionews.com.br\/acervo-correio\/index.php?rest_route=%2Fwp%2Fv2%2Fcomments&post=229609"}],"version-history":[{"count":1,"href":"https:\/\/www.ocorreionews.com.br\/acervo-correio\/index.php?rest_route=\/wp\/v2\/posts\/229609\/revisions"}],"predecessor-version":[{"id":229694,"href":"https:\/\/www.ocorreionews.com.br\/acervo-correio\/index.php?rest_route=\/wp\/v2\/posts\/229609\/revisions\/229694"}],"wp:featuredmedia":[{"embeddable":true,"href":"https:\/\/www.ocorreionews.com.br\/acervo-correio\/index.php?rest_route=\/wp\/v2\/media\/229610"}],"wp:attachment":[{"href":"https:\/\/www.ocorreionews.com.br\/acervo-correio\/index.php?rest_route=%2Fwp%2Fv2%2Fmedia&parent=229609"}],"wp:term":[{"taxonomy":"category","embeddable":true,"href":"https:\/\/www.ocorreionews.com.br\/acervo-correio\/index.php?rest_route=%2Fwp%2Fv2%2Fcategories&post=229609"},{"taxonomy":"post_tag","embeddable":true,"href":"https:\/\/www.ocorreionews.com.br\/acervo-correio\/index.php?rest_route=%2Fwp%2Fv2%2Ftags&post=229609"}],"curies":[{"name":"wp","href":"https:\/\/api.w.org\/{rel}","templated":true}]}}