{"id":229630,"date":"2023-01-30T07:28:35","date_gmt":"2023-01-30T11:28:35","guid":{"rendered":"https:\/\/www.ocorreionews.com.br\/acervo-correio\/?p=229630"},"modified":"2023-01-30T07:28:35","modified_gmt":"2023-01-30T11:28:35","slug":"operario-venceu-o-198o-classico-contra-o-comercial","status":"publish","type":"post","link":"https:\/\/www.ocorreionews.com.br\/acervo-correio\/?p=229630","title":{"rendered":"Oper\u00e1rio venceu o 198\u00ba Cl\u00e1ssico contra o Comercial"},"content":{"rendered":"<p>O Oper\u00e1rio venceu o cl\u00e1ssico contra o Comercial com destaque para a atua\u00e7\u00e3o dos zagueiros Marcio e Felipe, e do atacante Ka\u00edque, autores dos gols que garantiram a vit\u00f3ria de 3 a 1 na tarde deste domingo no est\u00e1dio Jacques da Luz, nas Moreninhas, regi\u00e3o sul da Capital. Este foi o cl\u00e1ssico 198 da hist\u00f3ria.<\/p>\n<p>A partida, v\u00e1lida pela quinta rodada, mas antecipada por conta de compromisso do Galo na Copa Verde, abriu a temporada 2023 dos dois clubes.<\/p>\n<p>O Oper\u00e1rio precisou de dois minutos de bola rolando para abrir o placar com Marcio em cruzamento na \u00e1rea. O empate do Comercial ocorreu somente aos 44 com Gustavo em cobran\u00e7a de p\u00eanaltis. Aos 50 minutos do primeiro tempo, Felipe deixou o Galo na frente novamente. J\u00e1 nos acr\u00e9scimos da etapa final, Ka\u00edque fechou o placar.<\/p>\n<p>O p\u00fablico total e renda da partida n\u00e3o foram divulgados pelo Comercial, como prev\u00ea o Estatuto do Torcedor, mandante da partida.<\/p>\n<p><a href=\"https:\/\/www.ocorreionews.com.br\/acervo-correio\/wp-content\/uploads\/2023\/01\/opxcomer2.png\"><img loading=\"lazy\" decoding=\"async\" class=\"alignnone size-full wp-image-229632\" src=\"https:\/\/www.ocorreionews.com.br\/acervo-correio\/wp-content\/uploads\/2023\/01\/opxcomer2.png\" alt=\"\" width=\"640\" height=\"427\" srcset=\"https:\/\/www.ocorreionews.com.br\/acervo-correio\/wp-content\/uploads\/2023\/01\/opxcomer2.png 640w, https:\/\/www.ocorreionews.com.br\/acervo-correio\/wp-content\/uploads\/2023\/01\/opxcomer2-300x200.png 300w\" sizes=\"auto, (max-width: 640px) 100vw, 640px\" \/><\/a><br \/>\nGustavo aponta para o c\u00e9u na comemora\u00e7\u00e3o de gol do Comercial (Foto: Marcos Maluf)<\/p>\n<p>O Colorado come\u00e7ou a partida com Breno Mohamed; Eliel Luiz (Max), Rodrigo da Silva, Jos\u00e9 Henrique e Lucas Felipe; Alessandro Moreno, Jo\u00e3o Paulo, Pedro Henrique (Felipe) e Mateus Ferreira (Gian); Gustavo Clarindo (Thiago) e Jo\u00e3o Pedro (Gabriel). T\u00e9cnico Ronildo Rocha.<\/p>\n<p>O Oper\u00e1rio foi a campo com Vitor; Travassos, Felipe, Marcio (Jadson) e Jackson; Diogo Alem\u00e3o, Fernandinho, Abuda (Adriano) e Leomir (Sato); Luc\u00e3o (Ka\u00edque) e Tony J\u00fanior (Diego). T\u00e9cnico Celso Rodrigues.<\/p>\n<p>O Comercial recebe o Coxim no est\u00e1dio Jacques da Luz na quarta-feira, \u00e0s 15h, em jogo atrasado da primeira rodada. O Oper\u00e1rio joga no domingo, tamb\u00e9m no Jacques da Luz, contra o Costa Rica, \u00e0s 15h, pela terceira rodada. Oper\u00e1rio e Comercial voltam a se encontrar no dia 19 de mar\u00e7o pela rodada final da fase de classifica\u00e7\u00e3o.<\/p>\n<p><a href=\"https:\/\/www.ocorreionews.com.br\/acervo-correio\/wp-content\/uploads\/2023\/01\/opxcomer.png\"><img loading=\"lazy\" decoding=\"async\" class=\"alignnone size-full wp-image-229631\" src=\"https:\/\/www.ocorreionews.com.br\/acervo-correio\/wp-content\/uploads\/2023\/01\/opxcomer.png\" alt=\"\" width=\"640\" height=\"427\" srcset=\"https:\/\/www.ocorreionews.com.br\/acervo-correio\/wp-content\/uploads\/2023\/01\/opxcomer.png 640w, https:\/\/www.ocorreionews.com.br\/acervo-correio\/wp-content\/uploads\/2023\/01\/opxcomer-300x200.png 300w\" sizes=\"auto, (max-width: 640px) 100vw, 640px\" \/><\/a><br \/>\nLance do segundo gol do Oper\u00e1rio no cl\u00e1ssico (Foto: Marcos Maluf)<\/p>\n<p>\u201cO jogo come\u00e7ou com as particularidades e as suas dificuldades que n\u00f3s entendemos. Parab\u00e9ns ao grupo porque entendeu a ideia que n\u00f3s passamos. Foi bom abrirmos o placar logo no come\u00e7o com uma bola parada. Quer\u00edamos propor o jogo e colocamos em pr\u00e1tica. Tem muita coisa ainda para gente ajustar. A equipe do Comercial tamb\u00e9m fez um grande jogo, limpo, claro. O importante hoje, sim, era primeiro vencer e a\u00ed depois a gente ajustando para a sequ\u00eancia da competi\u00e7\u00e3o\u201d, disse o t\u00e9cnico Celso Rodrigues ap\u00f3s a partida.<\/p>\n<p>Do lado derrotado, o treinador Ronildo Rocha elogiou o desempenho do time. \u201cA gente n\u00e3o teve tempo de trabalhar a bola parada. Tivemos bastante cria\u00e7\u00e3o. Faltou um pouquinho de maturidade, um pouquinho de experi\u00eancia, mas no total do jogo eu gostei da intensidade dos meninos. Hoje foi um jogo teste, um jogo de estreia, um jogo de Comer\u00e1rio, um jogo grande, de alto n\u00edvel. E eu creio que a equipe respondeu em alto n\u00edvel. Infelizmente, a gente n\u00e3o saiu com resultado positivo para n\u00f3s\u201d. &#8211;<\/p>\n<p>&nbsp;<\/p>\n<p>Por Gabriel Neris e Gabriel de Matos &#8211; CREDITO: CAMPO GRANDE NEWS<\/p>\n","protected":false},"excerpt":{"rendered":"<p>O Oper\u00e1rio venceu o cl\u00e1ssico contra o Comercial com destaque para a atua\u00e7\u00e3o dos zagueiros Marcio e Felipe, e do atacante Ka\u00edque, autores dos gols que garantiram a vit\u00f3ria de 3 a 1 na tarde deste domingo no est\u00e1dio Jacques da Luz, nas Moreninhas, regi\u00e3o sul da Capital. Este foi o cl\u00e1ssico 198 da hist\u00f3ria. [&hellip;]<\/p>\n","protected":false},"author":4,"featured_media":229631,"comment_status":"closed","ping_status":"closed","sticky":false,"template":"","format":"standard","meta":{"footnotes":""},"categories":[29],"tags":[],"class_list":["post-229630","post","type-post","status-publish","format-standard","has-post-thumbnail","hentry","category-esporte"],"_links":{"self":[{"href":"https:\/\/www.ocorreionews.com.br\/acervo-correio\/index.php?rest_route=\/wp\/v2\/posts\/229630","targetHints":{"allow":["GET"]}}],"collection":[{"href":"https:\/\/www.ocorreionews.com.br\/acervo-correio\/index.php?rest_route=\/wp\/v2\/posts"}],"about":[{"href":"https:\/\/www.ocorreionews.com.br\/acervo-correio\/index.php?rest_route=\/wp\/v2\/types\/post"}],"author":[{"embeddable":true,"href":"https:\/\/www.ocorreionews.com.br\/acervo-correio\/index.php?rest_route=\/wp\/v2\/users\/4"}],"replies":[{"embeddable":true,"href":"https:\/\/www.ocorreionews.com.br\/acervo-correio\/index.php?rest_route=%2Fwp%2Fv2%2Fcomments&post=229630"}],"version-history":[{"count":1,"href":"https:\/\/www.ocorreionews.com.br\/acervo-correio\/index.php?rest_route=\/wp\/v2\/posts\/229630\/revisions"}],"predecessor-version":[{"id":229634,"href":"https:\/\/www.ocorreionews.com.br\/acervo-correio\/index.php?rest_route=\/wp\/v2\/posts\/229630\/revisions\/229634"}],"wp:featuredmedia":[{"embeddable":true,"href":"https:\/\/www.ocorreionews.com.br\/acervo-correio\/index.php?rest_route=\/wp\/v2\/media\/229631"}],"wp:attachment":[{"href":"https:\/\/www.ocorreionews.com.br\/acervo-correio\/index.php?rest_route=%2Fwp%2Fv2%2Fmedia&parent=229630"}],"wp:term":[{"taxonomy":"category","embeddable":true,"href":"https:\/\/www.ocorreionews.com.br\/acervo-correio\/index.php?rest_route=%2Fwp%2Fv2%2Fcategories&post=229630"},{"taxonomy":"post_tag","embeddable":true,"href":"https:\/\/www.ocorreionews.com.br\/acervo-correio\/index.php?rest_route=%2Fwp%2Fv2%2Ftags&post=229630"}],"curies":[{"name":"wp","href":"https:\/\/api.w.org\/{rel}","templated":true}]}}