{"id":229635,"date":"2023-01-30T07:50:41","date_gmt":"2023-01-30T11:50:41","guid":{"rendered":"https:\/\/www.ocorreionews.com.br\/acervo-correio\/?p=229635"},"modified":"2023-01-30T07:50:41","modified_gmt":"2023-01-30T11:50:41","slug":"milho-veja-o-que-pode-acontecer-com-o-mercado-nesta-semana","status":"publish","type":"post","link":"https:\/\/www.ocorreionews.com.br\/acervo-correio\/?p=229635","title":{"rendered":"Milho: veja o que pode acontecer com o mercado nesta semana"},"content":{"rendered":"<p>Acompanhe abaixo os fatos que dever\u00e3o merecer a aten\u00e7\u00e3o do <strong>mercado de milho<\/strong> na pr\u00f3xima semana.<\/p>\n<p>As dicas s\u00e3o do analista da <strong>Safras Consultoria, Paulo<\/strong> <strong>Molinari<\/strong>.<\/p>\n<p>\u2013 Demanda mundial agora se concentrando no milho norte-americano, com vi\u00e9s de eleva\u00e7\u00e3o na exporta\u00e7\u00e3o semanal e consequente sustenta\u00e7\u00e3o de pre\u00e7os;<\/p>\n<p>\u2013 Algum risco de agravamento na situa\u00e7\u00e3o do Mar Negro mant\u00e9m o trigo sob expectativa de movimentos mais expressivos com reflexos no milho;<\/p>\n<p>\u2013 Retomada da China no mercado global, por enquanto, n\u00e3o \u00e9 um grande fator para o mercado internacional de milho, mas pode se refletir no trigo;<\/p>\n<p>\u2013 Clima na Argentina melhorando sensivelmente em janeiro, com boas chuvas e melhorando as condi\u00e7\u00f5es do milho e da soja, apesar de j\u00e1 existir alguma quebra;<\/p>\n<p>\u2013 Menor exporta\u00e7\u00e3o da Argentina para 2023 deve carregar a demanda de milho tamb\u00e9m para os EUA;<\/p>\n<p>\u2013 O mercado brasileiro v\u00ea ainda atrasos nas colheitas da soja e menor press\u00e3o de log\u00edstica em janeiro;<\/p>\n<p>\u2013 Espa\u00e7o para algum fluxo de milho interno pelo produtor e da log\u00edstica pelo comprador;<\/p>\n<p>\u2013 O mercado interno ainda vai conseguindo se abastecer em janeiro de forma tranquila e at\u00e9 com alguma press\u00e3o de venda regional pelo produtor;<\/p>\n<p>\u2013 Colheita no Rio Grande do Sul avan\u00e7ando, atendendo das demandas regionais e com natural acomoda\u00e7\u00e3o de pre\u00e7os;<\/p>\n<p>\u2013 Contudo, a soja deve avan\u00e7ar forte em colheitas em fevereiro, assumir a posi\u00e7\u00e3o dominante na log\u00edstica e complicar o quadro de comercializa\u00e7\u00e3o do milho;<\/p>\n<p>\u2013 Estranhamente, os produtores parecem preferir vender milho, em vez da soja, mesmo com o vi\u00e9s claramente baixista para a oleaginosa e altista para o cereal neste primeiro semestre;<\/p>\n<p>\u2013 Clima na Argentina ainda pesa no psicol\u00f3gico do mercado brasileiro enquanto o c\u00e2mbio pressiona as cota\u00e7\u00f5es da safrinha 2023;<\/p>\n<p>\u2013 Exporta\u00e7\u00f5es fechando em patamares alt\u00edssimos, estoques de passagem nos n\u00edveis mais baixos desde 2016, demanda interna forte s\u00e3o indicadores de alta para o milho neste semestre.<\/p>\n<p>Por Ag\u00eancia Safras<\/p>\n","protected":false},"excerpt":{"rendered":"<p>Acompanhe abaixo os fatos que dever\u00e3o merecer a aten\u00e7\u00e3o do mercado de milho na pr\u00f3xima semana. As dicas s\u00e3o do analista da Safras Consultoria, Paulo Molinari. \u2013 Demanda mundial agora se concentrando no milho norte-americano, com vi\u00e9s de eleva\u00e7\u00e3o na exporta\u00e7\u00e3o semanal e consequente sustenta\u00e7\u00e3o de pre\u00e7os; \u2013 Algum risco de agravamento na situa\u00e7\u00e3o do [&hellip;]<\/p>\n","protected":false},"author":4,"featured_media":229636,"comment_status":"closed","ping_status":"closed","sticky":false,"template":"","format":"standard","meta":{"footnotes":""},"categories":[17],"tags":[],"class_list":["post-229635","post","type-post","status-publish","format-standard","has-post-thumbnail","hentry","category-agropecuaria"],"_links":{"self":[{"href":"https:\/\/www.ocorreionews.com.br\/acervo-correio\/index.php?rest_route=\/wp\/v2\/posts\/229635","targetHints":{"allow":["GET"]}}],"collection":[{"href":"https:\/\/www.ocorreionews.com.br\/acervo-correio\/index.php?rest_route=\/wp\/v2\/posts"}],"about":[{"href":"https:\/\/www.ocorreionews.com.br\/acervo-correio\/index.php?rest_route=\/wp\/v2\/types\/post"}],"author":[{"embeddable":true,"href":"https:\/\/www.ocorreionews.com.br\/acervo-correio\/index.php?rest_route=\/wp\/v2\/users\/4"}],"replies":[{"embeddable":true,"href":"https:\/\/www.ocorreionews.com.br\/acervo-correio\/index.php?rest_route=%2Fwp%2Fv2%2Fcomments&post=229635"}],"version-history":[{"count":1,"href":"https:\/\/www.ocorreionews.com.br\/acervo-correio\/index.php?rest_route=\/wp\/v2\/posts\/229635\/revisions"}],"predecessor-version":[{"id":229637,"href":"https:\/\/www.ocorreionews.com.br\/acervo-correio\/index.php?rest_route=\/wp\/v2\/posts\/229635\/revisions\/229637"}],"wp:featuredmedia":[{"embeddable":true,"href":"https:\/\/www.ocorreionews.com.br\/acervo-correio\/index.php?rest_route=\/wp\/v2\/media\/229636"}],"wp:attachment":[{"href":"https:\/\/www.ocorreionews.com.br\/acervo-correio\/index.php?rest_route=%2Fwp%2Fv2%2Fmedia&parent=229635"}],"wp:term":[{"taxonomy":"category","embeddable":true,"href":"https:\/\/www.ocorreionews.com.br\/acervo-correio\/index.php?rest_route=%2Fwp%2Fv2%2Fcategories&post=229635"},{"taxonomy":"post_tag","embeddable":true,"href":"https:\/\/www.ocorreionews.com.br\/acervo-correio\/index.php?rest_route=%2Fwp%2Fv2%2Ftags&post=229635"}],"curies":[{"name":"wp","href":"https:\/\/api.w.org\/{rel}","templated":true}]}}