{"id":229638,"date":"2023-01-30T08:41:33","date_gmt":"2023-01-30T12:41:33","guid":{"rendered":"https:\/\/www.ocorreionews.com.br\/acervo-correio\/?p=229638"},"modified":"2023-01-30T08:41:33","modified_gmt":"2023-01-30T12:41:33","slug":"dia-mundial-contra-a-hanseniase-e-dia-nacional-de-combate-e-prevencao-da-hanseniase","status":"publish","type":"post","link":"https:\/\/www.ocorreionews.com.br\/acervo-correio\/?p=229638","title":{"rendered":"Dia Mundial Contra a Hansen\u00edase e Dia Nacional de Combate e Preven\u00e7\u00e3o da Hansen\u00edase"},"content":{"rendered":"<p>O dia Mundial da Hansen\u00edase \u00e9 celebrado sempre no final de janeiro, \u00faltimo domingo do m\u00eas. A data foi criada para mobilizar a sociedade em torno da doen\u00e7a que, antigamente, era conhecida como Lepra. Diversas a\u00e7\u00f5es de conscientiza\u00e7\u00e3o s\u00e3o realizadas pelo pa\u00eds e marcam a campanha Janeiro Roxo, no qual chama aten\u00e7\u00e3o para os sinais e sintomas da hansen\u00edase, alertando para a import\u00e2ncia do diagn\u00f3stico precoce a fim de evitar sequelas graves.<\/p>\n<p>A hansen\u00edase \u00e9 uma doen\u00e7a infecciosa causada pela bact\u00e9ria\u00a0<em>Mycobacterium Leprae<\/em>, tamb\u00e9m conhecida como bacilo de Hansen.<\/p>\n<p>O bacilo se reproduz lentamente e o per\u00edodo m\u00e9dio de incuba\u00e7\u00e3o e aparecimento dos sinais da doen\u00e7a \u00e9 de aproximadamente cinco anos, de acordo com informa\u00e7\u00f5es da Organiza\u00e7\u00e3o Pan-Americana da Sa\u00fade (Opas).<\/p>\n<p><a href=\"https:\/\/www.ocorreionews.com.br\/acervo-correio\/wp-content\/uploads\/2023\/01\/casos-hanssienise.png\"><img loading=\"lazy\" decoding=\"async\" class=\"alignnone size-full wp-image-229640\" src=\"https:\/\/www.ocorreionews.com.br\/acervo-correio\/wp-content\/uploads\/2023\/01\/casos-hanssienise.png\" alt=\"\" width=\"579\" height=\"105\" srcset=\"https:\/\/www.ocorreionews.com.br\/acervo-correio\/wp-content\/uploads\/2023\/01\/casos-hanssienise.png 579w, https:\/\/www.ocorreionews.com.br\/acervo-correio\/wp-content\/uploads\/2023\/01\/casos-hanssienise-300x54.png 300w\" sizes=\"auto, (max-width: 579px) 100vw, 579px\" \/><\/a><\/p>\n<p><strong>Orienta\u00e7\u00f5es sobre a doen\u00e7a<\/strong>:<\/p>\n<p><u>Sinais e sintomas:<\/u><\/p>\n<p>\u2013 Manchas (esbranqui\u00e7adas, amarronzadas e avermelhadas) na pele com mudan\u00e7as na sensibilidade dolorosa, t\u00e9rmica e t\u00e1til;<br \/>\n\u2013 Sensa\u00e7\u00e3o de fisgada, choque, dorm\u00eancia e formigamento ao longo dos nervos dos membros;<br \/>\n\u2013 Perda de pelos em algumas \u00e1reas e redu\u00e7\u00e3o da transpira\u00e7\u00e3o;<br \/>\n\u2013 Incha\u00e7o e dor nas m\u00e3os, p\u00e9s e articula\u00e7\u00f5es;<br \/>\n\u2013 Dor e espessamento nos nervos perif\u00e9ricos;<br \/>\n\u2013 Redu\u00e7\u00e3o da for\u00e7a muscular, sobretudo nas m\u00e3os e p\u00e9s;<br \/>\n\u2013 Caro\u00e7os no corpo;<br \/>\n\u2013 Pele seca;<br \/>\n\u2013 Olhos ressecados;<br \/>\n\u2013 Feridas, sangramento e ressecamento no nariz;<br \/>\n\u2013 Febre e mal-estar geral.<\/p>\n<p>Quando os casos n\u00e3o s\u00e3o tratados no in\u00edcio dos sinais, a doen\u00e7a pode causar sequelas progressivas e permanentes, incluindo deformidades e mutila\u00e7\u00f5es, redu\u00e7\u00e3o da mobilidade dos membros e at\u00e9 cegueira.<\/p>\n<p><u>Onde se tratar<\/u>:<\/p>\n<p>Se apresentar um ou mais desses sinais e sintomas, procure ajuda m\u00e9dica. O posto de sa\u00fade mais pr\u00f3ximo de sua casa ou uma equipe de sa\u00fade da fam\u00edlia podem lhe ajudar. Neles, \u00e9 poss\u00edvel fazer exames e receber orienta\u00e7\u00f5es de como se tratar!<\/p>\n<p><u>Parentes e amigos<\/u>:<\/p>\n<p>Em caso de diagn\u00f3stico confirmado para hansen\u00edase, oriente as pessoas com as quais mant\u00e9m contato pr\u00f3ximo e regular (familiares, amigos, colegas de trabalho) a tamb\u00e9m irem ao m\u00e9dico para serem examinadas.<\/p>\n<p><u>Siga o tratamento<\/u>:<\/p>\n<p>Quem tem diagn\u00f3stico para hansen\u00edase deve come\u00e7ar a tomar os medicamentos prescritos de imediato. Ao fazer isso, o paciente deixa de ser transmissor da doen\u00e7a. E aten\u00e7\u00e3o: \u00e9 importante n\u00e3o abandonar o tratamento ou deixar de tomar os rem\u00e9dios.<\/p>\n<p>O tratamento consiste na associa\u00e7\u00e3o de antibi\u00f3ticos usados de forma padronizada. O paciente deve tomar a primeira dose mensal supervisionada pelo profissional de sa\u00fade, sendo as demais, auto administradas. O Sistema \u00danico de Sa\u00fade (SUS) disponibiliza o tratamento e o acompanhamento da doen\u00e7a em unidades b\u00e1sicas de sa\u00fade e em unidades de refer\u00eancia.<\/p>\n<p><u>Preven\u00e7\u00e3o<\/u>:<\/p>\n<p>O diagn\u00f3stico precoce, o tratamento oportuno e a investiga\u00e7\u00e3o de contatos que convivem ou conviveram, residem ou residiram, de forma prolongada com pacientes acometidos por hansen\u00edase, s\u00e3o as principais formas de preven\u00e7\u00e3o.<\/p>\n<p>&nbsp;<\/p>\n","protected":false},"excerpt":{"rendered":"<p>O dia Mundial da Hansen\u00edase \u00e9 celebrado sempre no final de janeiro, \u00faltimo domingo do m\u00eas. A data foi criada para mobilizar a sociedade em torno da doen\u00e7a que, antigamente, era conhecida como Lepra. Diversas a\u00e7\u00f5es de conscientiza\u00e7\u00e3o s\u00e3o realizadas pelo pa\u00eds e marcam a campanha Janeiro Roxo, no qual chama aten\u00e7\u00e3o para os sinais [&hellip;]<\/p>\n","protected":false},"author":4,"featured_media":229639,"comment_status":"closed","ping_status":"closed","sticky":false,"template":"","format":"standard","meta":{"footnotes":""},"categories":[23,41],"tags":[],"class_list":["post-229638","post","type-post","status-publish","format-standard","has-post-thumbnail","hentry","category-chapadao-do-sul","category-destaque"],"_links":{"self":[{"href":"https:\/\/www.ocorreionews.com.br\/acervo-correio\/index.php?rest_route=\/wp\/v2\/posts\/229638","targetHints":{"allow":["GET"]}}],"collection":[{"href":"https:\/\/www.ocorreionews.com.br\/acervo-correio\/index.php?rest_route=\/wp\/v2\/posts"}],"about":[{"href":"https:\/\/www.ocorreionews.com.br\/acervo-correio\/index.php?rest_route=\/wp\/v2\/types\/post"}],"author":[{"embeddable":true,"href":"https:\/\/www.ocorreionews.com.br\/acervo-correio\/index.php?rest_route=\/wp\/v2\/users\/4"}],"replies":[{"embeddable":true,"href":"https:\/\/www.ocorreionews.com.br\/acervo-correio\/index.php?rest_route=%2Fwp%2Fv2%2Fcomments&post=229638"}],"version-history":[{"count":1,"href":"https:\/\/www.ocorreionews.com.br\/acervo-correio\/index.php?rest_route=\/wp\/v2\/posts\/229638\/revisions"}],"predecessor-version":[{"id":229641,"href":"https:\/\/www.ocorreionews.com.br\/acervo-correio\/index.php?rest_route=\/wp\/v2\/posts\/229638\/revisions\/229641"}],"wp:featuredmedia":[{"embeddable":true,"href":"https:\/\/www.ocorreionews.com.br\/acervo-correio\/index.php?rest_route=\/wp\/v2\/media\/229639"}],"wp:attachment":[{"href":"https:\/\/www.ocorreionews.com.br\/acervo-correio\/index.php?rest_route=%2Fwp%2Fv2%2Fmedia&parent=229638"}],"wp:term":[{"taxonomy":"category","embeddable":true,"href":"https:\/\/www.ocorreionews.com.br\/acervo-correio\/index.php?rest_route=%2Fwp%2Fv2%2Fcategories&post=229638"},{"taxonomy":"post_tag","embeddable":true,"href":"https:\/\/www.ocorreionews.com.br\/acervo-correio\/index.php?rest_route=%2Fwp%2Fv2%2Ftags&post=229638"}],"curies":[{"name":"wp","href":"https:\/\/api.w.org\/{rel}","templated":true}]}}