{"id":229791,"date":"2023-01-31T13:38:23","date_gmt":"2023-01-31T17:38:23","guid":{"rendered":"https:\/\/www.ocorreionews.com.br\/acervo-correio\/?p=229791"},"modified":"2023-01-31T15:00:23","modified_gmt":"2023-01-31T19:00:23","slug":"psdb-decide-que-gerson-claro-sera-presidente-e-paulo-correa-1o-secretario-da-assembleia","status":"publish","type":"post","link":"https:\/\/www.ocorreionews.com.br\/acervo-correio\/?p=229791","title":{"rendered":"PSDB apoia Gerson Claro a presidencia e Paulo Corr\u00eaa 1\u00ba secret\u00e1rio da Assembleia Legislativa"},"content":{"rendered":"<p>Reuni\u00e3o do PSDB na tarde de ontem (30) definiu o apoio ao nome de Gerson Claro (PP) para a presid\u00eancia da Assembleia Legislativa. A elei\u00e7\u00e3o ocorre no in\u00edcio da 1\u00aa sess\u00e3o do ano, manh\u00e3 (1\u00ba).<\/p>\n<p>O presidente estadual do partido, o ex-governador Reinaldo Azambuja, disse ao final da reuni\u00e3o que o partido buscava consenso. \u201cA Mara [Caseiro] que era pretensa candidata a presidente abriu m\u00e3o em nome de um aliado, do PP, que \u00e9 o Gerson. Isso est\u00e1 bem amadurecido\u201d, pontuou.<\/p>\n<figure id=\"attachment_70314\" class=\"wp-caption aligncenter\" aria-describedby=\"caption-attachment-70314\"><img loading=\"lazy\" decoding=\"async\" class=\"wp-image-70314 size-full lazyloaded\" src=\"https:\/\/folhacg.com.br\/wp-content\/uploads\/2023\/01\/decide.jpg\" sizes=\"auto, (max-width: 504px) 100vw, 504px\" srcset=\"https:\/\/folhacg.com.br\/wp-content\/uploads\/2023\/01\/decide.jpg 504w, https:\/\/folhacg.com.br\/wp-content\/uploads\/2023\/01\/decide-300x258.jpg 300w\" alt=\"\" width=\"504\" height=\"433\" data-srcset=\"https:\/\/folhacg.com.br\/wp-content\/uploads\/2023\/01\/decide.jpg 504w, https:\/\/folhacg.com.br\/wp-content\/uploads\/2023\/01\/decide-300x258.jpg 300w\" data-src=\"https:\/\/folhacg.com.br\/wp-content\/uploads\/2023\/01\/decide.jpg\" data-sizes=\"(max-width: 504px) 100vw, 504px\" \/><figcaption id=\"caption-attachment-70314\" class=\"wp-caption-text\">Elei\u00e7\u00e3o da Mesa ser\u00e1 feita por vota\u00e7\u00e3o nominal e aberta \u2013 Foto Luciana Nassar<\/figcaption><\/figure>\n<p>Na sa\u00edda do encontro, Claro revelou que j\u00e1 teria de 14 a 15 assinaturas para seu nome, o suficiente para ser conduzido \u00e0 presid\u00eancia.<\/p>\n<p>A reuni\u00e3o de quase 3h na Governadoria, definiu a chapa de consenso com os principais nomes da nova Mesa Diretora da Assembleia Legislativa para o bi\u00eanio 2023-2024.<\/p>\n<p>Gerson Claro (PP) para presidente e Paulo Corr\u00eaa para 1\u00ba-secret\u00e1rio.<\/p>\n<p>Al\u00e9m disso, tamb\u00e9m foram definidos os nomes de Renato C\u00e2mara (MDB) como1\u00ba-vice-presidente, Z\u00e9 Teixeira (PSDB) como 2\u00ba-vice-presidente, Pedro Kemp (PT) como 2\u00ba-secret\u00e1rio e Lucas de Lima (PDT) como3\u00ba -secret\u00e1rio, enquanto o 3\u00ba-vice-presidente ainda ser\u00e1 definido.<\/p>\n<p>Segundo Reinaldo Azambuja, o PSDB \u00e9 um partido da pacifica\u00e7\u00e3o, por isso, foi buscar o consenso. \u201cN\u00e3o somos s\u00f3 n\u00f3s, o PSDB: temos outros aliados, lideran\u00e7as e partidos e vamos conversar para tentar uma chapa que respeite a proporcionalidade da Casa, com todos fazendo parte de cargos, comiss\u00f5es e espa\u00e7os importantes na Assembleia\u201d, disse.<\/p>\n<p>O encontro com a bancada do PSDB aconteceu na sede da Governadoria e contou com os seis deputados estaduais eleitos: Jamilson Name, Mara Caseiro, Lia Nogueira, Z\u00e9 Teixeira, Paulo Corr\u00eaa e Pedro Caravina.<\/p>\n<p>Tamb\u00e9m participaram da reuni\u00e3o o governador Eduardo Riedel (PSDB), o presidente estadual do PSDB e ex-governador Reinaldo Azambuja (PSDB) e o articulador pol\u00edtico e secret\u00e1rio-executivo do escrit\u00f3rio de rela\u00e7\u00f5es institucionais e pol\u00edticas no Distrito Federal da Secretaria de Estado da Casa Civil, S\u00e9rgio de Paula.<\/p>\n<p>Folha de C G<\/p>\n","protected":false},"excerpt":{"rendered":"<p>Reuni\u00e3o do PSDB na tarde de ontem (30) definiu o apoio ao nome de Gerson Claro (PP) para a presid\u00eancia da Assembleia Legislativa. A elei\u00e7\u00e3o ocorre no in\u00edcio da 1\u00aa sess\u00e3o do ano, manh\u00e3 (1\u00ba). O presidente estadual do partido, o ex-governador Reinaldo Azambuja, disse ao final da reuni\u00e3o que o partido buscava consenso. \u201cA [&hellip;]<\/p>\n","protected":false},"author":4,"featured_media":229514,"comment_status":"closed","ping_status":"closed","sticky":false,"template":"","format":"standard","meta":{"footnotes":""},"categories":[37],"tags":[],"class_list":["post-229791","post","type-post","status-publish","format-standard","has-post-thumbnail","hentry","category-politica"],"_links":{"self":[{"href":"https:\/\/www.ocorreionews.com.br\/acervo-correio\/index.php?rest_route=\/wp\/v2\/posts\/229791","targetHints":{"allow":["GET"]}}],"collection":[{"href":"https:\/\/www.ocorreionews.com.br\/acervo-correio\/index.php?rest_route=\/wp\/v2\/posts"}],"about":[{"href":"https:\/\/www.ocorreionews.com.br\/acervo-correio\/index.php?rest_route=\/wp\/v2\/types\/post"}],"author":[{"embeddable":true,"href":"https:\/\/www.ocorreionews.com.br\/acervo-correio\/index.php?rest_route=\/wp\/v2\/users\/4"}],"replies":[{"embeddable":true,"href":"https:\/\/www.ocorreionews.com.br\/acervo-correio\/index.php?rest_route=%2Fwp%2Fv2%2Fcomments&post=229791"}],"version-history":[{"count":1,"href":"https:\/\/www.ocorreionews.com.br\/acervo-correio\/index.php?rest_route=\/wp\/v2\/posts\/229791\/revisions"}],"predecessor-version":[{"id":229800,"href":"https:\/\/www.ocorreionews.com.br\/acervo-correio\/index.php?rest_route=\/wp\/v2\/posts\/229791\/revisions\/229800"}],"wp:featuredmedia":[{"embeddable":true,"href":"https:\/\/www.ocorreionews.com.br\/acervo-correio\/index.php?rest_route=\/wp\/v2\/media\/229514"}],"wp:attachment":[{"href":"https:\/\/www.ocorreionews.com.br\/acervo-correio\/index.php?rest_route=%2Fwp%2Fv2%2Fmedia&parent=229791"}],"wp:term":[{"taxonomy":"category","embeddable":true,"href":"https:\/\/www.ocorreionews.com.br\/acervo-correio\/index.php?rest_route=%2Fwp%2Fv2%2Fcategories&post=229791"},{"taxonomy":"post_tag","embeddable":true,"href":"https:\/\/www.ocorreionews.com.br\/acervo-correio\/index.php?rest_route=%2Fwp%2Fv2%2Ftags&post=229791"}],"curies":[{"name":"wp","href":"https:\/\/api.w.org\/{rel}","templated":true}]}}