{"id":229801,"date":"2023-01-31T15:16:34","date_gmt":"2023-01-31T19:16:34","guid":{"rendered":"https:\/\/www.ocorreionews.com.br\/acervo-correio\/?p=229801"},"modified":"2023-01-31T15:16:34","modified_gmt":"2023-01-31T19:16:34","slug":"video-motociclista-que-morreu-em-costa-rica-colidiu-em-carreta-antes-da-queda","status":"publish","type":"post","link":"https:\/\/www.ocorreionews.com.br\/acervo-correio\/?p=229801","title":{"rendered":"V\u00eddeo: Motociclista que morreu em Costa Rica colidiu em carreta antes da queda"},"content":{"rendered":"<p>O motociclista \u00c2ngelo Onofre Lisboa, de 67 anos, que morreu ap\u00f3s acidente envolvendo um caminh\u00e3o nessa segunda-feira (30) em Costa Rica, avan\u00e7ou a sinaliza\u00e7\u00e3o de parada obrigat\u00f3ria. C\u00e2meras de seguran\u00e7a de um estabelecimento comercial das proximidades \u2013 nos altos da Avenida Jos\u00e9 Ferreira da Costa, pr\u00f3ximo ao Centro de Eventos Ramez Tebet \u2013 mostram o momento em que ele \u00e9 atropelado.<\/p>\n<p>Quando os militares do Corpo de Bombeiros chegaram ao local, encontraram \u00c2ngelo com o capacete na cabe\u00e7a, ca\u00eddo ao solo. Entretanto, ele ainda estava consciente e informou aos bombeiros que havia batido em uma carreta. A carreta n\u00e3o estava no local.<\/p>\n<p>&nbsp;<\/p>\n<p><iframe loading=\"lazy\" title=\"Idoso morre ao colidir moto em carreta em avenida de Costa Rica - MS.\" width=\"1170\" height=\"658\" src=\"https:\/\/www.youtube.com\/embed\/8jbojrYzbLk?wmode=transparent&amp;rel=0&amp;feature=oembed\" frameborder=\"0\" allow=\"accelerometer; autoplay; clipboard-write; encrypted-media; gyroscope; picture-in-picture; web-share\" allowfullscreen><\/iframe><\/p>\n<p><strong>ENTENDA O CASO<\/strong><\/p>\n<p>Um motociclista de 67 anos, identificado como \u00c2ngelo Onofre Lisboa, morreu horas ap\u00f3s sofrer um grave acidente nos altos da Avenida Jos\u00e9 Ferreira da Costa, nesta segunda-feira (30), nas proximidades do Centro de Eventos Ramez Tebet em Costa Rica.<\/p>\n<p>\u00c2ngelo chegou a ser socorrido para a Funda\u00e7\u00e3o Hospitalar de Costa Rica, mas n\u00e3o resistiu ao fazer uma cirurgia. O acidente ocorreu por volta das 8h30, mas a morte foi constatada no final da tarde.\u00a0A causa da morte foi politraumatismo.<\/p>\n<p>Entretanto, segundo uma testemunha que afirma ter conversado com a v\u00edtima logo ap\u00f3s a queda, \u00c2ngelo teria se queixado de dores no ombro. \u201cEu fui o segundo a chegar no local, mas ele relatou que passou uma carreta e ele se desequilibrou. A moto estava em perfeito estado\u201d, afirma.<\/p>\n<p><img loading=\"lazy\" decoding=\"async\" class=\"img-centro\" title=\"Motociclista \u00e9 socorrido ap\u00f3s acidente e morre horas depois em hospital de Costa Rica\" src=\"https:\/\/mstododia.com.br\/admin\/uploads\/images\/conteudo\/63d86a6c94fba_motociclistaesocorridoaposacidenteemorrehorasdepoisemhospitaldecostarica746713acidentecommorte.jpeg\" alt=\"Motociclista \u00e9 socorrido ap\u00f3s acidente e morre horas depois em hospital de Costa Rica\" width=\"631\" height=\"405\" \/><\/p>\n<p><img decoding=\"async\" src=\"https:\/\/mstododia.com.br\/uploads\/images\/acidente%20moto%20(1).jpeg\" alt=\"\" \/><\/p>\n<p>*MS Todo Dia<\/p>\n","protected":false},"excerpt":{"rendered":"<p>O motociclista \u00c2ngelo Onofre Lisboa, de 67 anos, que morreu ap\u00f3s acidente envolvendo um caminh\u00e3o nessa segunda-feira (30) em Costa Rica, avan\u00e7ou a sinaliza\u00e7\u00e3o de parada obrigat\u00f3ria. C\u00e2meras de seguran\u00e7a de um estabelecimento comercial das proximidades \u2013 nos altos da Avenida Jos\u00e9 Ferreira da Costa, pr\u00f3ximo ao Centro de Eventos Ramez Tebet \u2013 mostram o [&hellip;]<\/p>\n","protected":false},"author":5,"featured_media":229804,"comment_status":"closed","ping_status":"closed","sticky":false,"template":"","format":"standard","meta":{"footnotes":""},"categories":[25,41],"tags":[],"class_list":["post-229801","post","type-post","status-publish","format-standard","has-post-thumbnail","hentry","category-costa-rica","category-destaque"],"_links":{"self":[{"href":"https:\/\/www.ocorreionews.com.br\/acervo-correio\/index.php?rest_route=\/wp\/v2\/posts\/229801","targetHints":{"allow":["GET"]}}],"collection":[{"href":"https:\/\/www.ocorreionews.com.br\/acervo-correio\/index.php?rest_route=\/wp\/v2\/posts"}],"about":[{"href":"https:\/\/www.ocorreionews.com.br\/acervo-correio\/index.php?rest_route=\/wp\/v2\/types\/post"}],"author":[{"embeddable":true,"href":"https:\/\/www.ocorreionews.com.br\/acervo-correio\/index.php?rest_route=\/wp\/v2\/users\/5"}],"replies":[{"embeddable":true,"href":"https:\/\/www.ocorreionews.com.br\/acervo-correio\/index.php?rest_route=%2Fwp%2Fv2%2Fcomments&post=229801"}],"version-history":[{"count":1,"href":"https:\/\/www.ocorreionews.com.br\/acervo-correio\/index.php?rest_route=\/wp\/v2\/posts\/229801\/revisions"}],"predecessor-version":[{"id":229805,"href":"https:\/\/www.ocorreionews.com.br\/acervo-correio\/index.php?rest_route=\/wp\/v2\/posts\/229801\/revisions\/229805"}],"wp:featuredmedia":[{"embeddable":true,"href":"https:\/\/www.ocorreionews.com.br\/acervo-correio\/index.php?rest_route=\/wp\/v2\/media\/229804"}],"wp:attachment":[{"href":"https:\/\/www.ocorreionews.com.br\/acervo-correio\/index.php?rest_route=%2Fwp%2Fv2%2Fmedia&parent=229801"}],"wp:term":[{"taxonomy":"category","embeddable":true,"href":"https:\/\/www.ocorreionews.com.br\/acervo-correio\/index.php?rest_route=%2Fwp%2Fv2%2Fcategories&post=229801"},{"taxonomy":"post_tag","embeddable":true,"href":"https:\/\/www.ocorreionews.com.br\/acervo-correio\/index.php?rest_route=%2Fwp%2Fv2%2Ftags&post=229801"}],"curies":[{"name":"wp","href":"https:\/\/api.w.org\/{rel}","templated":true}]}}