{"id":229802,"date":"2023-01-31T15:19:00","date_gmt":"2023-01-31T19:19:00","guid":{"rendered":"https:\/\/www.ocorreionews.com.br\/acervo-correio\/?p=229802"},"modified":"2023-01-31T15:19:00","modified_gmt":"2023-01-31T19:19:00","slug":"tres-pessoas-ficam-feridas-em-capotamento-na-br-163-em-coxim","status":"publish","type":"post","link":"https:\/\/www.ocorreionews.com.br\/acervo-correio\/?p=229802","title":{"rendered":"Tr\u00eas pessoas ficam feridas em capotamento na BR-163, em Coxim"},"content":{"rendered":"<p>Tr\u00eas pessoas ficaram feridas num acidente ocorrido na manh\u00e3 desta ter\u00e7a-feira (31), na BR-163, em Coxim.<\/p>\n<p>Eles eram ocupantes de uma Toyota Hillux, com placas de S\u00e3o Gabriel do Oeste, que perdeu o controle e capotou no quilometro 722.<\/p>\n<div class=\"imagem_noticia center img640_480\"><a href=\"http:\/\/www.edicaoms.com.br\/uploads\/images\/noticias\/7a441d5520f188ff87f0019192708e6f.jpg\" data-lightbox=\"example-2\" data-title=\"Foto: PC de Souza\"><img decoding=\"async\" title=\"\" src=\"http:\/\/www.edicaoms.com.br\/uploads\/images\/noticias\/7a441d5520f188ff87f0019192708e6f.jpg\" alt=\"\" \/><\/a><\/p>\n<div class=\"foto_legenda\">Foto: PC de Souza<\/div>\n<\/div>\n<p>As v\u00edtimas s\u00e3o tr\u00eas homens que, aparentemente, n\u00e3o sofreram ferimentos graves. Socorridos pelo Corpo de Bombeiros, eles foram levados para o Hospital Regional \u00c1lvaro Fontoura, em Coxim.<\/p>\n<p>A camionete ficou parcialmente destru\u00edda. Ao que tudo indica, o ve\u00edculo capotou mais de uma vez, parando no acometimento, \u00e0s margens da rodovia.<\/p>\n<div class=\"imagem_noticia center img640_480\"><a href=\"http:\/\/www.edicaoms.com.br\/uploads\/images\/noticias\/bf46ef7ce1f3752663b6afe11431d2a3.jpg\" data-lightbox=\"example-2\" data-title=\"Foto: PC de Souza\"><img decoding=\"async\" title=\"\" src=\"http:\/\/www.edicaoms.com.br\/uploads\/images\/noticias\/bf46ef7ce1f3752663b6afe11431d2a3.jpg\" alt=\"\" \/><\/a><\/p>\n<div class=\"foto_legenda\">Foto: PC de Souza<\/div>\n<\/div>\n<p>A informa\u00e7\u00e3o passada a pol\u00edcia \u00e9 de que o motorista passou mal, chegando a desmaiar enquanto dirigia. O carona ainda teria tentado segurar a dire\u00e7\u00e3o, mas n\u00e3o conseguiu.<\/p>\n<p>A PRF (Pol\u00edcia Rodovi\u00e1ria Federal) foi acionada para registrar o acidente. O tr\u00e2nsito chegou a ficar no sistema pare e siga, por\u00e9m, j\u00e1 flui normalmente.<\/p>\n<p>edi\u00e7\u00e3oms &#8211; Sheila Forato<\/p>\n","protected":false},"excerpt":{"rendered":"<p>Tr\u00eas pessoas ficaram feridas num acidente ocorrido na manh\u00e3 desta ter\u00e7a-feira (31), na BR-163, em Coxim. Eles eram ocupantes de uma Toyota Hillux, com placas de S\u00e3o Gabriel do Oeste, que perdeu o controle e capotou no quilometro 722. Foto: PC de Souza As v\u00edtimas s\u00e3o tr\u00eas homens que, aparentemente, n\u00e3o sofreram ferimentos graves. Socorridos [&hellip;]<\/p>\n","protected":false},"author":4,"featured_media":229806,"comment_status":"closed","ping_status":"closed","sticky":false,"template":"","format":"standard","meta":{"footnotes":""},"categories":[38],"tags":[],"class_list":["post-229802","post","type-post","status-publish","format-standard","has-post-thumbnail","hentry","category-policia"],"_links":{"self":[{"href":"https:\/\/www.ocorreionews.com.br\/acervo-correio\/index.php?rest_route=\/wp\/v2\/posts\/229802","targetHints":{"allow":["GET"]}}],"collection":[{"href":"https:\/\/www.ocorreionews.com.br\/acervo-correio\/index.php?rest_route=\/wp\/v2\/posts"}],"about":[{"href":"https:\/\/www.ocorreionews.com.br\/acervo-correio\/index.php?rest_route=\/wp\/v2\/types\/post"}],"author":[{"embeddable":true,"href":"https:\/\/www.ocorreionews.com.br\/acervo-correio\/index.php?rest_route=\/wp\/v2\/users\/4"}],"replies":[{"embeddable":true,"href":"https:\/\/www.ocorreionews.com.br\/acervo-correio\/index.php?rest_route=%2Fwp%2Fv2%2Fcomments&post=229802"}],"version-history":[{"count":1,"href":"https:\/\/www.ocorreionews.com.br\/acervo-correio\/index.php?rest_route=\/wp\/v2\/posts\/229802\/revisions"}],"predecessor-version":[{"id":229807,"href":"https:\/\/www.ocorreionews.com.br\/acervo-correio\/index.php?rest_route=\/wp\/v2\/posts\/229802\/revisions\/229807"}],"wp:featuredmedia":[{"embeddable":true,"href":"https:\/\/www.ocorreionews.com.br\/acervo-correio\/index.php?rest_route=\/wp\/v2\/media\/229806"}],"wp:attachment":[{"href":"https:\/\/www.ocorreionews.com.br\/acervo-correio\/index.php?rest_route=%2Fwp%2Fv2%2Fmedia&parent=229802"}],"wp:term":[{"taxonomy":"category","embeddable":true,"href":"https:\/\/www.ocorreionews.com.br\/acervo-correio\/index.php?rest_route=%2Fwp%2Fv2%2Fcategories&post=229802"},{"taxonomy":"post_tag","embeddable":true,"href":"https:\/\/www.ocorreionews.com.br\/acervo-correio\/index.php?rest_route=%2Fwp%2Fv2%2Ftags&post=229802"}],"curies":[{"name":"wp","href":"https:\/\/api.w.org\/{rel}","templated":true}]}}