{"id":230063,"date":"2023-02-03T13:11:06","date_gmt":"2023-02-03T17:11:06","guid":{"rendered":"https:\/\/www.ocorreionews.com.br\/acervo-correio\/?p=230063"},"modified":"2023-02-03T13:11:06","modified_gmt":"2023-02-03T17:11:06","slug":"morre-o-jovem-que-sobreviveu-ao-acidente-que-matou-dois-amigos-quando-voltam-da-lagoa-santa","status":"publish","type":"post","link":"https:\/\/www.ocorreionews.com.br\/acervo-correio\/?p=230063","title":{"rendered":"Morre o jovem que sobreviveu ao acidente que matou dois amigos quando voltam da Lagoa Santa"},"content":{"rendered":"<p>Ap\u00f3s 33 dias internado, faleceu nesta quinta-feira (02) o jovem Maillon de Andrade, que tinha sobrevivido ao um acidente no 1\u00ba de janeiro, na rodovia GO 302 entre os munic\u00edpios de Lagoa Santa e Itaj\u00e1 \u2013 GO, onde mais dois jovens morreram no local.<\/p>\n<p>Maillon de Andrade que era morador da cidade de Apor\u00e9, estava mais tr\u00eas amigos que retornavam depois de passar o dia na cidade tur\u00edstica de Lagoa Santa, e acabou colidindo com uma vaca que estava no meio da rodovia. No acidente o locutor de rodeio Jo\u00e3o Jos\u00e9 de Aquino Filho, de 24 anos, e o pintor Rodrigo Novais Chaves, de 23, morreram no local. Uma quarta pessoa sofreu ferimentos leves.<\/p>\n<figure id=\"attachment_227002\" aria-describedby=\"caption-attachment-227002\" style=\"width: 522px\" class=\"wp-caption aligncenter\"><a href=\"https:\/\/www.ocorreionews.com.br\/acervo-correio\/wp-content\/uploads\/2023\/01\/mortos-itaja.jpg\"><img loading=\"lazy\" decoding=\"async\" class=\"wp-image-227002 size-full\" src=\"https:\/\/www.ocorreionews.com.br\/acervo-correio\/wp-content\/uploads\/2023\/01\/mortos-itaja.jpg\" alt=\"\" width=\"522\" height=\"411\" srcset=\"https:\/\/www.ocorreionews.com.br\/acervo-correio\/wp-content\/uploads\/2023\/01\/mortos-itaja.jpg 522w, https:\/\/www.ocorreionews.com.br\/acervo-correio\/wp-content\/uploads\/2023\/01\/mortos-itaja-300x236.jpg 300w, https:\/\/www.ocorreionews.com.br\/acervo-correio\/wp-content\/uploads\/2023\/01\/mortos-itaja-279x220.jpg 279w\" sizes=\"auto, (max-width: 522px) 100vw, 522px\" \/><\/a><figcaption id=\"caption-attachment-227002\" class=\"wp-caption-text\">Locutor de rodeio Jo\u00e3o Jos\u00e9 de Aquino Filho, de 24 anos, e Rodrigo Novais Chaves, de 23, morreram em um acidente na GO-302, entre Lagoa Santa e Itaj\u00e1 Goi\u00e1s \u2014 Foto: Reprodu\u00e7\u00e3o\/Redes Sociais<\/figcaption><\/figure>\n<p>O acidente aconteceu no km 81 da rodovia GO320, Jo\u00e3o Jos\u00e9 de Aquino Filho era o motorista do ve\u00edculo e foi surpreendido com a presen\u00e7a do animal no meio da pista. Com o impacto o carro caiu em uma ribanceira ao lado da pista e parou ap\u00f3s colidir com uma cerca de arame.<\/p>\n<p>&nbsp;<\/p>\n<p><a href=\"https:\/\/www.ocorreionews.com.br\/acervo-correio\/wp-content\/uploads\/2023\/01\/mortos-itaja-1.jpg\"><img loading=\"lazy\" decoding=\"async\" class=\"wp-image-227003 aligncenter\" src=\"https:\/\/www.ocorreionews.com.br\/acervo-correio\/wp-content\/uploads\/2023\/01\/mortos-itaja-1.jpg\" alt=\"\" width=\"595\" height=\"372\" srcset=\"https:\/\/www.ocorreionews.com.br\/acervo-correio\/wp-content\/uploads\/2023\/01\/mortos-itaja-1.jpg 960w, https:\/\/www.ocorreionews.com.br\/acervo-correio\/wp-content\/uploads\/2023\/01\/mortos-itaja-1-300x188.jpg 300w, https:\/\/www.ocorreionews.com.br\/acervo-correio\/wp-content\/uploads\/2023\/01\/mortos-itaja-1-768x481.jpg 768w\" sizes=\"auto, (max-width: 595px) 100vw, 595px\" \/><\/a><\/p>\n","protected":false},"excerpt":{"rendered":"<p>Ap\u00f3s 33 dias internado, faleceu nesta quinta-feira (02) o jovem Maillon de Andrade, que tinha sobrevivido ao um acidente no 1\u00ba de janeiro, na rodovia GO 302 entre os munic\u00edpios de Lagoa Santa e Itaj\u00e1 \u2013 GO, onde mais dois jovens morreram no local. Maillon de Andrade que era morador da cidade de Apor\u00e9, estava [&hellip;]<\/p>\n","protected":false},"author":5,"featured_media":230064,"comment_status":"closed","ping_status":"closed","sticky":false,"template":"","format":"standard","meta":{"footnotes":""},"categories":[38],"tags":[],"class_list":["post-230063","post","type-post","status-publish","format-standard","has-post-thumbnail","hentry","category-policia"],"_links":{"self":[{"href":"https:\/\/www.ocorreionews.com.br\/acervo-correio\/index.php?rest_route=\/wp\/v2\/posts\/230063","targetHints":{"allow":["GET"]}}],"collection":[{"href":"https:\/\/www.ocorreionews.com.br\/acervo-correio\/index.php?rest_route=\/wp\/v2\/posts"}],"about":[{"href":"https:\/\/www.ocorreionews.com.br\/acervo-correio\/index.php?rest_route=\/wp\/v2\/types\/post"}],"author":[{"embeddable":true,"href":"https:\/\/www.ocorreionews.com.br\/acervo-correio\/index.php?rest_route=\/wp\/v2\/users\/5"}],"replies":[{"embeddable":true,"href":"https:\/\/www.ocorreionews.com.br\/acervo-correio\/index.php?rest_route=%2Fwp%2Fv2%2Fcomments&post=230063"}],"version-history":[{"count":1,"href":"https:\/\/www.ocorreionews.com.br\/acervo-correio\/index.php?rest_route=\/wp\/v2\/posts\/230063\/revisions"}],"predecessor-version":[{"id":230065,"href":"https:\/\/www.ocorreionews.com.br\/acervo-correio\/index.php?rest_route=\/wp\/v2\/posts\/230063\/revisions\/230065"}],"wp:featuredmedia":[{"embeddable":true,"href":"https:\/\/www.ocorreionews.com.br\/acervo-correio\/index.php?rest_route=\/wp\/v2\/media\/230064"}],"wp:attachment":[{"href":"https:\/\/www.ocorreionews.com.br\/acervo-correio\/index.php?rest_route=%2Fwp%2Fv2%2Fmedia&parent=230063"}],"wp:term":[{"taxonomy":"category","embeddable":true,"href":"https:\/\/www.ocorreionews.com.br\/acervo-correio\/index.php?rest_route=%2Fwp%2Fv2%2Fcategories&post=230063"},{"taxonomy":"post_tag","embeddable":true,"href":"https:\/\/www.ocorreionews.com.br\/acervo-correio\/index.php?rest_route=%2Fwp%2Fv2%2Ftags&post=230063"}],"curies":[{"name":"wp","href":"https:\/\/api.w.org\/{rel}","templated":true}]}}