{"id":230066,"date":"2023-02-03T14:03:20","date_gmt":"2023-02-03T18:03:20","guid":{"rendered":"https:\/\/www.ocorreionews.com.br\/acervo-correio\/?p=230066"},"modified":"2023-02-03T16:00:40","modified_gmt":"2023-02-03T20:00:40","slug":"divulgado-os-show-da-2a-exporica-em-costa-rica","status":"publish","type":"post","link":"https:\/\/www.ocorreionews.com.br\/acervo-correio\/?p=230066","title":{"rendered":"Divulgado os show da 2\u00aa Exporica em Costa Rica"},"content":{"rendered":"<p>Costa Rica vai realizar a sua 2\u00aa Expo Rica- Exposi\u00e7\u00e3o Agropecu\u00e1ria e Festa do Pe\u00e3o nos dia 11 a 14 de maio de2023 no Parque de Exposi\u00e7\u00f5es Laerte Paes Coelho, na sa\u00edda para Chapad\u00e3o do Sul.<\/p>\n<p>A Expo Rica acontecer\u00e1 entre os dias 11 a 15 de maio, com entrada franca\u00a0 em todos os dias e far\u00e1 parte da programa\u00e7\u00e3o do aniversario da cidade.<\/p>\n<p>A entrada ser\u00e1 1kg de alimento n\u00e3o perec\u00edvel por dia.<\/p>\n<p>A grade de show ser\u00e1 com cantores renomados e de sucesso nacional. Confira as datas e os shows:<\/p>\n<ul>\n<li><strong>Dia 11 \u2013 Grupo Falamansa<\/strong><\/li>\n<li><strong>Dia 12 \u2013 Murilo Rulff<\/strong><\/li>\n<li><strong>Dia 13 \u2013 Humberto &amp; Ronaldo<\/strong><\/li>\n<li><strong>Dia 14 \u2013 Cavalgada, Queima do Alho, Final do Rodeio e Show ainda a definir.<\/strong><\/li>\n<\/ul>\n<p>Ser\u00e1 montada toda uma estrutura de arena, camarote, arquibancadas e pra\u00e7a de alimenta\u00e7\u00e3o todas cobertas.<\/p>\n<p>Realizado pelo Clube de La\u00e7o Tr\u00eas Divisas, o evento conta com apoio da Prefeitura Municipal, atrav\u00e9s da Secretaria Municipal de Agricultura e Desenvolvimento e da Secretaria Municipal de Turismo, Meio Ambiente, Esporte e Cultura, da C\u00e2mara de Vereadores, Governo de Mato Grosso do Sul, atrav\u00e9s da Secret\u00e1ria de Estado de Turismo, Esporte, Cultura e Cidadania, Funda\u00e7\u00e3o Cultura, Sindicato Rural de Costa Rica e Costa Rica Esporte Clube.<\/p>\n<p><a href=\"https:\/\/www.ocorreionews.com.br\/acervo-correio\/wp-content\/uploads\/2023\/02\/2a-Exporica.jpg\"><img loading=\"lazy\" decoding=\"async\" class=\"alignnone size-full wp-image-230068\" src=\"https:\/\/www.ocorreionews.com.br\/acervo-correio\/wp-content\/uploads\/2023\/02\/2a-Exporica.jpg\" alt=\"\" width=\"1079\" height=\"1081\" srcset=\"https:\/\/www.ocorreionews.com.br\/acervo-correio\/wp-content\/uploads\/2023\/02\/2a-Exporica.jpg 1079w, https:\/\/www.ocorreionews.com.br\/acervo-correio\/wp-content\/uploads\/2023\/02\/2a-Exporica-300x300.jpg 300w, https:\/\/www.ocorreionews.com.br\/acervo-correio\/wp-content\/uploads\/2023\/02\/2a-Exporica-1022x1024.jpg 1022w, https:\/\/www.ocorreionews.com.br\/acervo-correio\/wp-content\/uploads\/2023\/02\/2a-Exporica-150x150.jpg 150w, https:\/\/www.ocorreionews.com.br\/acervo-correio\/wp-content\/uploads\/2023\/02\/2a-Exporica-768x769.jpg 768w\" sizes=\"auto, (max-width: 1079px) 100vw, 1079px\" \/><\/a><\/p>\n","protected":false},"excerpt":{"rendered":"<p>Costa Rica vai realizar a sua 2\u00aa Expo Rica- Exposi\u00e7\u00e3o Agropecu\u00e1ria e Festa do Pe\u00e3o nos dia 11 a 14 de maio de2023 no Parque de Exposi\u00e7\u00f5es Laerte Paes Coelho, na sa\u00edda para Chapad\u00e3o do Sul. A Expo Rica acontecer\u00e1 entre os dias 11 a 15 de maio, com entrada franca\u00a0 em todos os dias [&hellip;]<\/p>\n","protected":false},"author":5,"featured_media":230067,"comment_status":"closed","ping_status":"closed","sticky":false,"template":"","format":"standard","meta":{"footnotes":""},"categories":[25,41],"tags":[],"class_list":["post-230066","post","type-post","status-publish","format-standard","has-post-thumbnail","hentry","category-costa-rica","category-destaque"],"_links":{"self":[{"href":"https:\/\/www.ocorreionews.com.br\/acervo-correio\/index.php?rest_route=\/wp\/v2\/posts\/230066","targetHints":{"allow":["GET"]}}],"collection":[{"href":"https:\/\/www.ocorreionews.com.br\/acervo-correio\/index.php?rest_route=\/wp\/v2\/posts"}],"about":[{"href":"https:\/\/www.ocorreionews.com.br\/acervo-correio\/index.php?rest_route=\/wp\/v2\/types\/post"}],"author":[{"embeddable":true,"href":"https:\/\/www.ocorreionews.com.br\/acervo-correio\/index.php?rest_route=\/wp\/v2\/users\/5"}],"replies":[{"embeddable":true,"href":"https:\/\/www.ocorreionews.com.br\/acervo-correio\/index.php?rest_route=%2Fwp%2Fv2%2Fcomments&post=230066"}],"version-history":[{"count":1,"href":"https:\/\/www.ocorreionews.com.br\/acervo-correio\/index.php?rest_route=\/wp\/v2\/posts\/230066\/revisions"}],"predecessor-version":[{"id":230093,"href":"https:\/\/www.ocorreionews.com.br\/acervo-correio\/index.php?rest_route=\/wp\/v2\/posts\/230066\/revisions\/230093"}],"wp:featuredmedia":[{"embeddable":true,"href":"https:\/\/www.ocorreionews.com.br\/acervo-correio\/index.php?rest_route=\/wp\/v2\/media\/230067"}],"wp:attachment":[{"href":"https:\/\/www.ocorreionews.com.br\/acervo-correio\/index.php?rest_route=%2Fwp%2Fv2%2Fmedia&parent=230066"}],"wp:term":[{"taxonomy":"category","embeddable":true,"href":"https:\/\/www.ocorreionews.com.br\/acervo-correio\/index.php?rest_route=%2Fwp%2Fv2%2Fcategories&post=230066"},{"taxonomy":"post_tag","embeddable":true,"href":"https:\/\/www.ocorreionews.com.br\/acervo-correio\/index.php?rest_route=%2Fwp%2Fv2%2Ftags&post=230066"}],"curies":[{"name":"wp","href":"https:\/\/api.w.org\/{rel}","templated":true}]}}