{"id":230072,"date":"2023-02-03T14:20:52","date_gmt":"2023-02-03T18:20:52","guid":{"rendered":"https:\/\/www.ocorreionews.com.br\/acervo-correio\/?p=230072"},"modified":"2023-02-03T14:20:52","modified_gmt":"2023-02-03T18:20:52","slug":"camara-de-chapadao-do-sul-retornara-aos-trabalhos-do-legislativo-nesta-segunda-e-toda-a-populacao-esta-convidada","status":"publish","type":"post","link":"https:\/\/www.ocorreionews.com.br\/acervo-correio\/?p=230072","title":{"rendered":"C\u00e2mara de Chapad\u00e3o do Sul retornar\u00e1 aos trabalhos do legislativo nesta segunda, e toda a popula\u00e7\u00e3o est\u00e1 convidada"},"content":{"rendered":"<p>O Presidente da C\u00e2mara Municipal de Chapad\u00e3o do Sul, Vereador Tucano, convida para a primeira Sess\u00e3o Ordin\u00e1ria do ano de 2023, que ser\u00e1 realizada na pr\u00f3xima segunda-feira, 06, \u00e0s 18 horas no Plen\u00e1rio da C\u00e2mara, localizado na Avenida Onze, esquina com a Rua 18, no centro da cidade.<\/p>\n<p>Ser\u00e1 o momento de darmos in\u00edcio aos trabalhos do Poder Legislativo e ficaremos felizes em contar com a sua presen\u00e7a.<\/p>\n<p>As sess\u00f5es da C\u00e2mara de Vereadores de Chapad\u00e3o do Sul s\u00e3o transmitidas AO VIVO pela<a href=\"https:\/\/www.facebook.com\/camarachapsul\/\"><strong> p\u00e1gina do Facebook<\/strong><\/a>. Acompanhe pessoalmente ou pela internet!<\/p>\n<p>Veja abaixo como fica a Mesa Diretora no ano de 2023:<\/p>\n<p>Presidente: Tucano;<br \/>\n1\u00aa Secret\u00e1ria: Aline Tontini;<br \/>\n2\u00ba Secret\u00e1rio: Vanderson Cardoso;<br \/>\n1\u00ba Vice-Presidente: Al\u00edrio Bacca;<br \/>\n2\u00ba Vice-Presidente: Andr\u00e9 dos Anjos.<\/p>\n<p>&nbsp;<\/p>\n<p>&nbsp;<\/p>\n<p>*Assessoria C\u00e2mara Municipal<\/p>\n","protected":false},"excerpt":{"rendered":"<p>O Presidente da C\u00e2mara Municipal de Chapad\u00e3o do Sul, Vereador Tucano, convida para a primeira Sess\u00e3o Ordin\u00e1ria do ano de 2023, que ser\u00e1 realizada na pr\u00f3xima segunda-feira, 06, \u00e0s 18 horas no Plen\u00e1rio da C\u00e2mara, localizado na Avenida Onze, esquina com a Rua 18, no centro da cidade. Ser\u00e1 o momento de darmos in\u00edcio aos [&hellip;]<\/p>\n","protected":false},"author":5,"featured_media":230075,"comment_status":"closed","ping_status":"closed","sticky":false,"template":"","format":"standard","meta":{"footnotes":""},"categories":[20,23,41],"tags":[],"class_list":["post-230072","post","type-post","status-publish","format-standard","has-post-thumbnail","hentry","category-camara-municipal","category-chapadao-do-sul","category-destaque"],"_links":{"self":[{"href":"https:\/\/www.ocorreionews.com.br\/acervo-correio\/index.php?rest_route=\/wp\/v2\/posts\/230072","targetHints":{"allow":["GET"]}}],"collection":[{"href":"https:\/\/www.ocorreionews.com.br\/acervo-correio\/index.php?rest_route=\/wp\/v2\/posts"}],"about":[{"href":"https:\/\/www.ocorreionews.com.br\/acervo-correio\/index.php?rest_route=\/wp\/v2\/types\/post"}],"author":[{"embeddable":true,"href":"https:\/\/www.ocorreionews.com.br\/acervo-correio\/index.php?rest_route=\/wp\/v2\/users\/5"}],"replies":[{"embeddable":true,"href":"https:\/\/www.ocorreionews.com.br\/acervo-correio\/index.php?rest_route=%2Fwp%2Fv2%2Fcomments&post=230072"}],"version-history":[{"count":1,"href":"https:\/\/www.ocorreionews.com.br\/acervo-correio\/index.php?rest_route=\/wp\/v2\/posts\/230072\/revisions"}],"predecessor-version":[{"id":230076,"href":"https:\/\/www.ocorreionews.com.br\/acervo-correio\/index.php?rest_route=\/wp\/v2\/posts\/230072\/revisions\/230076"}],"wp:featuredmedia":[{"embeddable":true,"href":"https:\/\/www.ocorreionews.com.br\/acervo-correio\/index.php?rest_route=\/wp\/v2\/media\/230075"}],"wp:attachment":[{"href":"https:\/\/www.ocorreionews.com.br\/acervo-correio\/index.php?rest_route=%2Fwp%2Fv2%2Fmedia&parent=230072"}],"wp:term":[{"taxonomy":"category","embeddable":true,"href":"https:\/\/www.ocorreionews.com.br\/acervo-correio\/index.php?rest_route=%2Fwp%2Fv2%2Fcategories&post=230072"},{"taxonomy":"post_tag","embeddable":true,"href":"https:\/\/www.ocorreionews.com.br\/acervo-correio\/index.php?rest_route=%2Fwp%2Fv2%2Ftags&post=230072"}],"curies":[{"name":"wp","href":"https:\/\/api.w.org\/{rel}","templated":true}]}}