{"id":230320,"date":"2023-02-04T13:50:39","date_gmt":"2023-02-04T17:50:39","guid":{"rendered":"https:\/\/www.ocorreionews.com.br\/acervo-correio\/?p=230320"},"modified":"2023-02-04T13:50:39","modified_gmt":"2023-02-04T17:50:39","slug":"executivo-municipal-capacita-jovens-e-adultos-a-se-comunicarem-em-publico","status":"publish","type":"post","link":"https:\/\/www.ocorreionews.com.br\/acervo-correio\/?p=230320","title":{"rendered":"Executivo Municipal capacita jovens e adultos a se comunicarem em p\u00fablico"},"content":{"rendered":"<p>Falar em p\u00fablico est\u00e1 entre os maiores medos das pessoas. Segundo pesquisas, 60% dos brasileiros t\u00eam medo de se expor, mesmo em ambientes virtuais. No entanto, na atual din\u00e2mica de mercado, destacam-se aqueles que sabem se expressar melhor e fazer um curso de orat\u00f3ria \u00e9 o primeiro passo para alcan\u00e7ar o sucesso.<\/p>\n<p>Neste sentido, o Executivo Municipal, atrav\u00e9s da SEDEMA, Secretaria de Desenvolvimento Econ\u00f4mico e Meio Ambiente, em parceria com o Sindicato Rural de Chapad\u00e3o do Sul, SENAR-MS, ofereceu curso totalmente gratuito de <strong>ORAT\u00d3RIA E COMUNICA\u00c7\u00c3O ASSERTIVA.<\/strong><\/p>\n<p>O curso foi realizado entre os dias 31 de janeiro e 01 de fevereiro, no per\u00edodo das 07h \u00e0s 11h e das 13h \u00e0s 17h no pa\u00e7o municipal, com carga hor\u00e1ria de 16 horas.<\/p>\n<p>O curso realizado integra o plano municipal de qualifica\u00e7\u00e3o e gest\u00e3o criado pela Secretaria de Desenvolvimento Econ\u00f4mico e Meio Ambiente.<\/p>\n<p>O Executivo Municipal parabeniza os formados pelo esfor\u00e7o e dedica\u00e7\u00e3o durante toda as atividades propostas e a todos os integrantes e parceiros que concorreram para o sucesso do curso.<\/p>\n<p>Informa\u00e7\u00f5es sobre os pr\u00f3ximos cursos podem ser obtidas atrav\u00e9s dos telefones: 67 3562-5672 \/ WhatsApp: 67 9 9618-3431. ou clique aqui https:\/\/wa.me\/5567996183431.<\/p>\n","protected":false},"excerpt":{"rendered":"<p>Falar em p\u00fablico est\u00e1 entre os maiores medos das pessoas. Segundo pesquisas, 60% dos brasileiros t\u00eam medo de se expor, mesmo em ambientes virtuais. No entanto, na atual din\u00e2mica de mercado, destacam-se aqueles que sabem se expressar melhor e fazer um curso de orat\u00f3ria \u00e9 o primeiro passo para alcan\u00e7ar o sucesso. Neste sentido, o [&hellip;]<\/p>\n","protected":false},"author":4,"featured_media":230321,"comment_status":"closed","ping_status":"closed","sticky":false,"template":"","format":"standard","meta":{"footnotes":""},"categories":[23],"tags":[],"class_list":["post-230320","post","type-post","status-publish","format-standard","has-post-thumbnail","hentry","category-chapadao-do-sul"],"_links":{"self":[{"href":"https:\/\/www.ocorreionews.com.br\/acervo-correio\/index.php?rest_route=\/wp\/v2\/posts\/230320","targetHints":{"allow":["GET"]}}],"collection":[{"href":"https:\/\/www.ocorreionews.com.br\/acervo-correio\/index.php?rest_route=\/wp\/v2\/posts"}],"about":[{"href":"https:\/\/www.ocorreionews.com.br\/acervo-correio\/index.php?rest_route=\/wp\/v2\/types\/post"}],"author":[{"embeddable":true,"href":"https:\/\/www.ocorreionews.com.br\/acervo-correio\/index.php?rest_route=\/wp\/v2\/users\/4"}],"replies":[{"embeddable":true,"href":"https:\/\/www.ocorreionews.com.br\/acervo-correio\/index.php?rest_route=%2Fwp%2Fv2%2Fcomments&post=230320"}],"version-history":[{"count":1,"href":"https:\/\/www.ocorreionews.com.br\/acervo-correio\/index.php?rest_route=\/wp\/v2\/posts\/230320\/revisions"}],"predecessor-version":[{"id":230322,"href":"https:\/\/www.ocorreionews.com.br\/acervo-correio\/index.php?rest_route=\/wp\/v2\/posts\/230320\/revisions\/230322"}],"wp:featuredmedia":[{"embeddable":true,"href":"https:\/\/www.ocorreionews.com.br\/acervo-correio\/index.php?rest_route=\/wp\/v2\/media\/230321"}],"wp:attachment":[{"href":"https:\/\/www.ocorreionews.com.br\/acervo-correio\/index.php?rest_route=%2Fwp%2Fv2%2Fmedia&parent=230320"}],"wp:term":[{"taxonomy":"category","embeddable":true,"href":"https:\/\/www.ocorreionews.com.br\/acervo-correio\/index.php?rest_route=%2Fwp%2Fv2%2Fcategories&post=230320"},{"taxonomy":"post_tag","embeddable":true,"href":"https:\/\/www.ocorreionews.com.br\/acervo-correio\/index.php?rest_route=%2Fwp%2Fv2%2Ftags&post=230320"}],"curies":[{"name":"wp","href":"https:\/\/api.w.org\/{rel}","templated":true}]}}