{"id":230323,"date":"2023-02-04T14:51:26","date_gmt":"2023-02-04T18:51:26","guid":{"rendered":"https:\/\/www.ocorreionews.com.br\/acervo-correio\/?p=230323"},"modified":"2023-02-04T14:51:26","modified_gmt":"2023-02-04T18:51:26","slug":"tres-policiais-ficam-feridos-apos-acidente-entre-viatura-e-carro-em-campo-grande","status":"publish","type":"post","link":"https:\/\/www.ocorreionews.com.br\/acervo-correio\/?p=230323","title":{"rendered":"Tr\u00eas Policiais ficam feridos ap\u00f3s acidente entre viatura e carro em Campo Grande"},"content":{"rendered":"<div class=\"elementor-element elementor-element-33095f69 elementor-widget elementor-widget-theme-post-content\" data-id=\"33095f69\" data-element_type=\"widget\" data-widget_type=\"theme-post-content.default\">\n<div class=\"elementor-widget-container\">\n<p>C\u00e2mara de seguran\u00e7a instalada em um estabelecimento comercial da Avenida Afonso Pena flagrou o momento em que uma viatura do Batalh\u00e3o de Choque da Pol\u00edcia Militar colidiu em um Corsa, quando estava a caminho de uma ocorr\u00eancia, na manh\u00e3 deste s\u00e1bado (4), em Campo Grande.<\/p>\n<p>Com o impacto da batida, a viatura capotou no canteiro central e o Corsa, que descia pela Rua Esp\u00edrito Santo, foi parar do outro lado da Afonso Pena. A suspeita \u00e9 que o condutor do Corsa tenha passado mal e, por isso, n\u00e3o diminuiu a velocidade ao ver a viatura, que estava com o giroflex e sinais luminosos ligados.<\/p>\n<p>A c\u00e2mera de seguran\u00e7a a que o<strong> Jornal Midiamax <\/strong>teve acesso n\u00e3o registra os sem\u00e1foros, mas testemunhas ouvidas pela reportagem afirmam que o sinal da Esp\u00edrito Santo estava aberto, no entanto, em raz\u00e3o da viatura do Choque estar com os sinais sonoros e luminosos ligados, os ve\u00edculos que desciam a Esp\u00edrito Santo pararam para dar passagem \u00e0 viatura, o que n\u00e3o foi feito pelo motorista do Corsa.<\/p>\n<p>Depois da colis\u00e3o com a viatura, o Corsa ainda bateu em um Polo, que estava estacionado na Afonso Pena no sentido contr\u00e1rio, centro-shopping, e destruiu o muro de um com\u00e9rcio.<\/p>\n<p>O motorista do Corsa foi socorrido pelo Corpo de Bombeiros. Tr\u00eas policiais do Choque ficaram feridos, um deles teve fratura no bra\u00e7o e outros dois tiveram apenas ferimentos leves.<\/p>\n<p>O tr\u00e2nsito da Avenida Afonso Pena chegou a ser interditado, mas j\u00e1 foi liberado.<\/p>\n<h2 id=\"h-policiais-estavam-a-caminho-de-ocorrencia\">Policiais estavam a caminho de ocorr\u00eancia<\/h2>\n<p>De acordo com a Pol\u00edcia Militar, a viatura que capotou seguia para uma ocorr\u00eancia envolvendo suspeita de c\u00e1rcere, no bairro Taveir\u00f3polis.<\/p>\n<p>Policiais do Bope (Batalh\u00e3o de Opera\u00e7\u00f5es Especiais), al\u00e9m de Bombeiros, est\u00e3o no local. Por l\u00e1, segundo as primeiras informa\u00e7\u00f5es, um <a class=\"st_tag internal_tag \" title=\"not\u00edcias sobre homem\" href=\"https:\/\/midiamax.uol.com.br\/tag\/homem\/\" rel=\"tag\">homem<\/a> que seria paciente psiqui\u00e1trico estaria se recusando a deixar o im\u00f3vel. Equipes da PM seguem no local.<\/p>\n<p><strong>Confira abaixo o v\u00eddeo do momento da colis\u00e3o:<\/strong><\/p>\n<figure class=\"wp-block-embed is-type-video is-provider-youtube wp-block-embed-youtube wp-embed-aspect-16-9 wp-has-aspect-ratio\">\n<div class=\"wp-block-embed__wrapper\"><iframe loading=\"lazy\" title=\"C\u00e2mera flagra acidente que fez viatura do Choque capotar na Afonso Pena\" src=\"https:\/\/www.youtube.com\/embed\/gKYWfoAAxDQ?feature=oembed\" width=\"800\" height=\"450\" frameborder=\"0\" allowfullscreen=\"allowfullscreen\" data-mce-fragment=\"1\"><\/iframe><\/div>\n<\/figure>\n<p>&nbsp;<\/p>\n<\/div>\n<\/div>\n<div class=\"elementor-element elementor-element-8a25d07 elementor-widget elementor-widget-html\" data-id=\"8a25d07\" data-element_type=\"widget\" data-widget_type=\"html.default\">\n<div class=\"elementor-widget-container\">\n<div>Midiamax<\/div>\n<\/div>\n<\/div>\n<div class=\"elementor-element elementor-element-1468faf elementor-widget elementor-widget-spacer\" data-id=\"1468faf\" data-element_type=\"widget\" data-widget_type=\"spacer.default\">\n<div class=\"elementor-widget-container\">\n<div class=\"elementor-spacer\">\n<div class=\"elementor-spacer-inner\"><\/div>\n<\/div>\n<\/div>\n<\/div>\n<div class=\"elementor-element elementor-element-68427e3 elementor-widget__width-initial elementor-widget elementor-widget-html\" data-id=\"68427e3\" data-element_type=\"widget\" data-widget_type=\"html.default\">\n<div class=\"elementor-widget-container\">\n<div id=\"banner-728x90-area\" data-mobile=\"300x250\" data-desktop=\"728x90\"><\/div>\n<\/div>\n<\/div>\n","protected":false},"excerpt":{"rendered":"<p>C\u00e2mara de seguran\u00e7a instalada em um estabelecimento comercial da Avenida Afonso Pena flagrou o momento em que uma viatura do Batalh\u00e3o de Choque da Pol\u00edcia Militar colidiu em um Corsa, quando estava a caminho de uma ocorr\u00eancia, na manh\u00e3 deste s\u00e1bado (4), em Campo Grande. Com o impacto da batida, a viatura capotou no canteiro [&hellip;]<\/p>\n","protected":false},"author":4,"featured_media":230324,"comment_status":"closed","ping_status":"closed","sticky":false,"template":"","format":"standard","meta":{"footnotes":""},"categories":[38],"tags":[],"class_list":["post-230323","post","type-post","status-publish","format-standard","has-post-thumbnail","hentry","category-policia"],"_links":{"self":[{"href":"https:\/\/www.ocorreionews.com.br\/acervo-correio\/index.php?rest_route=\/wp\/v2\/posts\/230323","targetHints":{"allow":["GET"]}}],"collection":[{"href":"https:\/\/www.ocorreionews.com.br\/acervo-correio\/index.php?rest_route=\/wp\/v2\/posts"}],"about":[{"href":"https:\/\/www.ocorreionews.com.br\/acervo-correio\/index.php?rest_route=\/wp\/v2\/types\/post"}],"author":[{"embeddable":true,"href":"https:\/\/www.ocorreionews.com.br\/acervo-correio\/index.php?rest_route=\/wp\/v2\/users\/4"}],"replies":[{"embeddable":true,"href":"https:\/\/www.ocorreionews.com.br\/acervo-correio\/index.php?rest_route=%2Fwp%2Fv2%2Fcomments&post=230323"}],"version-history":[{"count":1,"href":"https:\/\/www.ocorreionews.com.br\/acervo-correio\/index.php?rest_route=\/wp\/v2\/posts\/230323\/revisions"}],"predecessor-version":[{"id":230325,"href":"https:\/\/www.ocorreionews.com.br\/acervo-correio\/index.php?rest_route=\/wp\/v2\/posts\/230323\/revisions\/230325"}],"wp:featuredmedia":[{"embeddable":true,"href":"https:\/\/www.ocorreionews.com.br\/acervo-correio\/index.php?rest_route=\/wp\/v2\/media\/230324"}],"wp:attachment":[{"href":"https:\/\/www.ocorreionews.com.br\/acervo-correio\/index.php?rest_route=%2Fwp%2Fv2%2Fmedia&parent=230323"}],"wp:term":[{"taxonomy":"category","embeddable":true,"href":"https:\/\/www.ocorreionews.com.br\/acervo-correio\/index.php?rest_route=%2Fwp%2Fv2%2Fcategories&post=230323"},{"taxonomy":"post_tag","embeddable":true,"href":"https:\/\/www.ocorreionews.com.br\/acervo-correio\/index.php?rest_route=%2Fwp%2Fv2%2Ftags&post=230323"}],"curies":[{"name":"wp","href":"https:\/\/api.w.org\/{rel}","templated":true}]}}