{"id":230335,"date":"2023-02-05T06:08:20","date_gmt":"2023-02-05T10:08:20","guid":{"rendered":"https:\/\/www.ocorreionews.com.br\/acervo-correio\/?p=230335"},"modified":"2023-02-06T11:49:39","modified_gmt":"2023-02-06T15:49:39","slug":"ladroes-roubam-80-cabecas-de-gado-e-trator-da-fazenda-santo-antonio-revelam-internautas","status":"publish","type":"post","link":"https:\/\/www.ocorreionews.com.br\/acervo-correio\/?p=230335","title":{"rendered":"Ladr\u00f5es roubam 80 cabe\u00e7as de gado e trator em"},"content":{"rendered":"<div id=\"chunk-gtre\">\n<div class=\"mc-column content-text active-extra-styles \" data-block-type=\"unstyled\" data-block-weight=\"45\" data-block-id=\"3\">\n<p class=\"content-text__container \" data-track-category=\"Link no Texto\" data-track-links=\"\">Um idoso, de 61 anos, foi mantido em c\u00e1rcere privado durante quatro dias para que assaltantes pudessem roubar gados e trator de propriedade rural. O crime aconteceu em Cassil\u00e2ndia, onde a v\u00edtima mora e tamb\u00e9m trabalha como caseiro.<\/p>\n<p data-track-category=\"Link no Texto\" data-track-links=\"\">\n<\/div>\n<\/div>\n<div class=\"wall protected-content\">\n<div id=\"chunk-de45u\">\n<div class=\"mc-column content-text active-extra-styles \" data-block-type=\"unstyled\" data-block-weight=\"50\" data-block-id=\"4\">\n<p class=\"content-text__container \" data-track-category=\"Link no Texto\" data-track-links=\"\">Em depoimento \u00e0 pol\u00edcia, o idoso contou que na ter\u00e7a-feira (31) dirigia o trator quando dois homens, que estavam parados ao lado de um carro, pediram ajuda. Ao se aproximar do ve\u00edculo, o caseiro foi amea\u00e7ado com uma arma de fogo e levado pra sua casa onde ficou como ref\u00e9m.<\/p>\n<p data-track-category=\"Link no Texto\" data-track-links=\"\">\n<\/div>\n<\/div>\n<div id=\"chunk-865q3\">\n<div class=\"mc-column content-text active-extra-styles \" data-block-type=\"unstyled\" data-block-weight=\"42\" data-block-id=\"5\">\n<p class=\"content-text__container \" data-track-category=\"Link no Texto\" data-track-links=\"\">Ele contou ainda que os suspeitos o obrigavam a responder todas as mensagens que chegavam pelo celular, para que n\u00e3o levantasse suspeita. Na sexta-feira (3) os ladr\u00f5es foram embora e amea\u00e7aram a v\u00edtima para que n\u00e3o pedisse ajuda naquele dia.<\/p>\n<\/div>\n<\/div>\n<div id=\"chunk-26f7\">\n<div class=\"content-ads content-ads--reveal\" data-block-type=\"ads\" data-block-id=\"6\">\n<div><\/div>\n<\/div>\n<\/div>\n<div id=\"chunk-40l3p\">\n<div class=\"mc-column content-text active-extra-styles \" data-block-type=\"unstyled\" data-block-weight=\"35\" data-block-id=\"7\">\n<p class=\"content-text__container \" data-track-category=\"Link no Texto\" data-track-links=\"\">No s\u00e1bado (4) o idoso conseguiu ir at\u00e9 uma propriedade vizinha e, muito abalado, contou o que havia ocorrido. Do local, foram levados diversos gados, cavalo e o trator, localizado pela Pol\u00edcia Militar Ambiental (PMA)<\/p>\n<p data-track-category=\"Link no Texto\" data-track-links=\"\">\n<\/div>\n<\/div>\n<div id=\"chunk-8a22f\">\n<div class=\"mc-column content-text active-extra-styles \" data-block-type=\"unstyled\" data-block-weight=\"20\" data-block-id=\"8\">\n<p class=\"content-text__container \" data-track-category=\"Link no Texto\" data-track-links=\"\">O caso segue em investiga\u00e7\u00e3o e a PMA, junto da Pol\u00edcia Militar do munic\u00edpio, realizam diligencias para prender os criminosos.<\/p>\n<\/div>\n<p data-track-category=\"Link no Texto\" data-track-links=\"\">\n<div class=\"mc-column content-text active-extra-styles \" data-block-type=\"unstyled\" data-block-weight=\"20\" data-block-id=\"8\">\n<p class=\"content-publication-data__from\" title=\"g1 MS \">Por g1 MS<\/p>\n<\/div>\n<\/div>\n<\/div>\n","protected":false},"excerpt":{"rendered":"<p>Um idoso, de 61 anos, foi mantido em c\u00e1rcere privado durante quatro dias para que assaltantes pudessem roubar gados e trator de propriedade rural. O crime aconteceu em Cassil\u00e2ndia, onde a v\u00edtima mora e tamb\u00e9m trabalha como caseiro. Em depoimento \u00e0 pol\u00edcia, o idoso contou que na ter\u00e7a-feira (31) dirigia o trator quando dois homens, [&hellip;]<\/p>\n","protected":false},"author":4,"featured_media":230349,"comment_status":"closed","ping_status":"closed","sticky":false,"template":"","format":"standard","meta":{"footnotes":""},"categories":[21,38],"tags":[],"class_list":["post-230335","post","type-post","status-publish","format-standard","has-post-thumbnail","hentry","category-cassilandia","category-policia"],"_links":{"self":[{"href":"https:\/\/www.ocorreionews.com.br\/acervo-correio\/index.php?rest_route=\/wp\/v2\/posts\/230335","targetHints":{"allow":["GET"]}}],"collection":[{"href":"https:\/\/www.ocorreionews.com.br\/acervo-correio\/index.php?rest_route=\/wp\/v2\/posts"}],"about":[{"href":"https:\/\/www.ocorreionews.com.br\/acervo-correio\/index.php?rest_route=\/wp\/v2\/types\/post"}],"author":[{"embeddable":true,"href":"https:\/\/www.ocorreionews.com.br\/acervo-correio\/index.php?rest_route=\/wp\/v2\/users\/4"}],"replies":[{"embeddable":true,"href":"https:\/\/www.ocorreionews.com.br\/acervo-correio\/index.php?rest_route=%2Fwp%2Fv2%2Fcomments&post=230335"}],"version-history":[{"count":1,"href":"https:\/\/www.ocorreionews.com.br\/acervo-correio\/index.php?rest_route=\/wp\/v2\/posts\/230335\/revisions"}],"predecessor-version":[{"id":230446,"href":"https:\/\/www.ocorreionews.com.br\/acervo-correio\/index.php?rest_route=\/wp\/v2\/posts\/230335\/revisions\/230446"}],"wp:featuredmedia":[{"embeddable":true,"href":"https:\/\/www.ocorreionews.com.br\/acervo-correio\/index.php?rest_route=\/wp\/v2\/media\/230349"}],"wp:attachment":[{"href":"https:\/\/www.ocorreionews.com.br\/acervo-correio\/index.php?rest_route=%2Fwp%2Fv2%2Fmedia&parent=230335"}],"wp:term":[{"taxonomy":"category","embeddable":true,"href":"https:\/\/www.ocorreionews.com.br\/acervo-correio\/index.php?rest_route=%2Fwp%2Fv2%2Fcategories&post=230335"},{"taxonomy":"post_tag","embeddable":true,"href":"https:\/\/www.ocorreionews.com.br\/acervo-correio\/index.php?rest_route=%2Fwp%2Fv2%2Ftags&post=230335"}],"curies":[{"name":"wp","href":"https:\/\/api.w.org\/{rel}","templated":true}]}}