{"id":230347,"date":"2023-02-04T19:55:35","date_gmt":"2023-02-04T23:55:35","guid":{"rendered":"https:\/\/www.ocorreionews.com.br\/acervo-correio\/?p=230347"},"modified":"2023-02-04T19:55:35","modified_gmt":"2023-02-04T23:55:35","slug":"cassilandia-policia-recuperar-trator-roubada-em-fazenda","status":"publish","type":"post","link":"https:\/\/www.ocorreionews.com.br\/acervo-correio\/?p=230347","title":{"rendered":"Cassil\u00e2ndia: Policia recuperar trator roubada em fazenda"},"content":{"rendered":"<div class=\"text\">\n<p>Segundo o comandante da PMA, o Sub-Tenente Evaldo, em parceria com o comandante da PM Jonas, fizeram um rastreamento para saber sobre o caminho do trator. Na Deneide descobriram que o trator passou pelo local por volta das 6 horas. No Apor\u00e9 descobriu que chegou por volta das 11 horas. Em uma c\u00e2mera foi poss\u00edvel ver o trator e o meliante. Continuando a persegui\u00e7\u00e3o depois da entrada para Cassil\u00e2ndia, uns tr\u00eas quilometros em dire\u00e7\u00e3o de Itaj\u00e1 foi avistada uma capota do trator no meio do mato. O meliante deve ter visto a pol\u00edcia e fugiu. A chave estava no contato e o trator mostrava que fazia pouco tempo que tinha desligado. O Sargento Dias ligou o trator e entregou na Delegacia de Policia de Cassil\u00e2ndia.<\/p>\n<p><a href=\"https:\/\/www.ocorreionews.com.br\/acervo-correio\/wp-content\/uploads\/2023\/02\/tratror-roubado.png\"><img loading=\"lazy\" decoding=\"async\" class=\"alignnone size-full wp-image-230348\" src=\"https:\/\/www.ocorreionews.com.br\/acervo-correio\/wp-content\/uploads\/2023\/02\/tratror-roubado.png\" alt=\"\" width=\"1280\" height=\"960\" srcset=\"https:\/\/www.ocorreionews.com.br\/acervo-correio\/wp-content\/uploads\/2023\/02\/tratror-roubado.png 1280w, https:\/\/www.ocorreionews.com.br\/acervo-correio\/wp-content\/uploads\/2023\/02\/tratror-roubado-300x225.png 300w, https:\/\/www.ocorreionews.com.br\/acervo-correio\/wp-content\/uploads\/2023\/02\/tratror-roubado-1024x768.png 1024w, https:\/\/www.ocorreionews.com.br\/acervo-correio\/wp-content\/uploads\/2023\/02\/tratror-roubado-768x576.png 768w, https:\/\/www.ocorreionews.com.br\/acervo-correio\/wp-content\/uploads\/2023\/02\/tratror-roubado-86x64.png 86w\" sizes=\"auto, (max-width: 1280px) 100vw, 1280px\" \/><\/a><\/p>\n<p>Com rela\u00e7\u00e3o ao furto do gado na parte da manh\u00e3 se falou em 80 mas pode chegar a 100 cabe\u00e7as. Mas nada oficial. A per\u00edcia est\u00e1 fazendo o levantamento.<\/p>\n<figure class=\"image\"><img loading=\"lazy\" decoding=\"async\" src=\"https:\/\/cdn.cassilandianoticias.com.br\/uploads\/noticias\/2023\/02\/04\/1oxgmm27sr3ks.jpg\" sizes=\"auto, 100vw\" srcset=\"https:\/\/cdn.cassilandianoticias.com.br\/uploads\/noticias\/2023\/02\/04\/mv48u3eu1edd.jpg 800w, https:\/\/cdn.cassilandianoticias.com.br\/uploads\/noticias\/2023\/02\/04\/11xehvoo6vz5y.jpg 1024w, https:\/\/cdn.cassilandianoticias.com.br\/uploads\/noticias\/2023\/02\/04\/1oxgmm27sr3ks.jpg 1280w\" alt=\"PMA persegue e recupera o trator roubado na Sete Placas\" width=\"1280\" height=\"960\" \/><\/figure>\n<figure class=\"image\"><img loading=\"lazy\" decoding=\"async\" src=\"https:\/\/cdn.cassilandianoticias.com.br\/uploads\/noticias\/2023\/02\/04\/3a8bq4llo9c0w.jpg\" sizes=\"auto, 100vw\" srcset=\"https:\/\/cdn.cassilandianoticias.com.br\/uploads\/noticias\/2023\/02\/04\/2sha6omkmou8c.jpg 800w, https:\/\/cdn.cassilandianoticias.com.br\/uploads\/noticias\/2023\/02\/04\/11par7ib69d4i.jpg 1024w\" alt=\"PMA persegue e recupera o trator roubado na Sete Placas\" width=\"1200\" height=\"1600\" \/><\/figure>\n<\/div>\n<p class=\"py-3 d-print-none\">\n<p>cassilandianoticias<\/p>\n","protected":false},"excerpt":{"rendered":"<p>Segundo o comandante da PMA, o Sub-Tenente Evaldo, em parceria com o comandante da PM Jonas, fizeram um rastreamento para saber sobre o caminho do trator. Na Deneide descobriram que o trator passou pelo local por volta das 6 horas. No Apor\u00e9 descobriu que chegou por volta das 11 horas. Em uma c\u00e2mera foi poss\u00edvel [&hellip;]<\/p>\n","protected":false},"author":4,"featured_media":230349,"comment_status":"closed","ping_status":"closed","sticky":false,"template":"","format":"standard","meta":{"footnotes":""},"categories":[21,38],"tags":[],"class_list":["post-230347","post","type-post","status-publish","format-standard","has-post-thumbnail","hentry","category-cassilandia","category-policia"],"_links":{"self":[{"href":"https:\/\/www.ocorreionews.com.br\/acervo-correio\/index.php?rest_route=\/wp\/v2\/posts\/230347","targetHints":{"allow":["GET"]}}],"collection":[{"href":"https:\/\/www.ocorreionews.com.br\/acervo-correio\/index.php?rest_route=\/wp\/v2\/posts"}],"about":[{"href":"https:\/\/www.ocorreionews.com.br\/acervo-correio\/index.php?rest_route=\/wp\/v2\/types\/post"}],"author":[{"embeddable":true,"href":"https:\/\/www.ocorreionews.com.br\/acervo-correio\/index.php?rest_route=\/wp\/v2\/users\/4"}],"replies":[{"embeddable":true,"href":"https:\/\/www.ocorreionews.com.br\/acervo-correio\/index.php?rest_route=%2Fwp%2Fv2%2Fcomments&post=230347"}],"version-history":[{"count":1,"href":"https:\/\/www.ocorreionews.com.br\/acervo-correio\/index.php?rest_route=\/wp\/v2\/posts\/230347\/revisions"}],"predecessor-version":[{"id":230350,"href":"https:\/\/www.ocorreionews.com.br\/acervo-correio\/index.php?rest_route=\/wp\/v2\/posts\/230347\/revisions\/230350"}],"wp:featuredmedia":[{"embeddable":true,"href":"https:\/\/www.ocorreionews.com.br\/acervo-correio\/index.php?rest_route=\/wp\/v2\/media\/230349"}],"wp:attachment":[{"href":"https:\/\/www.ocorreionews.com.br\/acervo-correio\/index.php?rest_route=%2Fwp%2Fv2%2Fmedia&parent=230347"}],"wp:term":[{"taxonomy":"category","embeddable":true,"href":"https:\/\/www.ocorreionews.com.br\/acervo-correio\/index.php?rest_route=%2Fwp%2Fv2%2Fcategories&post=230347"},{"taxonomy":"post_tag","embeddable":true,"href":"https:\/\/www.ocorreionews.com.br\/acervo-correio\/index.php?rest_route=%2Fwp%2Fv2%2Ftags&post=230347"}],"curies":[{"name":"wp","href":"https:\/\/api.w.org\/{rel}","templated":true}]}}