{"id":230411,"date":"2023-02-06T09:01:11","date_gmt":"2023-02-06T13:01:11","guid":{"rendered":"https:\/\/www.ocorreionews.com.br\/acervo-correio\/?p=230411"},"modified":"2023-02-06T09:01:11","modified_gmt":"2023-02-06T13:01:11","slug":"ms-tera-r-79-milhoes-para-reduzir-fila-por-cirurgias-e-exames","status":"publish","type":"post","link":"https:\/\/www.ocorreionews.com.br\/acervo-correio\/?p=230411","title":{"rendered":"MS ter\u00e1 R$ 7,9 milh\u00f5es para reduzir fila por cirurgias e exames"},"content":{"rendered":"<p>O governo federal ir\u00e1 destinar R$ 7,985 milh\u00f5es para Mato Grosso do Sul implantar o programa de redu\u00e7\u00e3o de filas de cirurgias, exames e consultas pelo SUS (Sistema \u00danico de Sa\u00fade). O projeto \u00e9 uma das prioridades para minimizar a espera de pacientes e ser\u00e1 lan\u00e7ado oficialmente hoje, no Rio de Janeiro (RJ).<\/p>\n<p>A lista com os repasses previstos foi publicada hoje no Di\u00e1rio Oficial da Uni\u00e3o, em portaria assinada pela ministra da Sa\u00fade, N\u00edsia Trindade Lima. O recurso foi viabilizado pela PEC da Transi\u00e7\u00e3o.<\/p>\n<p>No caso de Mato Grosso do Sul, dos R$ 7.985.803,74 previstos. No total, os estados v\u00e3o receber R$ 600 milh\u00f5es, sendo que R$ 200 milh\u00f5es j\u00e1 ser\u00e3o disponibilizados a partir deste m\u00eas, para incentivar a organiza\u00e7\u00e3o de mutir\u00f5es em todo o Pa\u00eds para desafogar a demanda represada.<\/p>\n<p>O restante, cerca de R$ 400 milh\u00f5es, ser\u00e1 repassado de acordo com a produ\u00e7\u00e3o apresentada de cirurgias realizadas, principalmente abdominais, ortop\u00e9dicas e oftalmol\u00f3gicas. No caso de Mato Grosso do Sul, do recurso previsto de R$ 7,985 milh\u00f5es, ser\u00e3o destinados R$ 2.661.934,58 a partir deste m\u00eas.<\/p>\n<p>Pela portaria, a ades\u00e3o dos gestores ao Programa Nacional de Redu\u00e7\u00e3o das Filas das Cirurgias Eletivas, Exames Complementares e Consultas Especializadas ser\u00e1 condicionada ao envio de Plano Estadual de Redu\u00e7\u00e3o das Filas.<\/p>\n<p>Cada estado poder\u00e1 estabelecer as cirurgias priorit\u00e1rias, de acordo com a realidade local. A segunda fase, prevista para ocorrer entre abril e junho de 2023, inclui exames diagn\u00f3sticos e consultas especializadas, com foco em tratamentos oncol\u00f3gicos.<\/p>\n<p>Os planos dever\u00e3o ser elaborados, conjuntamente, pelas Secretarias Estadual e Municipais de Sa\u00fade, e pactuados nas respectivas Comiss\u00f5es Intergestoras Bipartite (CIB) e Colegiado de Gest\u00e3o do Distrito Federal.<\/p>\n<p>&nbsp;<\/p>\n<p>Por Silvia Frias &#8211; CAMPO GRANDE NEWS<\/p>\n","protected":false},"excerpt":{"rendered":"<p>O governo federal ir\u00e1 destinar R$ 7,985 milh\u00f5es para Mato Grosso do Sul implantar o programa de redu\u00e7\u00e3o de filas de cirurgias, exames e consultas pelo SUS (Sistema \u00danico de Sa\u00fade). O projeto \u00e9 uma das prioridades para minimizar a espera de pacientes e ser\u00e1 lan\u00e7ado oficialmente hoje, no Rio de Janeiro (RJ). A lista [&hellip;]<\/p>\n","protected":false},"author":5,"featured_media":199369,"comment_status":"closed","ping_status":"closed","sticky":false,"template":"","format":"standard","meta":{"footnotes":""},"categories":[39],"tags":[],"class_list":["post-230411","post","type-post","status-publish","format-standard","has-post-thumbnail","hentry","category-saude"],"_links":{"self":[{"href":"https:\/\/www.ocorreionews.com.br\/acervo-correio\/index.php?rest_route=\/wp\/v2\/posts\/230411","targetHints":{"allow":["GET"]}}],"collection":[{"href":"https:\/\/www.ocorreionews.com.br\/acervo-correio\/index.php?rest_route=\/wp\/v2\/posts"}],"about":[{"href":"https:\/\/www.ocorreionews.com.br\/acervo-correio\/index.php?rest_route=\/wp\/v2\/types\/post"}],"author":[{"embeddable":true,"href":"https:\/\/www.ocorreionews.com.br\/acervo-correio\/index.php?rest_route=\/wp\/v2\/users\/5"}],"replies":[{"embeddable":true,"href":"https:\/\/www.ocorreionews.com.br\/acervo-correio\/index.php?rest_route=%2Fwp%2Fv2%2Fcomments&post=230411"}],"version-history":[{"count":1,"href":"https:\/\/www.ocorreionews.com.br\/acervo-correio\/index.php?rest_route=\/wp\/v2\/posts\/230411\/revisions"}],"predecessor-version":[{"id":230413,"href":"https:\/\/www.ocorreionews.com.br\/acervo-correio\/index.php?rest_route=\/wp\/v2\/posts\/230411\/revisions\/230413"}],"wp:featuredmedia":[{"embeddable":true,"href":"https:\/\/www.ocorreionews.com.br\/acervo-correio\/index.php?rest_route=\/wp\/v2\/media\/199369"}],"wp:attachment":[{"href":"https:\/\/www.ocorreionews.com.br\/acervo-correio\/index.php?rest_route=%2Fwp%2Fv2%2Fmedia&parent=230411"}],"wp:term":[{"taxonomy":"category","embeddable":true,"href":"https:\/\/www.ocorreionews.com.br\/acervo-correio\/index.php?rest_route=%2Fwp%2Fv2%2Fcategories&post=230411"},{"taxonomy":"post_tag","embeddable":true,"href":"https:\/\/www.ocorreionews.com.br\/acervo-correio\/index.php?rest_route=%2Fwp%2Fv2%2Ftags&post=230411"}],"curies":[{"name":"wp","href":"https:\/\/api.w.org\/{rel}","templated":true}]}}