{"id":230418,"date":"2023-02-06T09:17:42","date_gmt":"2023-02-06T13:17:42","guid":{"rendered":"https:\/\/www.ocorreionews.com.br\/acervo-correio\/?p=230418"},"modified":"2023-02-06T09:17:42","modified_gmt":"2023-02-06T13:17:42","slug":"homem-e-preso-apos-atirar-varias-vezes-em-um-comercio-atingir-um-adolescente-e-ser-esfaqueado-por-outra-pessoa-em-costa-rica","status":"publish","type":"post","link":"https:\/\/www.ocorreionews.com.br\/acervo-correio\/?p=230418","title":{"rendered":"Homem \u00e9 preso ap\u00f3s atirar varias vezes em um comercio, atingir um adolescente e ser esfaqueado por outra pessoa em Costa Rica"},"content":{"rendered":"<p>Um homem, de 23 anos, foi preso pela Pol\u00edcia Militar de Costa Rica na madrugada deste s\u00e1bado (05) ap\u00f3s dar v\u00e1rios disparos com uma arma de fogo e atentar contra a vida de um jovem, de 16 anos. O fato ocorreu durante uma festa no Clube do La\u00e7o, em Costa Rica.<\/p>\n<p>Segundo o boletim de ocorr\u00eancia, um homem, de 28 anos, acionou a Pol\u00edcia Militar ap\u00f3s o autor tentar invadir seu estabelecimento comercial, que j\u00e1 estava fechado. Negando a entrada do mesmo, o autor efetuou v\u00e1rios disparos em dire\u00e7\u00e3o \u00e0 porta do estabelecimento, causando danos materiais e posteriormente, fugindo do local.<\/p>\n<p>Conforme a pol\u00edcia, ningu\u00e9m foi atingido ou machucado pelos disparos. Os militares foram atr\u00e1s do indiv\u00edduo e n\u00e3o o localizaram de imediato.<\/p>\n<p>Posteriormente, houve um outro acionamento da Pol\u00edcia Militar para atender um jovem, de 16 anos, que deu entrada com ferimento de arma de fogo na perna, por\u00e9m sem gravidade de morte. Ao abordar a v\u00edtima, tamb\u00e9m j\u00e1 conhecido pelos militares por diversos delitos, ele relatou que estava saindo da festa do la\u00e7o, quando j\u00e1 na portaria, sentiu que levou um tiro na perna, descrevendo as caracter\u00edsticas do autor, com uma arma na m\u00e3o, vindo na dire\u00e7\u00e3o deles. a companheira da v\u00edtima informou que ouviu outros disparos e quando viu a v\u00edtima alvejada, foram para o hospital.<\/p>\n<p>Ainda de acordo com a pol\u00edcia, ap\u00f3s alguns instantes, outro indiv\u00edduo deu entrada no hospital, com ferimento de faca no abd\u00f4men, sendo identificado pelos militares como o autor dos fatos, reconhecido pelas testemunhas como o autor dos disparos de arma de fogo, como do homic\u00eddio tentado.<\/p>\n<p>Os militares fizeram a abordagem do suspeito e deram voz de pris\u00e3o. A v\u00edtima do disparo de arma de fogo j\u00e1 foi liberada do hospital, sendo retirado um proj\u00e9til de calibre 22 de sua perna. Informa\u00e7\u00f5es da pol\u00edcia revelam que o autor dos fatos segue internado e preso, por\u00e9m sem risco de morte.<\/p>\n<p>A Pol\u00edcia Militar e Civil seguem em dilig\u00eancias com intuito de localizar a arma utilizada, bem como prender o indiv\u00edduo que teria esfaqueado o autor dos disparos. Segundo os policiais, o autor dos disparos possui mais de 100 ocorr\u00eancias e atualmente est\u00e1 usando tornozeleira. Populares ainda informaram \u00e0 pol\u00edcia que o jovem, de 16 anos, e o autor dos disparos s\u00e3o amigos e que a briga teria se dado por conta de um desentendimento causado por uma mo\u00e7a.<\/p>\n<p>Ainda no desenrolar dessa ocorr\u00eancia, a v\u00edtima do disparo de arma de fogo em seu estabelecimento foi preso por desobedi\u00eancia e dire\u00e7\u00e3o perigosa pela Pol\u00edcia Militar por ter desrespeitado ordem de parada dos militares na data de ontem, sendo que ap\u00f3s acompanhamento t\u00e1tico evadiu-se da viatura policial, sendo recolhida sua moto e feito os procedimentos devidos de tr\u00e2nsito.<\/p>\n<p>&nbsp;<\/p>\n<p>&nbsp;<\/p>\n<p><span class=\"data fz12 black uppercase\">FONTE: MS TODO DIA<\/span><\/p>\n","protected":false},"excerpt":{"rendered":"<p>Um homem, de 23 anos, foi preso pela Pol\u00edcia Militar de Costa Rica na madrugada deste s\u00e1bado (05) ap\u00f3s dar v\u00e1rios disparos com uma arma de fogo e atentar contra a vida de um jovem, de 16 anos. O fato ocorreu durante uma festa no Clube do La\u00e7o, em Costa Rica. Segundo o boletim de [&hellip;]<\/p>\n","protected":false},"author":5,"featured_media":212176,"comment_status":"closed","ping_status":"closed","sticky":false,"template":"","format":"standard","meta":{"footnotes":""},"categories":[25,38],"tags":[],"class_list":["post-230418","post","type-post","status-publish","format-standard","has-post-thumbnail","hentry","category-costa-rica","category-policia"],"_links":{"self":[{"href":"https:\/\/www.ocorreionews.com.br\/acervo-correio\/index.php?rest_route=\/wp\/v2\/posts\/230418","targetHints":{"allow":["GET"]}}],"collection":[{"href":"https:\/\/www.ocorreionews.com.br\/acervo-correio\/index.php?rest_route=\/wp\/v2\/posts"}],"about":[{"href":"https:\/\/www.ocorreionews.com.br\/acervo-correio\/index.php?rest_route=\/wp\/v2\/types\/post"}],"author":[{"embeddable":true,"href":"https:\/\/www.ocorreionews.com.br\/acervo-correio\/index.php?rest_route=\/wp\/v2\/users\/5"}],"replies":[{"embeddable":true,"href":"https:\/\/www.ocorreionews.com.br\/acervo-correio\/index.php?rest_route=%2Fwp%2Fv2%2Fcomments&post=230418"}],"version-history":[{"count":1,"href":"https:\/\/www.ocorreionews.com.br\/acervo-correio\/index.php?rest_route=\/wp\/v2\/posts\/230418\/revisions"}],"predecessor-version":[{"id":230419,"href":"https:\/\/www.ocorreionews.com.br\/acervo-correio\/index.php?rest_route=\/wp\/v2\/posts\/230418\/revisions\/230419"}],"wp:featuredmedia":[{"embeddable":true,"href":"https:\/\/www.ocorreionews.com.br\/acervo-correio\/index.php?rest_route=\/wp\/v2\/media\/212176"}],"wp:attachment":[{"href":"https:\/\/www.ocorreionews.com.br\/acervo-correio\/index.php?rest_route=%2Fwp%2Fv2%2Fmedia&parent=230418"}],"wp:term":[{"taxonomy":"category","embeddable":true,"href":"https:\/\/www.ocorreionews.com.br\/acervo-correio\/index.php?rest_route=%2Fwp%2Fv2%2Fcategories&post=230418"},{"taxonomy":"post_tag","embeddable":true,"href":"https:\/\/www.ocorreionews.com.br\/acervo-correio\/index.php?rest_route=%2Fwp%2Fv2%2Ftags&post=230418"}],"curies":[{"name":"wp","href":"https:\/\/api.w.org\/{rel}","templated":true}]}}