{"id":230422,"date":"2023-02-06T10:05:30","date_gmt":"2023-02-06T14:05:30","guid":{"rendered":"https:\/\/www.ocorreionews.com.br\/acervo-correio\/?p=230422"},"modified":"2023-02-06T10:06:48","modified_gmt":"2023-02-06T14:06:48","slug":"amigo-invade-casa-e-esfaqueia-morador-apos-desentendimento-em-costa-rica","status":"publish","type":"post","link":"https:\/\/www.ocorreionews.com.br\/acervo-correio\/?p=230422","title":{"rendered":"Amigo invade casa e esfaqueia morador ap\u00f3s desentendimento em Costa Rica"},"content":{"rendered":"<div class=\"elementor-element elementor-element-33095f69 elementor-widget elementor-widget-theme-post-content\" data-id=\"33095f69\" data-element_type=\"widget\" data-widget_type=\"theme-post-content.default\">\n<div class=\"elementor-widget-container\">\n<p>Um morador de 33 anos, da cidade de Costa Rica, foi esfaqueado por um \u2018amigo\u2019 que invadiu sua casa durante a madrugada desta segunda-feira (6). A v\u00edtima teve ruptura de tend\u00e3o ap\u00f3s o esfaqueamento.<\/p>\n<p>O crime aconteceu por volta da 1 hora da madrugada quando o autor chegou at\u00e9 a casa do morador dizendo que queria conversar. Neste momento, a v\u00edtima falou que n\u00e3o queria o homem na sua resid\u00eancia e os dois discutiram.<\/p>\n<p>O autor, ent\u00e3o, invadiu a casa e esfaqueou o morador no bra\u00e7o, fugindo logo em seguida. A v\u00edtima foi para a unidade de sa\u00fade, onde foi constatado um corte profundo no bra\u00e7o com ruptura de tend\u00e3o.<\/p>\n<p>O autor n\u00e3o foi localizado e \u00e9 procurado pela pol\u00edcia.<\/p>\n<\/div>\n<\/div>\n<p>&nbsp;<\/p>\n<p>&nbsp;<\/p>\n<p>*Midiamax, Thatiana Melo<\/p>\n","protected":false},"excerpt":{"rendered":"<p>Um morador de 33 anos, da cidade de Costa Rica, foi esfaqueado por um \u2018amigo\u2019 que invadiu sua casa durante a madrugada desta segunda-feira (6). A v\u00edtima teve ruptura de tend\u00e3o ap\u00f3s o esfaqueamento. O crime aconteceu por volta da 1 hora da madrugada quando o autor chegou at\u00e9 a casa do morador dizendo que [&hellip;]<\/p>\n","protected":false},"author":5,"featured_media":210166,"comment_status":"closed","ping_status":"closed","sticky":false,"template":"","format":"standard","meta":{"footnotes":""},"categories":[25,38],"tags":[],"class_list":["post-230422","post","type-post","status-publish","format-standard","has-post-thumbnail","hentry","category-costa-rica","category-policia"],"_links":{"self":[{"href":"https:\/\/www.ocorreionews.com.br\/acervo-correio\/index.php?rest_route=\/wp\/v2\/posts\/230422","targetHints":{"allow":["GET"]}}],"collection":[{"href":"https:\/\/www.ocorreionews.com.br\/acervo-correio\/index.php?rest_route=\/wp\/v2\/posts"}],"about":[{"href":"https:\/\/www.ocorreionews.com.br\/acervo-correio\/index.php?rest_route=\/wp\/v2\/types\/post"}],"author":[{"embeddable":true,"href":"https:\/\/www.ocorreionews.com.br\/acervo-correio\/index.php?rest_route=\/wp\/v2\/users\/5"}],"replies":[{"embeddable":true,"href":"https:\/\/www.ocorreionews.com.br\/acervo-correio\/index.php?rest_route=%2Fwp%2Fv2%2Fcomments&post=230422"}],"version-history":[{"count":1,"href":"https:\/\/www.ocorreionews.com.br\/acervo-correio\/index.php?rest_route=\/wp\/v2\/posts\/230422\/revisions"}],"predecessor-version":[{"id":230425,"href":"https:\/\/www.ocorreionews.com.br\/acervo-correio\/index.php?rest_route=\/wp\/v2\/posts\/230422\/revisions\/230425"}],"wp:featuredmedia":[{"embeddable":true,"href":"https:\/\/www.ocorreionews.com.br\/acervo-correio\/index.php?rest_route=\/wp\/v2\/media\/210166"}],"wp:attachment":[{"href":"https:\/\/www.ocorreionews.com.br\/acervo-correio\/index.php?rest_route=%2Fwp%2Fv2%2Fmedia&parent=230422"}],"wp:term":[{"taxonomy":"category","embeddable":true,"href":"https:\/\/www.ocorreionews.com.br\/acervo-correio\/index.php?rest_route=%2Fwp%2Fv2%2Fcategories&post=230422"},{"taxonomy":"post_tag","embeddable":true,"href":"https:\/\/www.ocorreionews.com.br\/acervo-correio\/index.php?rest_route=%2Fwp%2Fv2%2Ftags&post=230422"}],"curies":[{"name":"wp","href":"https:\/\/api.w.org\/{rel}","templated":true}]}}