{"id":230427,"date":"2023-02-06T10:10:01","date_gmt":"2023-02-06T14:10:01","guid":{"rendered":"https:\/\/www.ocorreionews.com.br\/acervo-correio\/?p=230427"},"modified":"2023-02-06T10:10:01","modified_gmt":"2023-02-06T14:10:01","slug":"confira-a-pauta-para-a-1400a-sessao-ordinaria-que-acontece-na-proxima-segunda-feira-2","status":"publish","type":"post","link":"https:\/\/www.ocorreionews.com.br\/acervo-correio\/?p=230427","title":{"rendered":"Confira a pauta para a 1400\u00aa Sess\u00e3o Ordin\u00e1ria que acontece na pr\u00f3xima segunda-feira"},"content":{"rendered":"<div class=\"entry-content clearfix single-post-content\">\n<p><strong><u>PAUTA PARA A 1400\u00aa SESS\u00c3O ORDIN\u00c1RIA,<\/u><\/strong><\/p>\n<p><strong><u>DA 3\u00aa<\/u><\/strong>\u00a0<strong><u>SESS\u00c3O<\/u><\/strong>\u00a0<strong><u>LEGISLATIVA,<\/u><\/strong><\/p>\n<p><strong><u>DA 9\u00aa LEGISLATURA, A REALIZAR-SE<\/u><\/strong><\/p>\n<p><strong><u>NO DIA 06\/02\/2023 \u2013 SEGUNDA \u2013 FEIRA<\/u><\/strong><\/p>\n<p><strong><u>\u00c0s 18h \u2013 C\u00e2mara Municipal<\/u><\/strong><\/p>\n<p>&nbsp;<\/p>\n<p><strong><u>EXPEDIENTE DE VEREADORES<\/u><\/strong><\/p>\n<p>&nbsp;<\/p>\n<p><strong>Requerimento n\u00ba 107\/2023 Vereadora Almira<\/strong><\/p>\n<p>REQUER-SE \u00e0 Mesa, na forma regimental e depois de ouvido o Douto Plen\u00e1rio de Delibera\u00e7\u00f5es, o envio de Expediente ao Prefeito Municipal, Jo\u00e3o Carlos Krug, com c\u00f3pia ao Secret\u00e1rio de Educa\u00e7\u00e3o, Guerino Perius, que encaminhe a esta Casa de Leis esclarecimentos sobre os motivos que levaram ao encerramento do transporte escolar urbano no munic\u00edpio.<\/p>\n<p>&nbsp;<\/p>\n<p><strong>Indica\u00e7\u00e3o n\u00ba 687\/2023 do Vereador Andr\u00e9 dos Anjos<\/strong><\/p>\n<p>INDICA-SE \u00e0 Mesa, na forma regimental, e depois de ouvido o Douto Plen\u00e1rio de Delibera\u00e7\u00f5es, o envio de expediente, ao Prefeito Municipal Jo\u00e3o Carlos Krug, com c\u00f3pia ao Secret\u00e1rio\u00a0do SEDEMA, Jos\u00e9 Teixeira J\u00fanior, para que realize a revitaliza\u00e7\u00e3o do Canil Municipal bem como ative a estrutura antiga do Canil para que sirva como setor de triagem para os animais recolhidos.<\/p>\n<p>&nbsp;<\/p>\n<p><strong>Indica\u00e7\u00e3o n\u00ba 688\/2023 Vereador Andr\u00e9 dos anjos<\/strong><\/p>\n<p>INDICA-SE \u00e0 Mesa, na forma regimental, e depois de ouvido o Douto Plen\u00e1rio de Delibera\u00e7\u00f5es, o envio de expediente, ao\u00a0Superintendente Regional do DNIT no estado de Mato Grosso do Sul, Sr. Euro Nunes Varanis Junior, para que reestabele\u00e7a o servi\u00e7o de microperfilamento e asfalto CBUQ (asfalto quente) em um trecho de aproximadamente 25Km da BR 060, o qual n\u00e3o foi revitalizado no ano passado, na oportunidade indica tamb\u00e9m a remo\u00e7\u00e3o de um ve\u00edculo carbonizado abandonado que est\u00e1 localizado \u00e0s margens da BR 060 nas proximidades da Cooperativa COOPER.<\/p>\n<p>&nbsp;<\/p>\n<p><strong>Indica\u00e7\u00e3o n\u00ba 689\/2023 Andr\u00e9 dos Anjos<\/strong><\/p>\n<p>INDICA-SE \u00e0 Mesa, na forma regimental, e depois de ouvido o Douto Plen\u00e1rio de Delibera\u00e7\u00f5es, o envio de expediente ao Prefeito Municipal, Jo\u00e3o Carlos Krug, com c\u00f3pia ao Secret\u00e1rio de Obras, Transportes e Servi\u00e7os P\u00fablicos, Ivanor Zorzo, para que fa\u00e7a a instala\u00e7\u00e3o de escadas de acesso ao canal de \u00e1guas pluviais na Avenida 33, bem como a completa sinaliza\u00e7\u00e3o e revitaliza\u00e7\u00e3o do paisagismo local. Refor\u00e7ando a Indica\u00e7\u00e3o de n\u00ba 178\/2021 de autoria do Vereador Tucano.<\/p>\n<p>&nbsp;<\/p>\n<p><strong>Indica\u00e7\u00e3o n\u00ba 690\/2023 da Vereadora Alline Tontini<\/strong><\/p>\n<p>INDICA-SE \u00e0 Mesa, na forma regimental, e depois de ouvido o Douto Plen\u00e1rio de Delibera\u00e7\u00f5es, o envio de expediente, ao Prefeito Municipal Jo\u00e3o Carlos Krug, para\u00a0que sejam instaladas c\u00e2meras de monitoramento em todas as pra\u00e7as do munic\u00edpio, no Gin\u00e1sio de Esportes, Centro Aqu\u00e1tico Municipal e no Centro de Treinamento de Modalidades Individuais.<\/p>\n<p>&nbsp;<\/p>\n<p><strong>Indica\u00e7\u00e3o n\u00ba 691\/2023 Vereadora Alline Tontini<\/strong><\/p>\n<p>INDICA-SE \u00e0 Mesa, na forma regimental, e depois de ouvido o Douto Plen\u00e1rio de Delibera\u00e7\u00f5es, o envio de expediente, ao Prefeito Municipal Jo\u00e3o Carlos Krug, solicitando que\u00a0sejam disponibilizados guardas noturnos para vigil\u00e2ncia de todas as pra\u00e7as do munic\u00edpio.<\/p>\n<p>&nbsp;<\/p>\n<p><strong>Indica\u00e7\u00e3o 692\/2023 Vereadora Alline Tontini<\/strong><\/p>\n<p>INDICA-SE \u00e0 Mesa, na forma regimental, e depois de ouvido o Douto Plen\u00e1rio de Delibera\u00e7\u00f5es, o envio de expediente ao Prefeito Municipal, Jo\u00e3o Carlos Krug, com c\u00f3pia a Secret\u00e1ria de Sa\u00fade, Val\u00e9ria Lopes dos Santos, solicitando a contrata\u00e7\u00e3o de um Psic\u00f3logo para atender o Grupo da melhor Idade, no Projeto Conviver. Refor\u00e7ando a Indica\u00e7\u00e3o de n\u00ba 609\/2022 de autoria desta Vereadora.<\/p>\n<p>&nbsp;<\/p>\n<p><strong>Indica\u00e7\u00e3o 693\/2023 Alline Tontini<\/strong><\/p>\n<p>INDICA-SE \u00e0 Mesa, na forma regimental, e depois de ouvido o Douto Plen\u00e1rio de Delibera\u00e7\u00f5es, o envio de expediente, ao Deputado Federal, Beto Pereira, solicitando a destina\u00e7\u00e3o Emenda Parlamentar, no valor de R$ 500.000,00 (Quinhentos mil reais) para nosso Munic\u00edpio, visando a Constru\u00e7\u00e3o de uma Pra\u00e7a de Eventos Esportivos e lazer, no Bairro Planalto. Refor\u00e7ando a Indica\u00e7\u00e3o de n\u00ba 358\/2022 de autoria desta Vereadora.<\/p>\n<p>&nbsp;<\/p>\n<p><strong>Indica\u00e7\u00e3o 694\/2023 dos Vereadores Marcelo da Costa e Mika<\/strong><\/p>\n<p>Indica ao Prefeito INDICA-SE \u00e0 Mesa, na forma regimental, e depois de ouvido o Douto Plen\u00e1rio de Delibera\u00e7\u00f5es, o envio de expediente ao Prefeito Municipal, Jo\u00e3o Carlos Krug, ao Diretor do DEMUTRAN, Pedro Lopes, solicitando que seja desenvolvida uma campanha educativa de tr\u00e2nsito, ressaltando principalmente a exist\u00eancia dos Agentes de Tr\u00e2nsito no munic\u00edpio.<\/p>\n<p>&nbsp;<\/p>\n<p><strong>Indica\u00e7\u00e3o 695\/2023 Marcelo da Costa<\/strong><\/p>\n<p>INDICA-SE \u00e0 Mesa, na forma regimental, e depois de ouvido o Douto Plen\u00e1rio de Delibera\u00e7\u00f5es, o envio de expediente ao Prefeito Municipal, Jo\u00e3o Carlos Krug, com c\u00f3pia ao Secret\u00e1rio de Obras, Ivanor Zorzo, para que sejam constru\u00eddos banheiros p\u00fablicos na Pra\u00e7a da Avenida Goi\u00e1s, de forma que a popula\u00e7\u00e3o que utilize o espa\u00e7o conte com esta comodidade.<\/p>\n<p>&nbsp;<\/p>\n<p><strong>Indica\u00e7\u00e3o 696\/2023 Marcelo da Costa<\/strong><\/p>\n<p>Indica ao Prefeito Municipal Jo\u00e3o Carlos Krug que busque apoio estadual e federal para o desenvolvimento de um Projeto Habitacional no munic\u00edpio, que promova a constru\u00e7\u00e3o de casas populares para a popula\u00e7\u00e3o. Refor\u00e7ando a Indica\u00e7\u00e3o de n\u00ba 174\/2021 de autoria deste Vereador.<\/p>\n<p>&nbsp;<\/p>\n<p><strong>Indica\u00e7\u00e3o 697\/2023 Marcelo\u00a0<\/strong><strong>da Costa<\/strong><\/p>\n<p>INDICA-SE \u00e0 Mesa, na forma regimental, e depois de ouvido o Douto Plen\u00e1rio de Delibera\u00e7\u00f5es, o envio de expediente ao Prefeito Municipal, Jo\u00e3o Carlos, com c\u00f3pia \u00e0 Secret\u00e1ria de Sa\u00fade, Val\u00e9ria Lopes, solicitando que seja criado um sistema de est\u00e1gio para os acad\u00eamicos de medicina e demais \u00e1reas da sa\u00fade, de forma que possam cumprir este per\u00edodo no Hospital Municipal de Chapad\u00e3o do Sul.<\/p>\n<p>&nbsp;<\/p>\n<p><strong>Indica\u00e7\u00e3o 898\/2023 Vanderson Cardoso<\/strong><\/p>\n<p>INDICA-SE, com observ\u00e2ncia nas disposi\u00e7\u00f5es regimentais, o envio de expediente ao Prefeito Municipal, Jo\u00e3o Carlos Krug, com c\u00f3pia a Secret\u00e1ria de Assist\u00eancia Social, Maria das Dores Zocal Krug, para que promova uma a\u00e7\u00e3o de casamento civil coletivo em parceria com Tribunal de Justi\u00e7a e Cart\u00f3rio, dando a oportunidade de oficializar a uni\u00e3o \u00e0s pessoas de baixa renda. Refor\u00e7ando a Indica\u00e7\u00e3o de n\u00ba 463\/2022 de autoria deste Vereador.<\/p>\n<p>&nbsp;<\/p>\n<p><strong>Indica\u00e7\u00e3o 699\/2023 Vanderson Cardoso<\/strong><\/p>\n<p>INDICA-SE, com observ\u00e2ncia nas disposi\u00e7\u00f5es regimentais, o envio de expediente ao Prefeito Municipal, Jo\u00e3o Carlos Krug, com c\u00f3pia a Secret\u00e1ria de Sa\u00fade, Val\u00e9ria Lopes dos Santos, solicitando que seja constru\u00eddo um Centro de Diagn\u00f3stico por Imagem, anexo ao Hospital Municipal. Refor\u00e7ando a Indica\u00e7\u00e3o de n\u00ba 563\/2022 de autoria deste Vereador.<\/p>\n<p>&nbsp;<\/p>\n<p><strong>Indica\u00e7\u00e3o 700\/2023 Vanderson Cardoso<\/strong><\/p>\n<p>INDICA-SE, com observ\u00e2ncia nas disposi\u00e7\u00f5es regimentais, o envio de expediente ao Prefeito Municipal, Jo\u00e3o Carlos Krug, solicitando que seja implantado em nosso Munic\u00edpio o sistema de Vale Alimenta\u00e7\u00e3o, para os Servidores P\u00fablicos Municipais. Refor\u00e7ando a Indica\u00e7\u00e3o de n\u00ba 453\/2022 de autoria deste Vereador.<\/p>\n<p>&nbsp;<\/p>\n<p><strong>Indica\u00e7\u00e3o 701\/2023 Vereador Vanderson Cardoso<\/strong><\/p>\n<p>INDICA-SE \u00e0 Mesa, na forma regimental, e depois de ouvido o Douto Plen\u00e1rio de Delibera\u00e7\u00f5es, o envio de expediente ao Deputado Federal, Beto Pereira, solicitando que disponibilize Emenda Parlamentar, no valor de R$ 400.000,00 (quatrocentos mil reais), para a aquisi\u00e7\u00e3o de um Caminh\u00e3o com carroceria mista carga seca ou basculante, para atender as demandas da Secretaria SEDEMA, principalmente o Programa \u201cSua sobra minha obra\u201d, institu\u00eddo por meio da LEI N\u00ba 1.268, DE 13 DE MAIO DE 2021, que: \u201cDisp\u00f5e sobre o recebimento e dep\u00f3sito de sobras de materiais de constru\u00e7\u00e3o para doa\u00e7\u00e3o \u00e0s pessoas carentes e entidades beneficentes ou habitacionais do Munic\u00edpio de Chapad\u00e3o do Sul\u201d. Refor\u00e7ando a Indica\u00e7\u00e3o de n\u00ba 683\/2022 de autoria deste Vereador.<\/p>\n<p>&nbsp;<\/p>\n<p><strong>Indica\u00e7\u00e3o 702\/2023 Vereadora Almira<\/strong><\/p>\n<p>INDICA-SE \u00e0 Mesa, na forma regimental, e depois de ouvido o Douto Plen\u00e1rio de Delibera\u00e7\u00f5es, o envio de expediente, ao Prefeito Municipal, Jo\u00e3o Carlos Krug,\u00a0com c\u00f3pia \u00e0 Secret\u00e1ria de Sa\u00fade, Val\u00e9ria Lopes, para que seja analisada a cria\u00e7\u00e3o de uma plataforma com os dados e informa\u00e7\u00f5es das pessoas com algum tipo de defici\u00eancia em Chapad\u00e3o do Sul.<\/p>\n<p>&nbsp;<\/p>\n<p><strong>Indica\u00e7\u00e3o 703\/2023 Vereadora Prof\u00aa Almira<\/strong><\/p>\n<p>INDICA-SE \u00e0 Mesa, na forma regimental, e depois de ouvido o Douto Plen\u00e1rio de Delibera\u00e7\u00f5es, o envio de expediente, ao Prefeito Municipal, Jo\u00e3o Carlos Krug\u00a0com c\u00f3pia ao Secret\u00e1rio de Desenvolvimento Econ\u00f4mico e Meio Ambiente, Jos\u00e9 Teixeira Junior Teixeira, para que todos os cursos oferecidos pela administra\u00e7\u00e3o municipal sejam ofertados com acessibilidade quando solicitados pelo aluno com necessidades especiais.<\/p>\n<p>&nbsp;<\/p>\n<p><strong>Indica\u00e7\u00e3o 704\/2023 Vereadora Prof\u00aa Almira<\/strong><\/p>\n<p>INDICA-SE \u00e0 Mesa, na forma regimental, e depois de ouvido o Douto Plen\u00e1rio de Delibera\u00e7\u00f5es, o envio de expediente, ao Prefeito Municipal, Jo\u00e3o Carlos Krug,\u00a0com c\u00f3pia \u00e0 Secret\u00e1ria de Sa\u00fade e a Secret\u00e1ria de Assist\u00eancia Social, Maria das Dores Zocal Krug, solicitando que seja desenvolvido um programa de capacita\u00e7\u00e3o e profissionaliza\u00e7\u00e3o para Cuidadores de Idosos, bem como promova a regulamenta\u00e7\u00e3o da classe no munic\u00edpio.<\/p>\n<p>&nbsp;<\/p>\n<p><strong>Indica\u00e7\u00e3o 705\/2023 Vereador Andr\u00e9 dos Anjos<\/strong><\/p>\n<p>INDICA-SE \u00e0 Mesa, na forma regimental, e depois de ouvido o Douto Plen\u00e1rio de Delibera\u00e7\u00f5es, o envio de expediente, ao Prefeito Municipal Jo\u00e3o Carlos Krug,\u00a0com c\u00f3pia ao Secret\u00e1rio de Desenvolvimento Econ\u00f4mico e Meio Ambiente, Jos\u00e9 Teixeira Junior, para que melhore a estrutura do SIM (Sistema de Inspe\u00e7\u00e3o Municipal) com disposi\u00e7\u00e3o de espa\u00e7o f\u00edsico e ve\u00edculo para que o profissional que atual no SIM possa desempenhar suas fun\u00e7\u00f5es com mais comodidade e agilidade.<\/p>\n<p>&nbsp;<\/p>\n<p><strong>INDICA\u00c7\u00c3O 706\/2023 Vereador Tucano<\/strong><\/p>\n<p>Indica ao Prefeito INDICA-SE \u00e0 Mesa, na forma regimental, e depois de ouvido o Douto Plen\u00e1rio de Delibera\u00e7\u00f5es, o envio de expediente ao Prefeito Municipal, Jo\u00e3o Carlos Krug, com c\u00f3pia ao Secret\u00e1rio de Obras, Transportes e Servi\u00e7os P\u00fablicos, Ivanor Zorzo e ao Diretor do DEMUTRAN, Pedro Lopes, solicitando a instala\u00e7\u00e3o de Lombofaixa, em frente \u00e0 Escola Estadual Jorge Amado. Refor\u00e7ando a Indica\u00e7\u00e3o de 368\/2022 de autoria do Vereador Vanderson Cardoso.<\/p>\n<p>&nbsp;<\/p>\n<p><strong>Indica\u00e7\u00e3o 707\/2023 Vereador Tucano<\/strong><\/p>\n<p>INDICA-SE \u00e0 Mesa, na forma regimental, e depois de ouvido o Douto Plen\u00e1rio de Delibera\u00e7\u00f5es, o envio de expediente, ao Prefeito Municipal Jo\u00e3o Carlos,\u00a0com c\u00f3pia ao Secret\u00e1rio de Obras, Ivanor Zorzo, solicitando que fa\u00e7a orienta\u00e7\u00e3o e notifica\u00e7\u00e3o dos propriet\u00e1rios de terrenos localizados na Avenida 16, no trecho entre as Ruas 17 e 23 para que construam cal\u00e7adas nos locais, de forma que os pedestres que circulam naquela localidade possam transitar sem obstru\u00e7\u00f5es.<\/p>\n<p>&nbsp;<\/p>\n<p><strong>Indica\u00e7\u00e3o 708\/2023 Vereador Emerson Sapo<\/strong><\/p>\n<p>INDICA-SE \u00e0 Mesa, na forma regimental, e depois de ouvido o Douto Plen\u00e1rio de Delibera\u00e7\u00f5es, o envio de expediente, ao Prefeito Municipal Jo\u00e3o Carlos Krug, com c\u00f3pia ao Secret\u00e1rio do SEDEMA, Jos\u00e9 Teixeira Junior, solicitando para que seja criado no munic\u00edpio um espa\u00e7o para dep\u00f3sito de pneus inserv\u00edveis e em desuso, para que as empresas respons\u00e1veis por esta coleta, a fa\u00e7am em apenas um local e com esta finalidade. Refor\u00e7ando a Indica\u00e7\u00e3o n\u00ba 561\/2022 de autoria da Vereadora Alline Tontini.<\/p>\n<p>&nbsp;<\/p>\n<p><strong>Mo\u00e7\u00e3o de Pesar n\u00ba 80\/2023 Vereador Tucano<\/strong><\/p>\n<p>&nbsp;<\/p>\n<p>O Vereador Tucano, da C\u00e2mara Municipal de Chapad\u00e3o do Sul, que esta subscreve, dispensadas as formalidades regimentais, encaminha MO\u00c7\u00c3O DE PESAR aos familiares e amigos do Sr. El\u00eddio Duarte Mendes, falecido no dia 20 de janeiro de 2023, a qual deixar\u00e1 muitas saudades pela trajet\u00f3ria de vida \u00edmpar e o exemplo de for\u00e7a e supera\u00e7\u00e3o deixado em nossa sociedade.<\/p>\n<p>Sr. El\u00eddio foi um dos pioneiros no munic\u00edpio, um dos primeiros moradores a residir na Avenida 16, na \u00e9poca ainda denominada Rua 30, chegou ao local apenas com a coragem e o sonho de uma vida melhor. Desempenhou um papel importante na sociedade sul chapadense, inclusive tendo sido motorista da prefeitura municipal, sendo respons\u00e1vel pelo transporte do chefe do executivo e a primeira dama.<\/p>\n<p>&nbsp;<\/p>\n<p><strong>SECRETARIA DAS SESS\u00d5ES, 03 DE FEVEREIRO DE 2023.<\/strong><\/p>\n<p>Natalia da Silva Leal Scheer,<\/p>\n<p>Diretora Parlamentar.<\/p>\n<\/div>\n","protected":false},"excerpt":{"rendered":"<p>PAUTA PARA A 1400\u00aa SESS\u00c3O ORDIN\u00c1RIA, DA 3\u00aa\u00a0SESS\u00c3O\u00a0LEGISLATIVA, DA 9\u00aa LEGISLATURA, A REALIZAR-SE NO DIA 06\/02\/2023 \u2013 SEGUNDA \u2013 FEIRA \u00c0s 18h \u2013 C\u00e2mara Municipal &nbsp; EXPEDIENTE DE VEREADORES &nbsp; Requerimento n\u00ba 107\/2023 Vereadora Almira REQUER-SE \u00e0 Mesa, na forma regimental e depois de ouvido o Douto Plen\u00e1rio de Delibera\u00e7\u00f5es, o envio de Expediente ao [&hellip;]<\/p>\n","protected":false},"author":4,"featured_media":185285,"comment_status":"closed","ping_status":"closed","sticky":false,"template":"","format":"standard","meta":{"footnotes":""},"categories":[20,23,41],"tags":[],"class_list":["post-230427","post","type-post","status-publish","format-standard","has-post-thumbnail","hentry","category-camara-municipal","category-chapadao-do-sul","category-destaque"],"_links":{"self":[{"href":"https:\/\/www.ocorreionews.com.br\/acervo-correio\/index.php?rest_route=\/wp\/v2\/posts\/230427","targetHints":{"allow":["GET"]}}],"collection":[{"href":"https:\/\/www.ocorreionews.com.br\/acervo-correio\/index.php?rest_route=\/wp\/v2\/posts"}],"about":[{"href":"https:\/\/www.ocorreionews.com.br\/acervo-correio\/index.php?rest_route=\/wp\/v2\/types\/post"}],"author":[{"embeddable":true,"href":"https:\/\/www.ocorreionews.com.br\/acervo-correio\/index.php?rest_route=\/wp\/v2\/users\/4"}],"replies":[{"embeddable":true,"href":"https:\/\/www.ocorreionews.com.br\/acervo-correio\/index.php?rest_route=%2Fwp%2Fv2%2Fcomments&post=230427"}],"version-history":[{"count":1,"href":"https:\/\/www.ocorreionews.com.br\/acervo-correio\/index.php?rest_route=\/wp\/v2\/posts\/230427\/revisions"}],"predecessor-version":[{"id":230428,"href":"https:\/\/www.ocorreionews.com.br\/acervo-correio\/index.php?rest_route=\/wp\/v2\/posts\/230427\/revisions\/230428"}],"wp:featuredmedia":[{"embeddable":true,"href":"https:\/\/www.ocorreionews.com.br\/acervo-correio\/index.php?rest_route=\/wp\/v2\/media\/185285"}],"wp:attachment":[{"href":"https:\/\/www.ocorreionews.com.br\/acervo-correio\/index.php?rest_route=%2Fwp%2Fv2%2Fmedia&parent=230427"}],"wp:term":[{"taxonomy":"category","embeddable":true,"href":"https:\/\/www.ocorreionews.com.br\/acervo-correio\/index.php?rest_route=%2Fwp%2Fv2%2Fcategories&post=230427"},{"taxonomy":"post_tag","embeddable":true,"href":"https:\/\/www.ocorreionews.com.br\/acervo-correio\/index.php?rest_route=%2Fwp%2Fv2%2Ftags&post=230427"}],"curies":[{"name":"wp","href":"https:\/\/api.w.org\/{rel}","templated":true}]}}