{"id":230435,"date":"2023-02-06T10:32:46","date_gmt":"2023-02-06T14:32:46","guid":{"rendered":"https:\/\/www.ocorreionews.com.br\/acervo-correio\/?p=230435"},"modified":"2023-02-06T10:32:46","modified_gmt":"2023-02-06T14:32:46","slug":"saude-na-praca-promove-atividades-fisicas-gratuitas-para-populacao-costarriquense","status":"publish","type":"post","link":"https:\/\/www.ocorreionews.com.br\/acervo-correio\/?p=230435","title":{"rendered":"Sa\u00fade na Pra\u00e7a promove atividades f\u00edsicas gratuitas para popula\u00e7\u00e3o costarriquense"},"content":{"rendered":"<div class=\"ntc_area_texto_noticia\">\n<div class=\"ntc_descricao_noticia\">\n<div class=\"ntc_cont_descricao_noticia sw_txteditor\">\n<div>Quem pensa que as a\u00e7\u00f5es da Secretaria Municipal de Sa\u00fade acontecem somente dentro das unidades est\u00e1 bastante enganado. Entre as iniciativas de educa\u00e7\u00e3o em sa\u00fade que v\u00e3o al\u00e9m do consult\u00f3rio m\u00e9dico, est\u00e1 o Sa\u00fade na Pra\u00e7a, realizado pela equipe do ESF Central de Costa Rica.<\/p>\n<p>Segundo o secret\u00e1rio de Sa\u00fade do munic\u00edpio, Jovenaldo Francisco dos Santos, o projeto acontece na Pra\u00e7a Angelina Gon\u00e7alves Martins nas ter\u00e7as e quintas-feiras com objetivo de promover atividades f\u00edsicas gratuitas ao ar livre para toda popula\u00e7\u00e3o.<\/p>\n<p>\u201cAl\u00e9m de melhorar o condicionamento\u00a0f\u00edsico\u00a0e a imunidade, a pr\u00e1tica auxilia na perda de peso, redu\u00e7\u00e3o de colesterol, fortalecimento de m\u00fasculos e ossos, aumenta a capacidade pulmonar e cardiovascular, diminui a depress\u00e3o e sem d\u00favidas deixa as pessoas mais felizes\u201d, avalia o secret\u00e1rio.<\/p>\n<p>Conforme a coordenadora da Aten\u00e7\u00e3o B\u00e1sica, J\u00e9ssica Guimar\u00e3es Costa, a a\u00e7\u00e3o inclusiva e gratuita tem ganhado cada vez mais participantes de diversas idades e de v\u00e1rios bairros da cidade.<\/p>\n<p>Para participar basta procurar a Unidade de Sa\u00fade Central se inscrever.<\/p><\/div>\n<p><strong>Servi\u00e7o<\/strong><br \/>\nSa\u00fade na Pra\u00e7a<br \/>\nLocal: Pra\u00e7a Angelina Gon\u00e7alves Martins, bairro Novo Horizonte<br \/>\nDatas: ter\u00e7as e quintas-feiras<br \/>\nHor\u00e1rio: 7 horas\n<\/div>\n<div class=\"ntc_area_info_noticia sw_lato\">\n<div>\n<div class=\"ntc_info_noticia\"><strong class=\"sw_lato_black\">Fonte: <\/strong>Assessoria de Comunica\u00e7\u00e3o<\/div>\n<div class=\"ntc_info_noticia\"><strong class=\"sw_lato_black\">Autor: <\/strong>Angela Bezerra<\/div>\n<\/div>\n<\/div>\n<\/div>\n<\/div>\n<div class=\"sw_area_botoes\">\n<div class=\"sw_gostei\" data-avaliacao=\"\"><\/div>\n<\/div>\n<div id=\"e_centralizar\">\n<div id=\"conteudo_esquerda\">\n<div id=\"ntc_conteudo\">\n<div class=\"ntc_area_noticia_interna\">\n<div class=\"sw_area_botoes\"><\/div>\n<\/div>\n<\/div>\n<\/div>\n<\/div>\n<footer>\n<div class=\"e_redes_sociais_newsletter\">\n<div class=\"e_conteudo_interno\">\n<div class=\"e_area_newsletter\">\n<div class=\"e_cont_newsletter\">\n<div class=\"e_titulo_newsletter e_montserrat_bold\"><\/div>\n<\/div>\n<\/div>\n<\/div>\n<\/div>\n<\/footer>\n","protected":false},"excerpt":{"rendered":"<p>Quem pensa que as a\u00e7\u00f5es da Secretaria Municipal de Sa\u00fade acontecem somente dentro das unidades est\u00e1 bastante enganado. Entre as iniciativas de educa\u00e7\u00e3o em sa\u00fade que v\u00e3o al\u00e9m do consult\u00f3rio m\u00e9dico, est\u00e1 o Sa\u00fade na Pra\u00e7a, realizado pela equipe do ESF Central de Costa Rica. Segundo o secret\u00e1rio de Sa\u00fade do munic\u00edpio, Jovenaldo Francisco dos [&hellip;]<\/p>\n","protected":false},"author":4,"featured_media":230436,"comment_status":"closed","ping_status":"closed","sticky":false,"template":"","format":"standard","meta":{"footnotes":""},"categories":[25],"tags":[],"class_list":["post-230435","post","type-post","status-publish","format-standard","has-post-thumbnail","hentry","category-costa-rica"],"_links":{"self":[{"href":"https:\/\/www.ocorreionews.com.br\/acervo-correio\/index.php?rest_route=\/wp\/v2\/posts\/230435","targetHints":{"allow":["GET"]}}],"collection":[{"href":"https:\/\/www.ocorreionews.com.br\/acervo-correio\/index.php?rest_route=\/wp\/v2\/posts"}],"about":[{"href":"https:\/\/www.ocorreionews.com.br\/acervo-correio\/index.php?rest_route=\/wp\/v2\/types\/post"}],"author":[{"embeddable":true,"href":"https:\/\/www.ocorreionews.com.br\/acervo-correio\/index.php?rest_route=\/wp\/v2\/users\/4"}],"replies":[{"embeddable":true,"href":"https:\/\/www.ocorreionews.com.br\/acervo-correio\/index.php?rest_route=%2Fwp%2Fv2%2Fcomments&post=230435"}],"version-history":[{"count":1,"href":"https:\/\/www.ocorreionews.com.br\/acervo-correio\/index.php?rest_route=\/wp\/v2\/posts\/230435\/revisions"}],"predecessor-version":[{"id":230438,"href":"https:\/\/www.ocorreionews.com.br\/acervo-correio\/index.php?rest_route=\/wp\/v2\/posts\/230435\/revisions\/230438"}],"wp:featuredmedia":[{"embeddable":true,"href":"https:\/\/www.ocorreionews.com.br\/acervo-correio\/index.php?rest_route=\/wp\/v2\/media\/230436"}],"wp:attachment":[{"href":"https:\/\/www.ocorreionews.com.br\/acervo-correio\/index.php?rest_route=%2Fwp%2Fv2%2Fmedia&parent=230435"}],"wp:term":[{"taxonomy":"category","embeddable":true,"href":"https:\/\/www.ocorreionews.com.br\/acervo-correio\/index.php?rest_route=%2Fwp%2Fv2%2Fcategories&post=230435"},{"taxonomy":"post_tag","embeddable":true,"href":"https:\/\/www.ocorreionews.com.br\/acervo-correio\/index.php?rest_route=%2Fwp%2Fv2%2Ftags&post=230435"}],"curies":[{"name":"wp","href":"https:\/\/api.w.org\/{rel}","templated":true}]}}