{"id":230671,"date":"2023-02-08T13:49:34","date_gmt":"2023-02-08T17:49:34","guid":{"rendered":"https:\/\/www.ocorreionews.com.br\/acervo-correio\/?p=230671"},"modified":"2023-02-08T13:49:34","modified_gmt":"2023-02-08T17:49:34","slug":"chapadao-do-ceu-recebe-a-abertura-do-campeonato-goiano-de-motocross-2023-em-marco","status":"publish","type":"post","link":"https:\/\/www.ocorreionews.com.br\/acervo-correio\/?p=230671","title":{"rendered":"Chapad\u00e3o do C\u00e9u recebe a abertura do Campeonato Goiano de Motocross 2023 em mar\u00e7o"},"content":{"rendered":"<p>A cidade de Chapad\u00e3o do C\u00e9u vai sediar pela s\u00e9tima vez uma etapa do Campeonato Goiano de Motocross, a competi\u00e7\u00e3o vai acontecer nos dias 04 e 05 de mar\u00e7o, no Mot\u00f3dromo Municipal localizado ao lado do Parque Aqu\u00e1tico Lago das Gar\u00e7as.<\/p>\n<p>O prefeito Vinicius Terin e a Secret\u00e1ria de Cultura e Turismo Flavia Fischer Dalto, al\u00e9m das demais secretarias municipais que receber\u00e3o o circo do Goiano de Motocross na \u00f3tima pista que vai ser atualizada como em toda prova acontece, adequada \u00e0s regras da modalidade para receber os pilotos vindos de GO, MS, MT, DF, MG, SP, TO, dentre outros estados, para disputar as treze categorias do Campeonato de 2023.<\/p>\n<p><strong>Novidades<\/strong><\/p>\n<p>Dentre as novidades, uma ser\u00e1 a pontua\u00e7\u00e3o, agora os quinze primeiros de cada categoria pontuar\u00e3o, beneficiando aqueles que nem sempre est\u00e3o entre os dez primeiros, como era feito anteriormente.<\/p>\n<p>Outra novidade ser\u00e1 a cria\u00e7\u00e3o da categoria Incentivo, feita para aqueles que est\u00e3o no in\u00edcio da carreira e ainda sem experi\u00eancia para acompanharem aqueles com mais know how. Poder\u00e3o participar tamb\u00e9m pilotos de Cross Country e Enduro, todos atendendo as especifica\u00e7\u00f5es do regulamento do Campeonato. Poder\u00e3o participar pilotos com motos at\u00e9 250cc 4T.<\/p>\n<p>Talvez a principal novidade seja a cria\u00e7\u00e3o da categoria MX Pr\u00f3, uma fus\u00e3o da MX1, MX2 e MX2Jr, ser\u00e3o duas baterias com pontua\u00e7\u00e3o em separado por bateria assim como a premia\u00e7\u00e3o em dinheiro at\u00e9 o decimo quinto colocado, ser\u00e1 disputada por motos de 250 a 450cc.<\/p>\n<p>INSCRI\u00c7\u00d5ES ABERTAS <strong><em><a href=\"http:\/\/www.escadinha.esp.br\/portal2\/crono03.asp?modalidade=MXGO\" target=\"_blank\" rel=\"noreferrer noopener\" aria-label=\"\u2013 CLIQUE AQUI (abre numa nova aba)\">\u2013 CLIQUE AQUI<\/a><\/em><\/strong><\/p>\n<p>A premia\u00e7\u00e3o pecuniar ter\u00e1 um substancial incremento nos valores, agora os R$ 26.000,00 ser\u00e3o distribu\u00eddos para os cinco, dez ou quinze primeiros, conforme a categoria. A premia\u00e7\u00e3o em trof\u00e9us ser\u00e1 para os cinco primeiros em todas as categorias.<\/p>\n<p>Nesta etapa haver\u00e1 a bonifica\u00e7\u00e3o de cinco pontos para todos que completarem 50% das baterias, independente da classifica\u00e7\u00e3o obtida, medida adotada como forma de incentivo aos participantes pela distancia a ser percorrida at\u00e9 o local da etapa, como j\u00e1 feito anteriormente na mesma situa\u00e7\u00e3o.<\/p>\n<p>Como habitualmente acontece nas provas do Goiano de Motocross, ser\u00e1 oferecida aos participantes uma \u00f3tima estrutura de boxes com banheiros, sanit\u00e1rios, \u00e1reas de alimenta\u00e7\u00e3o, uma pista de 1200 metros de extens\u00e3o com obst\u00e1culos que exigir\u00e3o t\u00e9cnica e preparo f\u00edsico e que oferece expectativas de um bom espet\u00e1culo para o p\u00fablico expectador que for assistir e que encontrar\u00e1 ainda arquibancadas, sanit\u00e1rios, estacionamento, pra\u00e7as de alimenta\u00e7\u00e3o, dentre outras comodidades.<\/p>\n<p>Os pilotos dever\u00e3o fazer suas inscri\u00e7\u00f5es antecipadas com desconto at\u00e9 o dia 02\/03, depois disso somente na secretaria de prova no s\u00e1bado, dia 04\/03, site: <a href=\"http:\/\/www.mxgo.esp.br\">www.mxgo.esp.br<\/a><\/p>\n<p><strong>No s\u00e1bado 04\/03<\/strong>, os treinos livres come\u00e7am \u00e0s 09:00 h. Os treinos cronometrados ser\u00e3o a partir das 12:00h e a partir das 15:30h acontecer\u00e3o as baterias programadas da MXF, MX Junior, 50cc, Nacional e MX5.<\/p>\n<p><strong>No domingo 05\/03<\/strong>, a partir das 10:30hs acontecer\u00e1 a primeira das baterias previstas, a Intermediaria, seguida da MX4, depois vira a primeira bateria da MXPr\u00f3, a 65cc, no \u00faltimo bloco correr\u00e3o a MX3 os Incentivo e a segunda bateria da MXPr\u00f3, que finaliza esta etapa de abertura de um calend\u00e1rio que tem previs\u00e3o de realizar 10 etapas.<\/p>\n<p>Como forma de incentivo, continuar\u00e1 n\u00e3o sendo cobrada a taxa de inscri\u00e7\u00e3o da 50cc, 65cc e MXFeminina, porem, para ter direitoos pilotos dever\u00e3o fazer inscri\u00e7\u00e3o antecipada tamb\u00e9m.<\/p>\n<p><em><strong>PROGRAMA\u00c7\u00c3O<\/strong><\/em><\/p>\n<p><strong>S\u00c1BADO \u2013 04\/03\/2023<\/strong><\/p>\n<ul>\n<li>08:00h as 12:00h \u2013 Secretaria \/ Vistoria t\u00e9cnica<\/li>\n<\/ul>\n<p><strong>TREINOS LIVRES<\/strong><\/p>\n<ul>\n<li>09:00h \u00e0s 09:15h \u2013 MXPr\u00f3<\/li>\n<li>09:20h \u00e0s 09:35h \u2013 MX3 \/ MX4 \/ MX5<\/li>\n<li>09:40h \u00e0s 09:55h \u2013 Intermediaria<\/li>\n<li>10:00h \u00e0s 10:15h \u2013 MXJR \/ MXF \/ Nac<\/li>\n<li>10:20h \u00e0s 10:35h \u2013 65cc (livre\/cron)<\/li>\n<li>10:40h \u00e0s 10:55h \u2013 MXJR \/ MXF \/ Nac (cron)<\/li>\n<li>11:00h \u00e0s 11:15h \u2013 Incentivo<\/li>\n<li>11:20h \u00e0s 11:35h \u2013 50cc A\/B (livre\/cron)<\/li>\n<li>11:40h \u00e0s 11:55h \u2013 MX5 (cron)<\/li>\n<li>12:00h \u00e0s 12:15h \u2013 Incentivo<\/li>\n<\/ul>\n<p>Manuten\u00e7\u00e3o de pista<\/p>\n<p><strong><em>TREINOS CRONOMETRADOS<\/em><\/strong><\/p>\n<ul>\n<li>13:00h \u00e0s 13:15h \u2013 MX4<\/li>\n<li>13:20h \u00e0s 13:35h \u2013 Intermediaria<\/li>\n<li>13:40h \u00e0s 13:55h \u2013 MX3<\/li>\n<li>14:00h \u00e0s 14:15h \u2013 MXPr\u00f3<\/li>\n<\/ul>\n<p>Manuten\u00e7\u00e3o de pista<\/p>\n<p><strong><em>PROVAS OFICIAIS<\/em><\/strong><\/p>\n<ul>\n<li>15:30h \u2013 MX5 \u2013 15 min. + 2 voltas<\/li>\n<li>16:00h \u2013 50cc A\/B \u2013 10 min. + 2 voltas<\/li>\n<li>16:20h \u2013 Nac\/MXF\/MXJr \u2013 15 min. + 2 voltas<\/li>\n<li>16:50h \u2013 P\u00f3dio classes: MX5 \/ 50cc \/ Nacional \/ MXF \/ MXJr<\/li>\n<\/ul>\n<p><strong><em> DOMINGO \u2013 05\/03\/2023<\/em><\/strong><br \/>\n<strong><em> WARM-UP<\/em><\/strong><\/p>\n<ul>\n<li>09:00h \u00e0s 09:10h \u2013 MXPr\u00f3<\/li>\n<li>09:15h \u00e0s 09:25h \u2013 MX4<\/li>\n<li>09:30h \u00e0s 09:40h \u2013 Intermediaria<\/li>\n<li>09:45h \u00e0s 09:55h \u2013 MX310:00h \u00e0s 10:10h \u2013 65cc<\/li>\n<li>10:15h \u00e0s 10:25h \u2013 Incentivo<\/li>\n<\/ul>\n<p><strong><em>PROVAS OFICIAIS<\/em><\/strong><\/p>\n<ul>\n<li>11:00h \u2013 Intermediaria \u2013 15 min. + 2 voltas<\/li>\n<li>11:30h \u2013 MX4 \u2013 15 min. + 2 voltas<\/li>\n<li>12:00h \u2013 P\u00f3dio Intermediaria \/ MX4<\/li>\n<\/ul>\n<p>Manuten\u00e7\u00e3o de pista<\/p>\n<ul>\n<li>12:30h \u2013 MXPr\u00f3 1\u00aa bat. \u2013 20 min. + 2 voltas<\/li>\n<li>13:00h \u2013 65cc \u2013 12 min. + 2 voltas<\/li>\n<\/ul>\n<p>Manuten\u00e7\u00e3o de pista<\/p>\n<ul>\n<li>14:00h \u2013 MX3 \u2013 15 min. + 2 voltas<\/li>\n<li>14:30h \u2013 Incentivo \u2013 15 min. + 2 voltas 15:00h \u2013 MXPr\u00f3 2\u00aa bat. \u2013 20 min. + 2 voltas<\/li>\n<li>15:30h \u2013 P\u00f3dio classes: 65cc \/ Incentivo \/ MX3 \/ MX Pr\u00f3.<\/li>\n<\/ul>\n<p>&nbsp;<\/p>\n<p><a href=\"https:\/\/www.ocorreionews.com.br\/acervo-correio\/wp-content\/uploads\/2023\/02\/cartaz-goiano-com-logo-696x972-1.jpg\"><img loading=\"lazy\" decoding=\"async\" class=\"alignnone size-full wp-image-230673\" src=\"https:\/\/www.ocorreionews.com.br\/acervo-correio\/wp-content\/uploads\/2023\/02\/cartaz-goiano-com-logo-696x972-1.jpg\" alt=\"\" width=\"696\" height=\"972\" srcset=\"https:\/\/www.ocorreionews.com.br\/acervo-correio\/wp-content\/uploads\/2023\/02\/cartaz-goiano-com-logo-696x972-1.jpg 696w, https:\/\/www.ocorreionews.com.br\/acervo-correio\/wp-content\/uploads\/2023\/02\/cartaz-goiano-com-logo-696x972-1-215x300.jpg 215w\" sizes=\"auto, (max-width: 696px) 100vw, 696px\" \/><\/a><\/p>\n<p>A prova com realiza\u00e7\u00e3o da Prefeitura Municipal e C\u00e2mara Municipal, ter\u00e1 a supervis\u00e3o da FMG e organiza\u00e7\u00e3o do Moto Clube GP. O apoio desta prova ser\u00e1 de Vulcano Energy Drink, Belcar Motos\/Yamaha, IMS Racing, Rapoz\u00e3o Racing, Cleidmar Racing, Romak Automa\u00e7\u00e3o, Edgar Racing, Tecmidia, Elite Ve\u00edculos, Morais Trof\u00e9us, Auto Posto Mania e AVI Solu\u00e7\u00f5es.<\/p>\n<p>&nbsp;<\/p>\n<p>&nbsp;<\/p>\n<p>*Show Radical<\/p>\n","protected":false},"excerpt":{"rendered":"<p>A cidade de Chapad\u00e3o do C\u00e9u vai sediar pela s\u00e9tima vez uma etapa do Campeonato Goiano de Motocross, a competi\u00e7\u00e3o vai acontecer nos dias 04 e 05 de mar\u00e7o, no Mot\u00f3dromo Municipal localizado ao lado do Parque Aqu\u00e1tico Lago das Gar\u00e7as. O prefeito Vinicius Terin e a Secret\u00e1ria de Cultura e Turismo Flavia Fischer Dalto, [&hellip;]<\/p>\n","protected":false},"author":5,"featured_media":201243,"comment_status":"closed","ping_status":"closed","sticky":false,"template":"","format":"standard","meta":{"footnotes":""},"categories":[22,29],"tags":[],"class_list":["post-230671","post","type-post","status-publish","format-standard","has-post-thumbnail","hentry","category-chapadao-do-ceu","category-esporte"],"_links":{"self":[{"href":"https:\/\/www.ocorreionews.com.br\/acervo-correio\/index.php?rest_route=\/wp\/v2\/posts\/230671","targetHints":{"allow":["GET"]}}],"collection":[{"href":"https:\/\/www.ocorreionews.com.br\/acervo-correio\/index.php?rest_route=\/wp\/v2\/posts"}],"about":[{"href":"https:\/\/www.ocorreionews.com.br\/acervo-correio\/index.php?rest_route=\/wp\/v2\/types\/post"}],"author":[{"embeddable":true,"href":"https:\/\/www.ocorreionews.com.br\/acervo-correio\/index.php?rest_route=\/wp\/v2\/users\/5"}],"replies":[{"embeddable":true,"href":"https:\/\/www.ocorreionews.com.br\/acervo-correio\/index.php?rest_route=%2Fwp%2Fv2%2Fcomments&post=230671"}],"version-history":[{"count":1,"href":"https:\/\/www.ocorreionews.com.br\/acervo-correio\/index.php?rest_route=\/wp\/v2\/posts\/230671\/revisions"}],"predecessor-version":[{"id":230681,"href":"https:\/\/www.ocorreionews.com.br\/acervo-correio\/index.php?rest_route=\/wp\/v2\/posts\/230671\/revisions\/230681"}],"wp:featuredmedia":[{"embeddable":true,"href":"https:\/\/www.ocorreionews.com.br\/acervo-correio\/index.php?rest_route=\/wp\/v2\/media\/201243"}],"wp:attachment":[{"href":"https:\/\/www.ocorreionews.com.br\/acervo-correio\/index.php?rest_route=%2Fwp%2Fv2%2Fmedia&parent=230671"}],"wp:term":[{"taxonomy":"category","embeddable":true,"href":"https:\/\/www.ocorreionews.com.br\/acervo-correio\/index.php?rest_route=%2Fwp%2Fv2%2Fcategories&post=230671"},{"taxonomy":"post_tag","embeddable":true,"href":"https:\/\/www.ocorreionews.com.br\/acervo-correio\/index.php?rest_route=%2Fwp%2Fv2%2Ftags&post=230671"}],"curies":[{"name":"wp","href":"https:\/\/api.w.org\/{rel}","templated":true}]}}