{"id":230678,"date":"2023-02-08T13:40:54","date_gmt":"2023-02-08T17:40:54","guid":{"rendered":"https:\/\/www.ocorreionews.com.br\/acervo-correio\/?p=230678"},"modified":"2023-02-08T13:40:54","modified_gmt":"2023-02-08T17:40:54","slug":"policia-militar-de-alcinopolis-prende-autor-de-receptacao-e-recupera-veiculo","status":"publish","type":"post","link":"https:\/\/www.ocorreionews.com.br\/acervo-correio\/?p=230678","title":{"rendered":"Pol\u00edcia Militar de Alcin\u00f3polis prende autor de recepta\u00e7\u00e3o e recupera ve\u00edculo"},"content":{"rendered":"<div class=\"post-conteudo\">\n<p>A Pol\u00edcia Militar de Alcin\u00f3polis prendeu , um homem de 35 anos por recepta\u00e7\u00e3o e recupera ve\u00edculo perdido em estelionato em S\u00e3o Gabriel do Oeste.<\/p>\n<p>A Guarni\u00e7\u00e3o de Servi\u00e7o realizava rondas pela Rua Joaquim Pereira Fran\u00e7a no Bairro Jardim Bom Sucesso quando depararam com duas pessoas que ao ver a viatura policial demonstraram nervosismo e foram em dire\u00e7\u00e3o ao ve\u00edculo.<\/p>\n<p>Imediatamente os militares realizaram abordagem e checagem do VW\/Santana constataram uma restri\u00e7\u00e3o criminal de estelionato da Cidade de S\u00e3o Gabriel do Oeste no dia 12\/12\/2019. Ao serem questionados, o autor de 35 anos informou ser o respons\u00e1vel do ve\u00edculo, dando diversas vers\u00f5es sobre como adquiriu o carro.<\/p>\n<p>Ele recebeu voz de pris\u00e3o e foi encaminhado para a delegacia juntamente com o ve\u00edculo para as demais provid\u00eancias.<\/p>\n<p>Assessoria de Comunica\u00e7\u00e3o Social &#8211; 5\u00ba BPM<\/p>\n<p>&nbsp;<\/p>\n<p>&nbsp;<\/p>\n<\/div>\n<div id=\"publicacao\">\n<p><i>Publicado por: <strong>celio roberto da silva arruda<\/strong><\/i><\/p>\n<\/div>\n","protected":false},"excerpt":{"rendered":"<p>A Pol\u00edcia Militar de Alcin\u00f3polis prendeu , um homem de 35 anos por recepta\u00e7\u00e3o e recupera ve\u00edculo perdido em estelionato em S\u00e3o Gabriel do Oeste. A Guarni\u00e7\u00e3o de Servi\u00e7o realizava rondas pela Rua Joaquim Pereira Fran\u00e7a no Bairro Jardim Bom Sucesso quando depararam com duas pessoas que ao ver a viatura policial demonstraram nervosismo e [&hellip;]<\/p>\n","protected":false},"author":4,"featured_media":230679,"comment_status":"closed","ping_status":"closed","sticky":false,"template":"","format":"standard","meta":{"footnotes":""},"categories":[38],"tags":[],"class_list":["post-230678","post","type-post","status-publish","format-standard","has-post-thumbnail","hentry","category-policia"],"_links":{"self":[{"href":"https:\/\/www.ocorreionews.com.br\/acervo-correio\/index.php?rest_route=\/wp\/v2\/posts\/230678","targetHints":{"allow":["GET"]}}],"collection":[{"href":"https:\/\/www.ocorreionews.com.br\/acervo-correio\/index.php?rest_route=\/wp\/v2\/posts"}],"about":[{"href":"https:\/\/www.ocorreionews.com.br\/acervo-correio\/index.php?rest_route=\/wp\/v2\/types\/post"}],"author":[{"embeddable":true,"href":"https:\/\/www.ocorreionews.com.br\/acervo-correio\/index.php?rest_route=\/wp\/v2\/users\/4"}],"replies":[{"embeddable":true,"href":"https:\/\/www.ocorreionews.com.br\/acervo-correio\/index.php?rest_route=%2Fwp%2Fv2%2Fcomments&post=230678"}],"version-history":[{"count":1,"href":"https:\/\/www.ocorreionews.com.br\/acervo-correio\/index.php?rest_route=\/wp\/v2\/posts\/230678\/revisions"}],"predecessor-version":[{"id":230680,"href":"https:\/\/www.ocorreionews.com.br\/acervo-correio\/index.php?rest_route=\/wp\/v2\/posts\/230678\/revisions\/230680"}],"wp:featuredmedia":[{"embeddable":true,"href":"https:\/\/www.ocorreionews.com.br\/acervo-correio\/index.php?rest_route=\/wp\/v2\/media\/230679"}],"wp:attachment":[{"href":"https:\/\/www.ocorreionews.com.br\/acervo-correio\/index.php?rest_route=%2Fwp%2Fv2%2Fmedia&parent=230678"}],"wp:term":[{"taxonomy":"category","embeddable":true,"href":"https:\/\/www.ocorreionews.com.br\/acervo-correio\/index.php?rest_route=%2Fwp%2Fv2%2Fcategories&post=230678"},{"taxonomy":"post_tag","embeddable":true,"href":"https:\/\/www.ocorreionews.com.br\/acervo-correio\/index.php?rest_route=%2Fwp%2Fv2%2Ftags&post=230678"}],"curies":[{"name":"wp","href":"https:\/\/api.w.org\/{rel}","templated":true}]}}