{"id":230682,"date":"2023-02-08T15:40:17","date_gmt":"2023-02-08T19:40:17","guid":{"rendered":"https:\/\/www.ocorreionews.com.br\/acervo-correio\/?p=230682"},"modified":"2023-02-08T15:40:17","modified_gmt":"2023-02-08T19:40:17","slug":"jovem-fica-ferido-ao-fugir-de-abordagem-policial-e-cair-de-motocicleta-em-chapadao-do-sul","status":"publish","type":"post","link":"https:\/\/www.ocorreionews.com.br\/acervo-correio\/?p=230682","title":{"rendered":"Jovem fica ferido ao fugir de abordagem policial e cair de motocicleta em Chapad\u00e3o do Sul"},"content":{"rendered":"<p>No inicio da madrugada desta quarta-feira (08), um jovem acabou detido depois de empreender fuga de uma abordagem policial, e ainda sofrer uma queda de sua motocicleta em Chapad\u00e3o do Sul.<\/p>\n<p>De acordo com informa\u00e7\u00f5es do Boletim de Ocorr\u00eancia, por volta da 00h30min, durante Patrulhamento, os militares avistaram uma motocicleta, onde o condutor ao avistar a viatura demonstrou nervosismo motivo pelo qual foi ordenado que parasse o ve\u00edculo. O condutor de 19 anos que estava com uma mulher de 49 anos na garupa, desobedeceu \u00e0 ordem e empreendeu fuga pela Rua Londrina sentido a Rua Maring\u00e1 e ao tentar convergir para a Rua Lapa perdeu o controle da dire\u00e7\u00e3o vindo a cair ao solo sofrendo escoria\u00e7\u00f5es na perna esquerda e nos bra\u00e7os.<\/p>\n<p>Ao perguntar o motivo da fuga, respondeu que n\u00e3o tinha CNH e a moto era emprestada de um amigo e ficou com medo de perder a moto.<\/p>\n<p>Diante dos fatos foi dado voz de pris\u00e3o pela desobedi\u00eancia e dire\u00e7\u00e3o perigosa, pois durante a fuga o condutor dirigiu perigosamente ignorando os sinais verticais e horizontais de parada obrigat\u00f3ria das vias por onde transitou at\u00e9 sua queda.<\/p>\n<p>&nbsp;<\/p>\n<p>&nbsp;<\/p>\n<p><em>*O Correio News, com informa\u00e7\u00f5es da Assessoria da 4\u00aaCIPM<\/em><\/p>\n","protected":false},"excerpt":{"rendered":"<p>No inicio da madrugada desta quarta-feira (08), um jovem acabou detido depois de empreender fuga de uma abordagem policial, e ainda sofrer uma queda de sua motocicleta em Chapad\u00e3o do Sul. De acordo com informa\u00e7\u00f5es do Boletim de Ocorr\u00eancia, por volta da 00h30min, durante Patrulhamento, os militares avistaram uma motocicleta, onde o condutor ao avistar [&hellip;]<\/p>\n","protected":false},"author":5,"featured_media":229309,"comment_status":"closed","ping_status":"closed","sticky":false,"template":"","format":"standard","meta":{"footnotes":""},"categories":[23,38],"tags":[],"class_list":["post-230682","post","type-post","status-publish","format-standard","has-post-thumbnail","hentry","category-chapadao-do-sul","category-policia"],"_links":{"self":[{"href":"https:\/\/www.ocorreionews.com.br\/acervo-correio\/index.php?rest_route=\/wp\/v2\/posts\/230682","targetHints":{"allow":["GET"]}}],"collection":[{"href":"https:\/\/www.ocorreionews.com.br\/acervo-correio\/index.php?rest_route=\/wp\/v2\/posts"}],"about":[{"href":"https:\/\/www.ocorreionews.com.br\/acervo-correio\/index.php?rest_route=\/wp\/v2\/types\/post"}],"author":[{"embeddable":true,"href":"https:\/\/www.ocorreionews.com.br\/acervo-correio\/index.php?rest_route=\/wp\/v2\/users\/5"}],"replies":[{"embeddable":true,"href":"https:\/\/www.ocorreionews.com.br\/acervo-correio\/index.php?rest_route=%2Fwp%2Fv2%2Fcomments&post=230682"}],"version-history":[{"count":1,"href":"https:\/\/www.ocorreionews.com.br\/acervo-correio\/index.php?rest_route=\/wp\/v2\/posts\/230682\/revisions"}],"predecessor-version":[{"id":230693,"href":"https:\/\/www.ocorreionews.com.br\/acervo-correio\/index.php?rest_route=\/wp\/v2\/posts\/230682\/revisions\/230693"}],"wp:featuredmedia":[{"embeddable":true,"href":"https:\/\/www.ocorreionews.com.br\/acervo-correio\/index.php?rest_route=\/wp\/v2\/media\/229309"}],"wp:attachment":[{"href":"https:\/\/www.ocorreionews.com.br\/acervo-correio\/index.php?rest_route=%2Fwp%2Fv2%2Fmedia&parent=230682"}],"wp:term":[{"taxonomy":"category","embeddable":true,"href":"https:\/\/www.ocorreionews.com.br\/acervo-correio\/index.php?rest_route=%2Fwp%2Fv2%2Fcategories&post=230682"},{"taxonomy":"post_tag","embeddable":true,"href":"https:\/\/www.ocorreionews.com.br\/acervo-correio\/index.php?rest_route=%2Fwp%2Fv2%2Ftags&post=230682"}],"curies":[{"name":"wp","href":"https:\/\/api.w.org\/{rel}","templated":true}]}}