{"id":230686,"date":"2023-02-08T15:13:05","date_gmt":"2023-02-08T19:13:05","guid":{"rendered":"https:\/\/www.ocorreionews.com.br\/acervo-correio\/?p=230686"},"modified":"2023-02-08T15:13:05","modified_gmt":"2023-02-08T19:13:05","slug":"governo-de-ms-amplia-subsidio-para-familias-de-baixa-renda-financiarem-moradias","status":"publish","type":"post","link":"https:\/\/www.ocorreionews.com.br\/acervo-correio\/?p=230686","title":{"rendered":"Governo de MS amplia subs\u00eddio para fam\u00edlias de baixa renda financiarem moradias"},"content":{"rendered":"<div class=\"entry\">\n<p>O Governo de Mato Grosso do Sul atualizou as faixas de renda e ampliou os valores dos subs\u00eddios oferecidos no Programa Habitacional Financiado e Subsidiado, que atende fam\u00edlias de baixa renda nos 79 munic\u00edpios do Estado. A mudan\u00e7a consta em portaria publicada pela Agehab (Ag\u00eancia de Habita\u00e7\u00e3o Popular).<\/p>\n<p>De acordo com o documento, o teto dos subs\u00eddios ser\u00e1 de R$ 13 mil &#8211; antes o valor era de R$ 11,5 mil. Al\u00e9m disso, foi feita a simplifica\u00e7\u00e3o da tabela de renda para ter acesso ao benef\u00edcio de aquisi\u00e7\u00e3o de casas populares.<\/p>\n<p>Pretendentes com renda familiar entre R$ 1,6 mil e R$ 6,5 mil est\u00e3o dentro da faixa atendida, podendo o banco financiador atender rendas inferiores caso a fam\u00edlia tenha capacidade de financiamento, mesmo fora dos crit\u00e9rios.<\/p>\n<p>Via de regra, os que possuem renda de at\u00e9 R$2,8 mil pode receber o subs\u00eddio m\u00e1ximo de R$ 13 mil. J\u00e1 quem tem renda acima de R$2,8 mil e at\u00e9 R$4,7 mil, pode ter at\u00e9 R$ 9 mil subsidiado para a aquisi\u00e7\u00e3o do im\u00f3vel, enquanto os pretendentes que recebem acima da casa dos R$ 4,7 mil n\u00e3o recebem subs\u00eddio, mas podem participar do programa.<\/p>\n<p>Os novos valores dos subs\u00eddios constam em portaria de 7 de fevereiro 2023, de n\u00famero 183, publicado no Di\u00e1rio Oficial de quarta e ser\u00e3o aplicados aos novos contratos de financiamento, sendo vedado em qualquer hip\u00f3tese atribui\u00e7\u00e3o de efeito retroativo &#8211; ou seja, \u00e9 v\u00e1lido s\u00f3 a partir de agora.<\/p>\n<p><em>Thalysson Pereira, Comunica\u00e7\u00e3o Agehab<br \/>\nNyelder Rodrigues, Comunica\u00e7\u00e3o Governo de MS<br \/>\n<\/em><em>Foto: Arquivo<\/em><\/p>\n<\/div>\n","protected":false},"excerpt":{"rendered":"<p>O Governo de Mato Grosso do Sul atualizou as faixas de renda e ampliou os valores dos subs\u00eddios oferecidos no Programa Habitacional Financiado e Subsidiado, que atende fam\u00edlias de baixa renda nos 79 munic\u00edpios do Estado. A mudan\u00e7a consta em portaria publicada pela Agehab (Ag\u00eancia de Habita\u00e7\u00e3o Popular). De acordo com o documento, o teto [&hellip;]<\/p>\n","protected":false},"author":4,"featured_media":230687,"comment_status":"closed","ping_status":"closed","sticky":false,"template":"","format":"standard","meta":{"footnotes":""},"categories":[37],"tags":[],"class_list":["post-230686","post","type-post","status-publish","format-standard","has-post-thumbnail","hentry","category-politica"],"_links":{"self":[{"href":"https:\/\/www.ocorreionews.com.br\/acervo-correio\/index.php?rest_route=\/wp\/v2\/posts\/230686","targetHints":{"allow":["GET"]}}],"collection":[{"href":"https:\/\/www.ocorreionews.com.br\/acervo-correio\/index.php?rest_route=\/wp\/v2\/posts"}],"about":[{"href":"https:\/\/www.ocorreionews.com.br\/acervo-correio\/index.php?rest_route=\/wp\/v2\/types\/post"}],"author":[{"embeddable":true,"href":"https:\/\/www.ocorreionews.com.br\/acervo-correio\/index.php?rest_route=\/wp\/v2\/users\/4"}],"replies":[{"embeddable":true,"href":"https:\/\/www.ocorreionews.com.br\/acervo-correio\/index.php?rest_route=%2Fwp%2Fv2%2Fcomments&post=230686"}],"version-history":[{"count":1,"href":"https:\/\/www.ocorreionews.com.br\/acervo-correio\/index.php?rest_route=\/wp\/v2\/posts\/230686\/revisions"}],"predecessor-version":[{"id":230688,"href":"https:\/\/www.ocorreionews.com.br\/acervo-correio\/index.php?rest_route=\/wp\/v2\/posts\/230686\/revisions\/230688"}],"wp:featuredmedia":[{"embeddable":true,"href":"https:\/\/www.ocorreionews.com.br\/acervo-correio\/index.php?rest_route=\/wp\/v2\/media\/230687"}],"wp:attachment":[{"href":"https:\/\/www.ocorreionews.com.br\/acervo-correio\/index.php?rest_route=%2Fwp%2Fv2%2Fmedia&parent=230686"}],"wp:term":[{"taxonomy":"category","embeddable":true,"href":"https:\/\/www.ocorreionews.com.br\/acervo-correio\/index.php?rest_route=%2Fwp%2Fv2%2Fcategories&post=230686"},{"taxonomy":"post_tag","embeddable":true,"href":"https:\/\/www.ocorreionews.com.br\/acervo-correio\/index.php?rest_route=%2Fwp%2Fv2%2Ftags&post=230686"}],"curies":[{"name":"wp","href":"https:\/\/api.w.org\/{rel}","templated":true}]}}