{"id":230689,"date":"2023-02-08T15:17:26","date_gmt":"2023-02-08T19:17:26","guid":{"rendered":"https:\/\/www.ocorreionews.com.br\/acervo-correio\/?p=230689"},"modified":"2023-02-08T15:17:26","modified_gmt":"2023-02-08T19:17:26","slug":"prefeito-joao-carlos-krug-emite-nota-de-pesar-pelo-falecimento-da-servidora-aposentada-nelli-odila-flores","status":"publish","type":"post","link":"https:\/\/www.ocorreionews.com.br\/acervo-correio\/?p=230689","title":{"rendered":"Prefeito Jo\u00e3o Carlos Krug emite Nota de Pesar pelo falecimento da servidora aposentada Nelli Odila Flores"},"content":{"rendered":"<p>O Prefeito Jo\u00e3o Carlos Krug, no uso de suas atribui\u00e7\u00f5es legais, emite a nota de pesar, em virtude do falecimento da servidora p\u00fablica aposentada Nelli Odila Flores, 84 anos, nesta ter\u00e7a-feira, 07de fevereiro, por causas naturais.<\/p>\n<p>Nelli foi funcion\u00e1ria p\u00fablica por muitos anos, frequentadora ass\u00eddua do grupo da melhor idade, onde foi eleita Foi Miss terceira idade.<\/p>\n<p>O prefeito manifesta suas condol\u00eancias aos familiares e amigos.<\/p>\n","protected":false},"excerpt":{"rendered":"<p>O Prefeito Jo\u00e3o Carlos Krug, no uso de suas atribui\u00e7\u00f5es legais, emite a nota de pesar, em virtude do falecimento da servidora p\u00fablica aposentada Nelli Odila Flores, 84 anos, nesta ter\u00e7a-feira, 07de fevereiro, por causas naturais. Nelli foi funcion\u00e1ria p\u00fablica por muitos anos, frequentadora ass\u00eddua do grupo da melhor idade, onde foi eleita Foi Miss [&hellip;]<\/p>\n","protected":false},"author":4,"featured_media":230690,"comment_status":"closed","ping_status":"closed","sticky":false,"template":"","format":"standard","meta":{"footnotes":""},"categories":[23],"tags":[],"class_list":["post-230689","post","type-post","status-publish","format-standard","has-post-thumbnail","hentry","category-chapadao-do-sul"],"_links":{"self":[{"href":"https:\/\/www.ocorreionews.com.br\/acervo-correio\/index.php?rest_route=\/wp\/v2\/posts\/230689","targetHints":{"allow":["GET"]}}],"collection":[{"href":"https:\/\/www.ocorreionews.com.br\/acervo-correio\/index.php?rest_route=\/wp\/v2\/posts"}],"about":[{"href":"https:\/\/www.ocorreionews.com.br\/acervo-correio\/index.php?rest_route=\/wp\/v2\/types\/post"}],"author":[{"embeddable":true,"href":"https:\/\/www.ocorreionews.com.br\/acervo-correio\/index.php?rest_route=\/wp\/v2\/users\/4"}],"replies":[{"embeddable":true,"href":"https:\/\/www.ocorreionews.com.br\/acervo-correio\/index.php?rest_route=%2Fwp%2Fv2%2Fcomments&post=230689"}],"version-history":[{"count":1,"href":"https:\/\/www.ocorreionews.com.br\/acervo-correio\/index.php?rest_route=\/wp\/v2\/posts\/230689\/revisions"}],"predecessor-version":[{"id":230691,"href":"https:\/\/www.ocorreionews.com.br\/acervo-correio\/index.php?rest_route=\/wp\/v2\/posts\/230689\/revisions\/230691"}],"wp:featuredmedia":[{"embeddable":true,"href":"https:\/\/www.ocorreionews.com.br\/acervo-correio\/index.php?rest_route=\/wp\/v2\/media\/230690"}],"wp:attachment":[{"href":"https:\/\/www.ocorreionews.com.br\/acervo-correio\/index.php?rest_route=%2Fwp%2Fv2%2Fmedia&parent=230689"}],"wp:term":[{"taxonomy":"category","embeddable":true,"href":"https:\/\/www.ocorreionews.com.br\/acervo-correio\/index.php?rest_route=%2Fwp%2Fv2%2Fcategories&post=230689"},{"taxonomy":"post_tag","embeddable":true,"href":"https:\/\/www.ocorreionews.com.br\/acervo-correio\/index.php?rest_route=%2Fwp%2Fv2%2Ftags&post=230689"}],"curies":[{"name":"wp","href":"https:\/\/api.w.org\/{rel}","templated":true}]}}