{"id":230753,"date":"2023-02-09T09:54:57","date_gmt":"2023-02-09T13:54:57","guid":{"rendered":"https:\/\/www.ocorreionews.com.br\/acervo-correio\/?p=230753"},"modified":"2023-02-09T09:54:57","modified_gmt":"2023-02-09T13:54:57","slug":"enem-2022-participantes-ja-podem-consultar-notas","status":"publish","type":"post","link":"https:\/\/www.ocorreionews.com.br\/acervo-correio\/?p=230753","title":{"rendered":"Enem 2022: participantes j\u00e1 podem consultar notas"},"content":{"rendered":"<div id=\"chunk-9ivhg\">\n<div class=\"mc-column content-text active-extra-styles \" data-block-type=\"unstyled\" data-block-weight=\"36\" data-block-id=\"3\">\n<p class=\"content-text__container \" data-track-category=\"Link no Texto\" data-track-links=\"\">O resultado do Exame Nacional do Ensino M\u00e9dio (Enem) 2022 <strong>j\u00e1 est\u00e1 dispon\u00edvel<\/strong> para consulta na <a href=\"https:\/\/enem.inep.gov.br\/participante\/#!\/\" target=\"_blank\" rel=\"noopener\"><strong>P\u00e1gina do Participante<\/strong><\/a>. Para acessar as notas, <span class=\"highlight highlighted\">\u00e9 preciso fazer login digitando o CPF e a senha cadastrados no sistema.<\/span><\/p>\n<\/div>\n<\/div>\n<div class=\"wall protected-content\">\n<div class=\"mc-column content-text active-extra-styles\" data-block-type=\"raw\" data-block-weight=\"6\" data-block-id=\"4\"><\/div>\n<div id=\"chunk-fitch\">\n<div class=\"mc-column content-text active-extra-styles \" data-block-type=\"unstyled\" data-block-weight=\"32\" data-block-id=\"5\">\n<p data-track-category=\"Link no Texto\" data-track-links=\"\">\n<p class=\"content-text__container \" data-track-category=\"Link no Texto\" data-track-links=\"\">Na previs\u00e3o inicial, os boletins de desempenho s\u00f3 sairiam na pr\u00f3xima semana, em 13 de fevereiro. A antecipa\u00e7\u00e3o do cronograma foi anunciada na quarta-feira (8), pelo ministro da Educa\u00e7\u00e3o, Camilo Santana.<\/p>\n<\/div>\n<\/div>\n<div class=\"mc-column content-text active-extra-styles\" data-block-type=\"raw\" data-block-weight=\"18\" data-block-id=\"6\">\n<p class=\"content-text__container\">\n<p>&nbsp;<\/p>\n<p>&nbsp;<\/p>\n<\/div>\n<div id=\"chunk-5bi23\">\n<div class=\"mc-column content-text active-extra-styles \" data-block-type=\"unstyled\" data-block-weight=\"27\" data-block-id=\"7\">\n<p class=\"content-text__container \" data-track-category=\"Link no Texto\" data-track-links=\"\">A nota do Enem \u00e9 usada na sele\u00e7\u00e3o de estudantes para o ensino superior, tanto em universidades p\u00fablicas e privadas no Brasil quanto em institui\u00e7\u00f5es internacionais.<\/p>\n<\/div>\n<\/div>\n<div id=\"chunk-2t8pl\">\n<div class=\"content-ads content-ads--reveal\" data-block-type=\"ads\" data-block-id=\"8\">\n<div><\/div>\n<\/div>\n<\/div>\n<div id=\"chunk-4fkbr\">\n<div class=\"mc-column content-text active-extra-styles \" data-block-type=\"unstyled\" data-block-weight=\"10\" data-block-id=\"9\">\n<p class=\"content-text__container \" data-track-category=\"Link no Texto\" data-track-links=\"\">\n<\/div>\n<\/div>\n<div class=\"mc-column content-text active-extra-styles\" data-block-type=\"raw\" data-block-weight=\"2\" data-block-id=\"10\">\n<p class=\"content-text__container\">\n<div class=\"content-intertitle\">\n<h2>??? Sisu<\/h2>\n<\/div>\n<p>&nbsp;<\/p>\n<\/div>\n<p class=\"content-text__container\">\n<div class=\"mc-column content-text active-extra-styles\" data-block-type=\"raw\" data-block-weight=\"97\" data-block-id=\"11\">\n<ul class=\"content-unordered-list\">\n<li><strong>O que \u00e9: <\/strong>O Sistema de Sele\u00e7\u00e3o Unificada (Sisu) \u00e9 o programa do Minist\u00e9rio da Educa\u00e7\u00e3o (MEC) que seleciona estudantes para universidades p\u00fablicas.<\/li>\n<li><strong>Como funciona:<\/strong> O aluno pode mudar suas op\u00e7\u00f5es de curso no sistema quantas vezes quiser, ao longo do per\u00edodo de inscri\u00e7\u00e3o, tomando como base as notas de corte parciais divulgadas diariamente. H\u00e1 vagas para cotistas (as regras variam de institui\u00e7\u00e3o para institui\u00e7\u00e3o).<\/li>\n<li><strong>Pr\u00e9-requisitos:<\/strong> ter prestado o Enem na edi\u00e7\u00e3o mais recente e tirado nota superior a zero na reda\u00e7\u00e3o.<\/li>\n<li><strong>Inscri\u00e7\u00f5es:<\/strong> de 16 a 24 de fevereiro.<\/li>\n<li><strong>Resultados:<\/strong> 28 de fevereiro.<\/li>\n<li><strong>Nota considerada:<\/strong> Enem 2022.<\/li>\n<\/ul>\n<p>&nbsp;<\/p>\n<\/div>\n<p class=\"content-text__container\">\n<div class=\"mc-column content-text active-extra-styles\" data-block-type=\"raw\" data-block-weight=\"2\" data-block-id=\"12\">\n<div class=\"content-intertitle\">\n<h2>??? Prouni<\/h2>\n<\/div>\n<\/div>\n<p>&nbsp;<\/p>\n<div class=\"mc-column content-text active-extra-styles\" data-block-type=\"raw\" data-block-weight=\"196\" data-block-id=\"13\">\n<p class=\"content-text__container\">\n<ul class=\"content-unordered-list\">\n<li><strong>O que \u00e9: <\/strong>O Programa Universidade para Todos (Prouni) \u00e9 uma iniciativa do MEC que oferece bolsas integrais (100%) e parciais (50% de desconto) em institui\u00e7\u00f5es de ensino particulares.<\/li>\n<li><strong>Como funciona:<\/strong> O candidato deve indicar, em ordem de prefer\u00eancia, at\u00e9 duas op\u00e7\u00f5es de curso (selecionando a institui\u00e7\u00e3o de ensino e o turno). Depois, \u00e9 necess\u00e1rio marcar se quer participar na modalidade de ampla concorr\u00eancia ou de cotas. Por fim, precisa monitorar, a cada dia, a nota parcial para aqueles cursos. Se quiser, pode mudar suas escolhas (valer\u00e1 a \u00faltima op\u00e7\u00e3o marcada no per\u00edodo de inscri\u00e7\u00f5es).<\/li>\n<li><strong>Pr\u00e9-requisitos<\/strong>: Ter cursado os tr\u00eas anos do ensino m\u00e9dio em escolas da rede p\u00fablica ou com bolsa integral (100%) em col\u00e9gios privados, e pertencer a uma fam\u00edlia com renda per capita de at\u00e9 3 sal\u00e1rios m\u00ednimos.<\/li>\n<li><strong>Tipos de bolsa:<\/strong> integral (renda familiar mensal per capita de at\u00e9 1,5 sal\u00e1rio m\u00ednimo) e parcial (que cobre 50% da mensalidade, para renda familiar mensal per capita de 1,5 a 3 sal\u00e1rios m\u00ednimos).<\/li>\n<li><strong>Inscri\u00e7\u00f5es: <\/strong>de 28 de fevereiro a 3 de mar\u00e7o.<\/li>\n<li><strong>Resultados:<\/strong> 7 a 16 de mar\u00e7o (1\u00aa chamada) e 21 a 30 de mar\u00e7o (2\u00aa chamada).<\/li>\n<li><strong>Notas consideradas:<\/strong> Enem 2021 e Enem 2022.<\/li>\n<\/ul>\n<p>&nbsp;<\/p>\n<\/div>\n<div id=\"chunk-8dn1v\">\n<div class=\"content-ads content-ads--reveal\" data-block-type=\"ads\" data-block-id=\"14\">\n<div id=\"banner_materia__19e77154-22c9-4fec-bc8c-5f6559d84e44\" class=\"tag-manager-publicidade-container mc-has-reveal mc-has-ad-lazyload tag-manager-publicidade-banner_materia__19e77154-22c9-4fec-bc8c-5f6559d84e44 tag-manager-publicidade-container--carregado tag-manager-publicidade-container--visivel\" data-id=\"banner_materia__19e77154-22c9-4fec-bc8c-5f6559d84e44\" data-google-query-id=\"CK2N2OjKiP0CFWZPuAQdbccCAg\">\n<div id=\"google_ads_iframe_\/95377733\/tvg_G1\/Educacao\/Enem_4__container__\"><\/div>\n<\/div>\n<\/div>\n<\/div>\n<div class=\"mc-column content-text active-extra-styles\" data-block-type=\"raw\" data-block-weight=\"1\" data-block-id=\"15\">\n<p class=\"content-text__container\">\n<div class=\"content-intertitle\">\n<h2>???Fies<\/h2>\n<\/div>\n<\/div>\n<p>&nbsp;<\/p>\n<div class=\"mc-column content-text active-extra-styles\" data-block-type=\"raw\" data-block-weight=\"129\" data-block-id=\"16\">\n<p class=\"content-text__container\">\n<ul class=\"content-unordered-list\">\n<li><strong>O que \u00e9: <\/strong>O Fundo de Financiamento Estudantil (Fies) \u00e9 um programa do governo federal que paga parte das mensalidades de estudantes em universidades e faculdades privadas, com a contrapartida de os benefici\u00e1rios quitarem o financiamento ap\u00f3s a formatura.<\/li>\n<li><strong>Como funciona:<\/strong> O cr\u00e9dito pode cobrir de 50% a 100% da mensalidade do curso, com juros que dependem da renda familiar do candidato.<\/li>\n<li><strong>Pr\u00e9-requisitos:<\/strong> Pode se inscrever no processo seletivo quem participou de qualquer edi\u00e7\u00e3o do <a href=\"https:\/\/g1.globo.com\/tudo-sobre\/enem\/\">Enem<\/a> desde 2010, com m\u00e9dia m\u00ednima de 450 nas cinco \u00e1reas do conhecimento e nota superior a zero na reda\u00e7\u00e3o. O candidato deve ter renda familiar mensal per capita de at\u00e9 3 sal\u00e1rios m\u00ednimos.<\/li>\n<li><strong>Inscri\u00e7\u00f5es: <\/strong>de 7 a 10 de mar\u00e7o.<\/li>\n<li><strong>Resultados:<\/strong> 14 de mar\u00e7o.<\/li>\n<li><strong>Notas consideradas: <\/strong>qualquer edi\u00e7\u00e3o a partir do Enem 2010.<\/li>\n<\/ul>\n<\/div>\n<p>&nbsp;<\/p>\n<\/div>\n<div class=\"mc-column content-text active-extra-styles\" data-block-type=\"raw\" data-block-weight=\"3\" data-block-id=\"19\">\n<div class=\"content-intertitle\">\n<h2>? Institui\u00e7\u00f5es privadas<\/h2>\n<\/div>\n<p>&nbsp;<\/p>\n<\/div>\n<div id=\"chunk-61isj\">\n<div class=\"mc-column content-text active-extra-styles \" data-block-type=\"unstyled\" data-block-weight=\"38\" data-block-id=\"20\">\n<p class=\"content-text__container \" data-track-category=\"Link no Texto\" data-track-links=\"\">H\u00e1 institui\u00e7\u00f5es privadas de ensino superior que usam a nota do Enem no processo seletivo ou que oferecem descontos nas mensalidades a partir do desempenho do candidato nesse exame. As regras e datas variam de universidade para universidade.<\/p>\n<\/div>\n<\/div>\n<p class=\"content-text__container\">\n<div class=\"mc-column content-text active-extra-styles\" data-block-type=\"raw\" data-block-weight=\"3\" data-block-id=\"21\">\n<div class=\"content-intertitle\">\n<h2>? Universidades internacionais<\/h2>\n<\/div>\n<\/div>\n<div id=\"chunk-dc7er\">\n<div class=\"mc-column content-text active-extra-styles \" data-block-type=\"unstyled\" data-block-weight=\"46\" data-block-id=\"22\">\n<p data-track-category=\"Link no Texto\" data-track-links=\"\">\n<p class=\"content-text__container \" data-track-category=\"Link no Texto\" data-track-links=\"\">A nota do Enem tamb\u00e9m permite que o candidato estude em uma faculdade fora do Brasil. O <a href=\"https:\/\/g1.globo.com\/tudo-sobre\/ministerio-da-educacao\/\">MEC<\/a> tem acordo em institui\u00e7\u00f5es de pa\u00edses como Portugal, Inglaterra, Fran\u00e7a, Irlanda e Canad\u00e1. Em alguns casos, a institui\u00e7\u00e3o pode exigir que o interessado passe pelo processo seletivo local.<\/p>\n<p data-track-category=\"Link no Texto\" data-track-links=\"\">\n<\/div>\n<\/div>\n<div id=\"chunk-kj9h\">\n<div class=\"mc-column content-text active-extra-styles \" data-block-type=\"unstyled\" data-block-weight=\"23\" data-block-id=\"23\">\n<p class=\"content-text__container \" data-track-category=\"Link no Texto\" data-track-links=\"\">Universidades internacionais geralmente seguem calend\u00e1rios diferentes dos utilizados no Brasil. Ent\u00e3o, \u00e9 preciso ficar atento e pesquisar diretamente no site de cada uma.<\/p>\n<\/div>\n<\/div>\n<p data-track-category=\"Link no Texto\" data-track-links=\"\">\n<p data-track-category=\"Link no Texto\" data-track-links=\"\">\n<p data-track-category=\"Link no Texto\" data-track-links=\"\">*G1<\/p>\n","protected":false},"excerpt":{"rendered":"<p>O resultado do Exame Nacional do Ensino M\u00e9dio (Enem) 2022 j\u00e1 est\u00e1 dispon\u00edvel para consulta na P\u00e1gina do Participante. Para acessar as notas, \u00e9 preciso fazer login digitando o CPF e a senha cadastrados no sistema. Na previs\u00e3o inicial, os boletins de desempenho s\u00f3 sairiam na pr\u00f3xima semana, em 13 de fevereiro. A antecipa\u00e7\u00e3o do [&hellip;]<\/p>\n","protected":false},"author":5,"featured_media":196337,"comment_status":"closed","ping_status":"closed","sticky":false,"template":"","format":"standard","meta":{"footnotes":""},"categories":[27],"tags":[],"class_list":["post-230753","post","type-post","status-publish","format-standard","has-post-thumbnail","hentry","category-educacao"],"_links":{"self":[{"href":"https:\/\/www.ocorreionews.com.br\/acervo-correio\/index.php?rest_route=\/wp\/v2\/posts\/230753","targetHints":{"allow":["GET"]}}],"collection":[{"href":"https:\/\/www.ocorreionews.com.br\/acervo-correio\/index.php?rest_route=\/wp\/v2\/posts"}],"about":[{"href":"https:\/\/www.ocorreionews.com.br\/acervo-correio\/index.php?rest_route=\/wp\/v2\/types\/post"}],"author":[{"embeddable":true,"href":"https:\/\/www.ocorreionews.com.br\/acervo-correio\/index.php?rest_route=\/wp\/v2\/users\/5"}],"replies":[{"embeddable":true,"href":"https:\/\/www.ocorreionews.com.br\/acervo-correio\/index.php?rest_route=%2Fwp%2Fv2%2Fcomments&post=230753"}],"version-history":[{"count":1,"href":"https:\/\/www.ocorreionews.com.br\/acervo-correio\/index.php?rest_route=\/wp\/v2\/posts\/230753\/revisions"}],"predecessor-version":[{"id":230754,"href":"https:\/\/www.ocorreionews.com.br\/acervo-correio\/index.php?rest_route=\/wp\/v2\/posts\/230753\/revisions\/230754"}],"wp:featuredmedia":[{"embeddable":true,"href":"https:\/\/www.ocorreionews.com.br\/acervo-correio\/index.php?rest_route=\/wp\/v2\/media\/196337"}],"wp:attachment":[{"href":"https:\/\/www.ocorreionews.com.br\/acervo-correio\/index.php?rest_route=%2Fwp%2Fv2%2Fmedia&parent=230753"}],"wp:term":[{"taxonomy":"category","embeddable":true,"href":"https:\/\/www.ocorreionews.com.br\/acervo-correio\/index.php?rest_route=%2Fwp%2Fv2%2Fcategories&post=230753"},{"taxonomy":"post_tag","embeddable":true,"href":"https:\/\/www.ocorreionews.com.br\/acervo-correio\/index.php?rest_route=%2Fwp%2Fv2%2Ftags&post=230753"}],"curies":[{"name":"wp","href":"https:\/\/api.w.org\/{rel}","templated":true}]}}