{"id":230759,"date":"2023-02-09T13:03:32","date_gmt":"2023-02-09T17:03:32","guid":{"rendered":"https:\/\/www.ocorreionews.com.br\/acervo-correio\/?p=230759"},"modified":"2023-02-09T13:03:32","modified_gmt":"2023-02-09T17:03:32","slug":"1a-edicao-da-feira-para-todos-e-sucesso-de-publico-e-organizacao","status":"publish","type":"post","link":"https:\/\/www.ocorreionews.com.br\/acervo-correio\/?p=230759","title":{"rendered":"1\u00aa edi\u00e7\u00e3o da \u201cFeira para Todos\u201d \u00e9 sucesso de p\u00fablico e organiza\u00e7\u00e3o"},"content":{"rendered":"<div class=\"ntc_area_texto_noticia\">\n<div class=\"ntc_descricao_noticia\">\n<div class=\"ntc_cont_descricao_noticia sw_txteditor\">A recep\u00e7\u00e3o da 1\u00aa edi\u00e7\u00e3o da \u201cFeira para Todos\u201d organizada pela Prefeitura Municipal de Costa Rica, atrav\u00e9s da Secretaria de Agricultura e Desenvolvimento em parceria com a Secretaria de Assist\u00eancia Social, noite desta quarta-feira (8) foi considerada um sucesso tanto pela organiza\u00e7\u00e3o do evento quanto pelo bom n\u00famero de pessoas que visitaram o Mercado do Produtor Rural Eus\u00e9bio Paulino de Oliveira, na avenida Jos\u00e9 Francisco da Silva.<\/p>\n<p>O prefeito de Costa Rica, delegado Cleverson Alves, destacou o apoio das secretarias para a organiza\u00e7\u00e3o do evento e a participa\u00e7\u00e3o maci\u00e7a dos expositores. \u201cA uni\u00e3o do Poder P\u00fablico com os expositores, resultou num evento muito bonito, com v\u00e1rias op\u00e7\u00f5es em que todos gostaram e j\u00e1 aguardam a pr\u00f3xima edi\u00e7\u00e3o. Ficamos muito felizes com o resultado da 1\u00aa Feira para Todos\u201d, afirma o prefeito.<\/p><\/div>\n<div class=\"ntc_cont_descricao_noticia sw_txteditor\"><a href=\"https:\/\/www.ocorreionews.com.br\/acervo-correio\/wp-content\/uploads\/2023\/02\/feira2.jpg\"><img loading=\"lazy\" decoding=\"async\" class=\"alignnone size-full wp-image-230761\" src=\"https:\/\/www.ocorreionews.com.br\/acervo-correio\/wp-content\/uploads\/2023\/02\/feira2.jpg\" alt=\"\" width=\"800\" height=\"450\" srcset=\"https:\/\/www.ocorreionews.com.br\/acervo-correio\/wp-content\/uploads\/2023\/02\/feira2.jpg 800w, https:\/\/www.ocorreionews.com.br\/acervo-correio\/wp-content\/uploads\/2023\/02\/feira2-300x169.jpg 300w, https:\/\/www.ocorreionews.com.br\/acervo-correio\/wp-content\/uploads\/2023\/02\/feira2-768x432.jpg 768w\" sizes=\"auto, (max-width: 800px) 100vw, 800px\" \/><\/a><\/p>\n<p>Neuza Amorim Malaquias, do box de salgados e espetinhos, tamb\u00e9m prestigiou o evento expondo pela primeira vez. \u201cParab\u00e9ns ao prefeito e equipe respons\u00e1vel pela realiza\u00e7\u00e3o do evento. Bem organizado, com diversidade de produtos e um ambiente excelente, realmente um sucesso. Eu e minha equipe amamos. \u00c9 preciso programar mais eventos como este\u201d, afirma a comerciante.<\/p>\n<p>Cada box da feira teve um tipo de expositor. Os produtores ligados ao Cintur\u00e3o Verde e outros pequenos agricultores, levaram os produtos da agricultura familiar para serem comercializados, desde hortali\u00e7as a frutas da esta\u00e7\u00e3o e produtos fabricados em casa como farinha de mandioca, melado, rapadura, queijo, requeij\u00e3o, p\u00e3es, bolos, biscoitos, temperos e doces.<br \/>\n<a href=\"https:\/\/www.ocorreionews.com.br\/acervo-correio\/wp-content\/uploads\/2023\/02\/feira.jpg\"><img loading=\"lazy\" decoding=\"async\" class=\"alignnone size-full wp-image-230760\" src=\"https:\/\/www.ocorreionews.com.br\/acervo-correio\/wp-content\/uploads\/2023\/02\/feira.jpg\" alt=\"\" width=\"800\" height=\"450\" srcset=\"https:\/\/www.ocorreionews.com.br\/acervo-correio\/wp-content\/uploads\/2023\/02\/feira.jpg 800w, https:\/\/www.ocorreionews.com.br\/acervo-correio\/wp-content\/uploads\/2023\/02\/feira-300x169.jpg 300w, https:\/\/www.ocorreionews.com.br\/acervo-correio\/wp-content\/uploads\/2023\/02\/feira-768x432.jpg 768w\" sizes=\"auto, (max-width: 800px) 100vw, 800px\" \/><\/a><br \/>\nQuem aprecia plantas ornamentais como orqu\u00eddeas, suculentas e rosas do deserto e outras, teve a oportunidade de fazer suas compras no local. Os ch\u00e1s naturais e produtos \u00e0 base de ervas medicinais tiveram espa\u00e7o reservado.<\/p>\n<p>De tudo um pouco se p\u00f4de encontrar na feira, tapetes de croch\u00ea e outras pe\u00e7as feitas \u00e0 m\u00e3o por artes\u00f5es locais e mulheres do Projeto Rica Trama; produtos para real\u00e7ar a beleza como cosm\u00e9ticos e perfumarias, utens\u00edlios dom\u00e9sticos e at\u00e9 fantasia de carnaval.<\/p>\n<p>Para quem foi at\u00e9 a feira, simplesmente para se alimentar, encontrou de tudo, desde salgados, espetinhos e uma variedade de coisas gostosas, sem falar nas tradicionais delicias feitas pela Tia G\u00ea, isso tudo ao som ao vivo do cantor sertanejo PH e de Valdivino e Banda.<\/p>\n<p>A Atvos levou um stand para a feira com alguns de seus colaboradores para expor sobre o processo de fabrica\u00e7\u00e3o do etanol, al\u00e9m de distribuir \u00e1lcool 70% em pequenos frascos e distribuir garapa para degusta\u00e7\u00e3o gratuita.<\/p>\n<p>A cooperativa Coplacana, que oferece insumos e assist\u00eancia ao produtor rural, montou o seu stand e levou a equipe de colaboradores para a feira. Tamb\u00e9m esteve presente, a cooperativa CAMDA, que exp\u00f4s al\u00e9m de ferramentas, o seu principal produto que \u00e9 de suplementa\u00e7\u00e3o mineral de pronto uso, destinado a suprir car\u00eancias de macro e microelementos minerais dos bovinos de corte em fase de cria, recria e engorda.<\/p>\n<p>J\u00e1 o Latic\u00ednios Maria exp\u00f4s a linha de produtos, como leite pasteurizado, iogurte, mussarela, manteiga, queijo nozinho e trancinha, onde os visitantes puderam degustar \u00e0 vontade.<\/p>\n<p>E para os amantes do motociclismo, o Moto Clube Costa Rica tamb\u00e9m montou um stand para exibir em um tel\u00e3o, alguma das suas a\u00e7\u00f5es no munic\u00edpio. As crian\u00e7as tamb\u00e9m n\u00e3o foram esquecidas. O evento contou com pula-pula, casa de bolinhas e outros brinquedos infl\u00e1veis.<\/p>\n<p>Para quem simplesmente foi ao local para rever os amigos e colocar a prosa em dia, o espa\u00e7o foi perfeito. A popula\u00e7\u00e3o compareceu em massa e aprovou a primeira edi\u00e7\u00e3o da Feira para Todos, sem falar ainda que foram sorteados diversos brindes aos presentes.<\/p>\n<p>Tamb\u00e9m estiveram presentes para prestigiar o evento, o vice-prefeito Roni Cota; o subsecret\u00e1rio de Desenvolvimento, Airton Ruiz Pereira; o vereador Evaldo Paulino, o presidente da Associa\u00e7\u00e3o de Feirantes do\u00a0Mercado do Produtor Rural Euz\u00e9bio Paulino de Oliveira,\u00a0J\u00fanior de Oliveira, entre outras autoridades municipais, representantes de entidades de classe e a comunidade em geral.<\/p>\n<p><a href=\"https:\/\/www.costarica.ms.gov.br\/portal\/0\/galeria-de-fotos\/2402\/1-feira-para-todos\">Confira alguns momentos da Feira para Todos<\/a><\/p>\n<\/div>\n<div class=\"ntc_area_info_noticia sw_lato\">\n<div>\n<div class=\"ntc_info_noticia\"><strong class=\"sw_lato_black\">Fonte: <\/strong>Assessoria de Comunica\u00e7\u00e3o &#8211; PMCR<\/div>\n<div class=\"ntc_info_noticia\"><strong class=\"sw_lato_black\">Autor: <\/strong>Silvestre de Castro &#8211; Jornalista e Radialista<\/div>\n<\/div>\n<\/div>\n<\/div>\n<\/div>\n<div class=\"sw_area_botoes\">\n<div class=\"sw_gostei\" data-avaliacao=\"\"><\/div>\n<\/div>\n<div id=\"e_centralizar\">\n<div id=\"conteudo_esquerda\">\n<div id=\"ntc_conteudo\">\n<div class=\"ntc_area_noticia_interna\">\n<div class=\"sw_area_botoes\"><\/div>\n<\/div>\n<\/div>\n<\/div>\n<\/div>\n<footer>\n<div class=\"e_redes_sociais_newsletter\">\n<div class=\"e_conteudo_interno\">\n<div class=\"e_area_newsletter\">\n<div class=\"e_cont_newsletter\">\n<div class=\"e_titulo_newsletter e_montserrat_bold\"><\/div>\n<\/div>\n<\/div>\n<\/div>\n<\/div>\n<\/footer>\n","protected":false},"excerpt":{"rendered":"<p>A recep\u00e7\u00e3o da 1\u00aa edi\u00e7\u00e3o da \u201cFeira para Todos\u201d organizada pela Prefeitura Municipal de Costa Rica, atrav\u00e9s da Secretaria de Agricultura e Desenvolvimento em parceria com a Secretaria de Assist\u00eancia Social, noite desta quarta-feira (8) foi considerada um sucesso tanto pela organiza\u00e7\u00e3o do evento quanto pelo bom n\u00famero de pessoas que visitaram o Mercado do [&hellip;]<\/p>\n","protected":false},"author":4,"featured_media":230761,"comment_status":"closed","ping_status":"closed","sticky":false,"template":"","format":"standard","meta":{"footnotes":""},"categories":[25,41],"tags":[],"class_list":["post-230759","post","type-post","status-publish","format-standard","has-post-thumbnail","hentry","category-costa-rica","category-destaque"],"_links":{"self":[{"href":"https:\/\/www.ocorreionews.com.br\/acervo-correio\/index.php?rest_route=\/wp\/v2\/posts\/230759","targetHints":{"allow":["GET"]}}],"collection":[{"href":"https:\/\/www.ocorreionews.com.br\/acervo-correio\/index.php?rest_route=\/wp\/v2\/posts"}],"about":[{"href":"https:\/\/www.ocorreionews.com.br\/acervo-correio\/index.php?rest_route=\/wp\/v2\/types\/post"}],"author":[{"embeddable":true,"href":"https:\/\/www.ocorreionews.com.br\/acervo-correio\/index.php?rest_route=\/wp\/v2\/users\/4"}],"replies":[{"embeddable":true,"href":"https:\/\/www.ocorreionews.com.br\/acervo-correio\/index.php?rest_route=%2Fwp%2Fv2%2Fcomments&post=230759"}],"version-history":[{"count":1,"href":"https:\/\/www.ocorreionews.com.br\/acervo-correio\/index.php?rest_route=\/wp\/v2\/posts\/230759\/revisions"}],"predecessor-version":[{"id":230763,"href":"https:\/\/www.ocorreionews.com.br\/acervo-correio\/index.php?rest_route=\/wp\/v2\/posts\/230759\/revisions\/230763"}],"wp:featuredmedia":[{"embeddable":true,"href":"https:\/\/www.ocorreionews.com.br\/acervo-correio\/index.php?rest_route=\/wp\/v2\/media\/230761"}],"wp:attachment":[{"href":"https:\/\/www.ocorreionews.com.br\/acervo-correio\/index.php?rest_route=%2Fwp%2Fv2%2Fmedia&parent=230759"}],"wp:term":[{"taxonomy":"category","embeddable":true,"href":"https:\/\/www.ocorreionews.com.br\/acervo-correio\/index.php?rest_route=%2Fwp%2Fv2%2Fcategories&post=230759"},{"taxonomy":"post_tag","embeddable":true,"href":"https:\/\/www.ocorreionews.com.br\/acervo-correio\/index.php?rest_route=%2Fwp%2Fv2%2Ftags&post=230759"}],"curies":[{"name":"wp","href":"https:\/\/api.w.org\/{rel}","templated":true}]}}