{"id":230764,"date":"2023-02-09T13:06:20","date_gmt":"2023-02-09T17:06:20","guid":{"rendered":"https:\/\/www.ocorreionews.com.br\/acervo-correio\/?p=230764"},"modified":"2023-02-09T13:06:20","modified_gmt":"2023-02-09T17:06:20","slug":"em-dois-anos-costa-rica-inaugura-tres-novas-instituicoes-financeiras","status":"publish","type":"post","link":"https:\/\/www.ocorreionews.com.br\/acervo-correio\/?p=230764","title":{"rendered":"Em dois anos, Costa Rica inaugura tr\u00eas novas institui\u00e7\u00f5es financeiras"},"content":{"rendered":"<div class=\"ntc_cont_descricao_noticia sw_txteditor\">\n<div>Entre 2021 e 2023, Costa Rica j\u00e1 contabiliza a inaugura\u00e7\u00e3o de tr\u00eas novas institui\u00e7\u00f5es financeiras, alavancando o desenvolvimento econ\u00f4mico do munic\u00edpio, al\u00e9m da gera\u00e7\u00e3o de emprego e renda. Somando \u00e0 cooperativa Sicoob e \u00e0 agencia da Caixa Econ\u00f4mica Federa, na manh\u00e3 desta quarta-feira (8), foi a vez da Ag\u00eancia de Relacionamento Cresol, que est\u00e1 vinculada administrativamente \u00e0 Cresol Meio Oeste, abrir as portas na avenida Jos\u00e9 Ferreira da Costa.<\/p>\n<p>O ato de inaugura\u00e7\u00e3o contou com a presen\u00e7a do prefeito de Costa Rica, delegado Cleverson Alves, do vice-prefeito Roni Cota, do presidente da Cresol Meio Oeste Gilson Panceri J\u00fanior, cooperados, colaboradores, vereadores, secret\u00e1rios municipais, entre outras autoridades e a comunidade em geral.<\/p>\n<p>Em seu discurso, o prefeito deu as boas-vindas a toda equipe da cooperativa e agradeceu aos representantes por escolherem Costa Rica. \u201c\u00c9 como afirma a cita\u00e7\u00e3o, &#8216;sorte \u00e9 quando a compet\u00eancia encontra a oportunidade&#8217;. Sem d\u00favidas, a Cresol \u00e9 uma entidade competente j\u00e1 que \u00e9 a 3\u00aa maior no segmento, e Costa Rica \u00e9 uma cidade de oportunidade, portanto temos tudo para ter sorte para ambos os lados. Deixo o Poder P\u00fablico \u00e0 disposi\u00e7\u00e3o para parcerias e saibam que sempre podem contar com nosso apoio para o desenvolvimento local e regional\u201d, refor\u00e7ou o prefeito, delegado Cleverson Alves.<\/p>\n<p>Segundo o Presidente da Cresol Meio Oeste, Gilson Panceri Junior,\u00a0Costa Rica foi escolhida para sediar a 2\u00aa ag\u00eancia Cresol Meio Oeste\u00a0tanto por seu crescimento exponencial e promissor, quanto por abrigar uma popula\u00e7\u00e3o hospitaleira.<\/p>\n<p>\u201cA sensa\u00e7\u00e3o quando a gente entra na cidade \u00e9 muito boa, considerando organiza\u00e7\u00e3o, beleza, receptividade, com pessoas muito carinhosas e pr\u00f3ximas. Esse \u00e9 o esp\u00edrito da Cresol, pois temos essa viv\u00eancia muito presente como efici\u00eancia, organiza\u00e7\u00e3o e muita humanidade. A Cresol espera ser uma grande parceria do Poder P\u00fablico e principalmente de todos os associados. Que Costa Rica tenha a oportunidade de conhecer a realidade da Cresol e que a cooperativa consiga atender as demandas do munic\u00edpio para juntos crescerem e serem um sucesso\u201d, frisou o presidente.<\/p>\n<p>De acordo com o gerente comercial da unidade de Costa Rica, Jean Samistraro Soares, a Cresol oferece solu\u00e7\u00f5es financeiras completas \u00e0 comunidade local, bem como busca a intera\u00e7\u00e3o solid\u00e1ria entre os associados, oportunizando a agilidade e facilita\u00e7\u00e3o do cr\u00e9dito, possibilitando a inclus\u00e3o de muitas fam\u00edlias no sistema e tornando sonhos realidade.\n<\/p><\/div>\n<\/div>\n<div class=\"ntc_area_info_noticia sw_lato\">\n<div>\n<div class=\"ntc_info_noticia\"><strong class=\"sw_lato_black\">Fonte: <\/strong>Assessoria de Comunica\u00e7\u00e3o<\/div>\n<div class=\"ntc_info_noticia\"><strong class=\"sw_lato_black\">Autor: <\/strong>Angela Bezerra<\/div>\n<\/div>\n<\/div>\n","protected":false},"excerpt":{"rendered":"<p>Entre 2021 e 2023, Costa Rica j\u00e1 contabiliza a inaugura\u00e7\u00e3o de tr\u00eas novas institui\u00e7\u00f5es financeiras, alavancando o desenvolvimento econ\u00f4mico do munic\u00edpio, al\u00e9m da gera\u00e7\u00e3o de emprego e renda. Somando \u00e0 cooperativa Sicoob e \u00e0 agencia da Caixa Econ\u00f4mica Federa, na manh\u00e3 desta quarta-feira (8), foi a vez da Ag\u00eancia de Relacionamento Cresol, que est\u00e1 vinculada [&hellip;]<\/p>\n","protected":false},"author":4,"featured_media":230765,"comment_status":"closed","ping_status":"closed","sticky":false,"template":"","format":"standard","meta":{"footnotes":""},"categories":[25],"tags":[],"class_list":["post-230764","post","type-post","status-publish","format-standard","has-post-thumbnail","hentry","category-costa-rica"],"_links":{"self":[{"href":"https:\/\/www.ocorreionews.com.br\/acervo-correio\/index.php?rest_route=\/wp\/v2\/posts\/230764","targetHints":{"allow":["GET"]}}],"collection":[{"href":"https:\/\/www.ocorreionews.com.br\/acervo-correio\/index.php?rest_route=\/wp\/v2\/posts"}],"about":[{"href":"https:\/\/www.ocorreionews.com.br\/acervo-correio\/index.php?rest_route=\/wp\/v2\/types\/post"}],"author":[{"embeddable":true,"href":"https:\/\/www.ocorreionews.com.br\/acervo-correio\/index.php?rest_route=\/wp\/v2\/users\/4"}],"replies":[{"embeddable":true,"href":"https:\/\/www.ocorreionews.com.br\/acervo-correio\/index.php?rest_route=%2Fwp%2Fv2%2Fcomments&post=230764"}],"version-history":[{"count":1,"href":"https:\/\/www.ocorreionews.com.br\/acervo-correio\/index.php?rest_route=\/wp\/v2\/posts\/230764\/revisions"}],"predecessor-version":[{"id":230766,"href":"https:\/\/www.ocorreionews.com.br\/acervo-correio\/index.php?rest_route=\/wp\/v2\/posts\/230764\/revisions\/230766"}],"wp:featuredmedia":[{"embeddable":true,"href":"https:\/\/www.ocorreionews.com.br\/acervo-correio\/index.php?rest_route=\/wp\/v2\/media\/230765"}],"wp:attachment":[{"href":"https:\/\/www.ocorreionews.com.br\/acervo-correio\/index.php?rest_route=%2Fwp%2Fv2%2Fmedia&parent=230764"}],"wp:term":[{"taxonomy":"category","embeddable":true,"href":"https:\/\/www.ocorreionews.com.br\/acervo-correio\/index.php?rest_route=%2Fwp%2Fv2%2Fcategories&post=230764"},{"taxonomy":"post_tag","embeddable":true,"href":"https:\/\/www.ocorreionews.com.br\/acervo-correio\/index.php?rest_route=%2Fwp%2Fv2%2Ftags&post=230764"}],"curies":[{"name":"wp","href":"https:\/\/api.w.org\/{rel}","templated":true}]}}