{"id":230774,"date":"2023-02-09T13:28:10","date_gmt":"2023-02-09T17:28:10","guid":{"rendered":"https:\/\/www.ocorreionews.com.br\/acervo-correio\/?p=230774"},"modified":"2023-02-09T13:28:10","modified_gmt":"2023-02-09T17:28:10","slug":"riedel-busca-trazer-a-maior-fornecedora-mundial-de-insumos-para-a-grande-dourados","status":"publish","type":"post","link":"https:\/\/www.ocorreionews.com.br\/acervo-correio\/?p=230774","title":{"rendered":"Riedel busca trazer a maior fornecedora mundial de insumos para a Grande Dourados"},"content":{"rendered":"<p>rumo institucional do Brasil para dar seguran\u00e7a jur\u00eddica e condi\u00e7\u00f5es para que invistam cada vez mais aqui, (..) ent\u00e3o, a gente sai motivado, com a energia renovada, assistindo o capital chegar, investir, e \u00e9 isso que a gente precisa para gerar oportunidade de emprego e de renda, que aliado a um projeto estadual de educa\u00e7\u00e3o, de capacita\u00e7\u00e3o, faz encontrar essas oportunidades com as necessidades das pessoas\u201d.<\/p>\n<figure id=\"attachment_70962\" class=\"wp-caption alignleft\" aria-describedby=\"caption-attachment-70962\"><img loading=\"lazy\" decoding=\"async\" class=\"wp-image-70962 size-full lazyloaded\" src=\"https:\/\/folhacg.com.br\/wp-content\/uploads\/2023\/02\/riedelceo.jpg\" sizes=\"auto, (max-width: 288px) 100vw, 288px\" srcset=\"https:\/\/folhacg.com.br\/wp-content\/uploads\/2023\/02\/riedelceo.jpg 288w, https:\/\/folhacg.com.br\/wp-content\/uploads\/2023\/02\/riedelceo-75x75.jpg 75w\" alt=\"\" width=\"288\" height=\"283\" data-srcset=\"https:\/\/folhacg.com.br\/wp-content\/uploads\/2023\/02\/riedelceo.jpg 288w, https:\/\/folhacg.com.br\/wp-content\/uploads\/2023\/02\/riedelceo-75x75.jpg 75w\" data-src=\"https:\/\/folhacg.com.br\/wp-content\/uploads\/2023\/02\/riedelceo.jpg\" data-sizes=\"(max-width: 288px) 100vw, 288px\" \/><figcaption id=\"caption-attachment-70962\" class=\"wp-caption-text\">Eduardo Riedel cumprimenta CEO da Nutrien na Am\u00e9rica Latina, Andr\u00e9 Dias<\/figcaption><\/figure>\n<p>J\u00e1 a ministra do Planejamento e Or\u00e7amento, Simone Tebet, refor\u00e7ou seu compromisso com Mato Grosso do Sul e tamb\u00e9m destacou que a Reforma Tribut\u00e1ria permitir\u00e1 atrair mais investimentos no Brasil. \u201cA Nutrien j\u00e1 tem investimentos no Brasil e em Mato Grosso do Sul e est\u00e1 mostrando o seu interesse em investir ainda mais e gerar emprego e renda para a popula\u00e7\u00e3o do Estado. Da minha parte, coube explicar aquilo que eles vieram ouvir: que as institui\u00e7\u00f5es est\u00e3o fortes, que n\u00f3s temos e vamos aprovar uma Reforma Tribut\u00e1ria que d\u00ea todo o conforto para que eles possam investir, que vamos garantir atrav\u00e9s da legisla\u00e7\u00e3o e dos incentivos condi\u00e7\u00f5es para que eles possam investir em Mato Grosso do Sul, na regi\u00e3o da Grande Dourados, e gerar emprego e renda para a popula\u00e7\u00e3o\u201d, finalizou.<\/p>\n<p>Participaram da reuni\u00e3o ainda os secret\u00e1rios Eduardo Rocha (Casa Civil) e Jaime Verruck (Meio Ambiente, Desenvolvimento, Ci\u00eancia, Tecnologia e Inova\u00e7\u00e3o), o CEO Global da Nutrien, Ken Seitz; CFO, Pedro Farah; presidente da Global de Varejo Nutrien, Jeff Tarsi; CEO da Nutrien Am\u00e9rica Latina, Andr\u00e9 Dias, e as diretoras Noralee Bradley e Catharina Pires, tamb\u00e9m da Nutrien.<\/p>\n<p>Fonte Folha de Campo Grande<\/p>\n","protected":false},"excerpt":{"rendered":"<p>rumo institucional do Brasil para dar seguran\u00e7a jur\u00eddica e condi\u00e7\u00f5es para que invistam cada vez mais aqui, (..) ent\u00e3o, a gente sai motivado, com a energia renovada, assistindo o capital chegar, investir, e \u00e9 isso que a gente precisa para gerar oportunidade de emprego e de renda, que aliado a um projeto estadual de educa\u00e7\u00e3o, [&hellip;]<\/p>\n","protected":false},"author":4,"featured_media":230780,"comment_status":"closed","ping_status":"closed","sticky":false,"template":"","format":"standard","meta":{"footnotes":""},"categories":[37],"tags":[],"class_list":["post-230774","post","type-post","status-publish","format-standard","has-post-thumbnail","hentry","category-politica"],"_links":{"self":[{"href":"https:\/\/www.ocorreionews.com.br\/acervo-correio\/index.php?rest_route=\/wp\/v2\/posts\/230774","targetHints":{"allow":["GET"]}}],"collection":[{"href":"https:\/\/www.ocorreionews.com.br\/acervo-correio\/index.php?rest_route=\/wp\/v2\/posts"}],"about":[{"href":"https:\/\/www.ocorreionews.com.br\/acervo-correio\/index.php?rest_route=\/wp\/v2\/types\/post"}],"author":[{"embeddable":true,"href":"https:\/\/www.ocorreionews.com.br\/acervo-correio\/index.php?rest_route=\/wp\/v2\/users\/4"}],"replies":[{"embeddable":true,"href":"https:\/\/www.ocorreionews.com.br\/acervo-correio\/index.php?rest_route=%2Fwp%2Fv2%2Fcomments&post=230774"}],"version-history":[{"count":1,"href":"https:\/\/www.ocorreionews.com.br\/acervo-correio\/index.php?rest_route=\/wp\/v2\/posts\/230774\/revisions"}],"predecessor-version":[{"id":230781,"href":"https:\/\/www.ocorreionews.com.br\/acervo-correio\/index.php?rest_route=\/wp\/v2\/posts\/230774\/revisions\/230781"}],"wp:featuredmedia":[{"embeddable":true,"href":"https:\/\/www.ocorreionews.com.br\/acervo-correio\/index.php?rest_route=\/wp\/v2\/media\/230780"}],"wp:attachment":[{"href":"https:\/\/www.ocorreionews.com.br\/acervo-correio\/index.php?rest_route=%2Fwp%2Fv2%2Fmedia&parent=230774"}],"wp:term":[{"taxonomy":"category","embeddable":true,"href":"https:\/\/www.ocorreionews.com.br\/acervo-correio\/index.php?rest_route=%2Fwp%2Fv2%2Fcategories&post=230774"},{"taxonomy":"post_tag","embeddable":true,"href":"https:\/\/www.ocorreionews.com.br\/acervo-correio\/index.php?rest_route=%2Fwp%2Fv2%2Ftags&post=230774"}],"curies":[{"name":"wp","href":"https:\/\/api.w.org\/{rel}","templated":true}]}}