{"id":230872,"date":"2023-02-13T07:15:18","date_gmt":"2023-02-13T11:15:18","guid":{"rendered":"https:\/\/www.ocorreionews.com.br\/acervo-correio\/?p=230872"},"modified":"2023-02-13T10:38:36","modified_gmt":"2023-02-13T14:38:36","slug":"pauta-para-sessao-ordinaria-da-proxima-segunda-feira-5","status":"publish","type":"post","link":"https:\/\/www.ocorreionews.com.br\/acervo-correio\/?p=230872","title":{"rendered":"Pauta para Sess\u00e3o Ordin\u00e1ria: Projeto de Lei do Refis esta na pauta"},"content":{"rendered":"<p><strong><u>PAUTA PARA A 1401\u00aa SESS\u00c3O ORDIN\u00c1RIA,<\/u><\/strong><\/p>\n<p><strong><u>DA 3\u00aa<\/u><\/strong> <strong><u>SESS\u00c3O<\/u><\/strong> <strong><u>LEGISLATIVA,<\/u><\/strong><\/p>\n<p><strong><u>DA 9\u00aa LEGISLATURA, A REALIZAR-SE<\/u><\/strong><\/p>\n<p><strong><u>NO DIA 13\/02\/2023 \u2013 SEGUNDA &#8211; FEIRA<\/u><\/strong><\/p>\n<p><strong><u>\u00c0s 19h \u2013 C\u00e2mara Municipal<\/u><\/strong><\/p>\n<p><strong><u>EXPEDIENTE DE VEREADORES<\/u><\/strong><\/p>\n<p>&nbsp;<\/p>\n<p><strong>Projeto de Lei n\u00ba102\/2023 de autoria do Vereador Vanderson Cardoso que <\/strong>\u201c Institui o Programa do\u00a0 Casamento Civil Comunit\u00e1rio no\u00a0\u00a0 \u00e2mbito\u00a0\u00a0 do\u00a0\u00a0 Munic\u00edpio\u00a0\u00a0 de\u00a0\u00a0 Chapad\u00e3o do Sul, estabelece a celebra\u00e7\u00e3o de conv\u00eanio e parceria para a realiza\u00e7\u00e3o do casamento e d\u00e1 outras provid\u00eancias\u201d.<strong>\u00a0 <\/strong><\/p>\n<p>&nbsp;<\/p>\n<p><strong>Indica\u00e7\u00e3o: 709 \/ 2023 Vereadora Prof\u00aa Almira<\/strong><\/p>\n<p>INDICA-SE \u00e0 Mesa, com observ\u00e2ncia \u00e0s quest\u00f5es regimentais, o envio de expediente ao Prefeito Municipal, Jo\u00e3o Carlos Krug, com c\u00f3pia ao Secret\u00e1rio de Educa\u00e7\u00e3o, Guerino Perius, para que seja inclu\u00edda no conte\u00fado program\u00e1tico das escolas na Educa\u00e7\u00e3o Infantil e Ensino Fundamental, a mat\u00e9ria \u201cConstitui\u00e7\u00e3o, Forma\u00e7\u00e3o e Cidadania\u201d.<\/p>\n<p>&nbsp;<\/p>\n<p><strong>Indica\u00e7\u00e3o: 710 \/ 2023 Vereadora Prof\u00aa Almira<\/strong><\/p>\n<p>INDICA-SE \u00e0 Mesa, com observ\u00e2ncia nas quest\u00f5es regimentais, o envio de expediente ao Prefeito Municipal, Jo\u00e3o Carlos Krug, para que o Executivo fiscalize e notifique a empresa concession\u00e1ria ou permission\u00e1ria de energia el\u00e9trica para que fa\u00e7a o alinhamento dos fios por ela utilizados e a retirada dos seus fios n\u00e3o utilizados nos postes existentes no Munic\u00edpio de Chapad\u00e3o do Sul, bem que a referida empresa notifique as demais empresas que utilizam os postes como suporte de seus cabeamentos, a fim de que estas fa\u00e7am o alinhamento dos seus cabos e demais instrumentos por elas utilizados e que procedam a retirada do que n\u00e3o est\u00e3o mais utilizados.<\/p>\n<p>&nbsp;<\/p>\n<p><strong>Indica\u00e7\u00e3o: 711 \/ 2023 Vereadora Prof\u00aa Almira<\/strong><\/p>\n<p>INDICA-SE \u00e0 Mesa, com observ\u00e2ncia nas quest\u00f5es regimentais, o envio de expediente ao Prefeito Municipal, Jo\u00e3o Carlos Krug, com c\u00f3pia ao Secret\u00e1rio de Obras, Trasportes e Servi\u00e7os P\u00fablicos, Ivanor Zorzo, para que fa\u00e7a orienta\u00e7\u00e3o e notifica\u00e7\u00e3o dos propriet\u00e1rios de terrenos localizados na Rua 22, no trecho entre a Avenida 11 e Rua 13, nas proximidades do Col\u00e9gio MAPER para que construam cal\u00e7adas nos locais, de forma que os pedestres que circulam naquela localidade possam transitar sem obstru\u00e7\u00f5es.<\/p>\n<p>&nbsp;<\/p>\n<p><strong>Indica\u00e7\u00e3o: 712 \/ 2023 Vereador Vanderson Cardoso<\/strong><\/p>\n<p>INDICA-SE \u00e0 Mesa, com observ\u00e2ncia nas quest\u00f5es regimentais, o envio de expediente ao Prefeito Municipal, Jo\u00e3o Carlos Krug, com c\u00f3pia ao Diretor do Demutran, Pedro Lopes, para que fa\u00e7a a demarca\u00e7\u00e3o de vagas de estacionamento priorit\u00e1rios para portadores de Neurodiversidades.<\/p>\n<p>&nbsp;<\/p>\n<p><strong>Indica\u00e7\u00e3o: 713 \/ 2023 Vereador Vanderson Cardoso<\/strong><\/p>\n<p>INDICA-SE \u00e0 Mesa, com observ\u00e2ncia \u00e0s quest\u00f5es regimentais, o envio de expediente ao Prefeito Municipal, Jo\u00e3o Carlos Krug, com c\u00f3pia ao Secret\u00e1rio de Desenvolvimento Econ\u00f4mico e Meio Ambiente, Jos\u00e9 Teixeira J\u00fanior, para que fa\u00e7a a aquisi\u00e7\u00e3o de um triturador de vidros para a CTR (Central de Tratamento de Res\u00edduos).<\/p>\n<p>&nbsp;<\/p>\n<p><strong>Indica\u00e7\u00e3o: 714 \/ 2023 Vereador Vanderson Cardoso<\/strong><\/p>\n<p>INDICA-SE \u00e0 Mesa, com observ\u00e2ncia nas quest\u00f5es regimentais, o envio de expediente ao Prefeito Municipal, Jo\u00e3o Carlos Krug, com c\u00f3pia ao Secret\u00e1rio de Educa\u00e7\u00e3o e Cultura, Guerino Perius, para que promovam no munic\u00edpio um \u201cFestival Cultural da M\u00fasica\u201d.<\/p>\n<p>&nbsp;<\/p>\n<p><strong>Indica\u00e7\u00e3o: 715 \/ 2023 Vereador Vanderson Cardoso<\/strong><\/p>\n<p>INDICA-SE \u00e0 Mesa, com observ\u00e2ncia nas disposi\u00e7\u00f5es regimentais, o envio de expediente ao Prefeito Municipal, Jo\u00e3o Carlos Krug, com c\u00f3pia ao Secret\u00e1rio de Desenvolvimento Econ\u00f4mico e Meio Ambiente, Jos\u00e9 Teixeira Junior, solicitando que encaminhe para a aprecia\u00e7\u00e3o desta Casa de Leis, um Projeto de Lei que viabilize a implanta\u00e7\u00e3o de um Porto Seco em nossa cidade. Refor\u00e7ando a Indica\u00e7\u00e3o de n\u00ba 471\/2022 de autoria deste Vereador.<\/p>\n<p>&nbsp;<\/p>\n<p><strong>Indica\u00e7\u00e3o: 716 \/ 2023 Vereador Marcelo da Costa <\/strong><\/p>\n<p>INDICA-SE \u00e0 Mesa, com observ\u00e2ncia nas disposi\u00e7\u00f5es regimentais, o envio de expediente ao Prefeito Municipal, Jo\u00e3o Carlos Krug, com c\u00f3pia ao Secret\u00e1rio de Obras, Transportes e Servi\u00e7os P\u00fablicos, Ivanor Zorzo e ao Diretor do Demutran, Pedro Lopes, solicitando que sejam instalados 4 redutores de velocidade na Avenida Curitiba e 1 redutor de velocidade na Avenida Rio Grande do Norte em frente ao ESF Sibipiruna.<\/p>\n<p>&nbsp;<\/p>\n<p><strong>Indica\u00e7\u00e3o: 717 \/ 2023 Vereador Marcelo da Costa<\/strong><\/p>\n<p>INDICA-SE \u00e0 Mesa, com observ\u00e2ncia nas disposi\u00e7\u00f5es regimentais, o envio de expediente ao Prefeito Municipal, Jo\u00e3o Carlos Krug, com c\u00f3pia ao Secret\u00e1rio de Obras, Ivanor Zorzo, solicitando que seja realizada uma completa limpeza e desobstru\u00e7\u00e3o nos bueiros do munic\u00edpio. Refor\u00e7ando a Indica\u00e7\u00e3o 161\/21 de autoria deste Vereador.<\/p>\n<p>&nbsp;<\/p>\n<p><strong>Indica\u00e7\u00e3o: 718 \/ 2023 Vereador Marcelo da Costa<\/strong><\/p>\n<p>INDICA-SE \u00e0 Mesa, com observ\u00e2ncia nas disposi\u00e7\u00f5es regimentais, o envio de expediente ao Prefeito Municipal, Jo\u00e3o Carlos Krug, com c\u00f3pia ao Secret\u00e1rio de Obras, Ivanor Zorzo e \u00e0 Secret\u00e1ria de Sa\u00fade, Val\u00e9ria Lopes, solicitando que seja realizada manuten\u00e7\u00e3o e recupera\u00e7\u00e3o dos port\u00f5es de acesso ao ESF Sibipiruna.<\/p>\n<p>&nbsp;<\/p>\n<p><strong>Indica\u00e7\u00e3o: 719 \/ 2023 Vereador Andr\u00e9 dos Anjos<\/strong><\/p>\n<p>INDICA-SE \u00e0 Mesa, com observ\u00e2ncia nas disposi\u00e7\u00f5es regimentais, o envio de expediente ao Prefeito Municipal, Jo\u00e3o Carlos Krug, com c\u00f3pia ao Secret\u00e1rio de Obras, Transportes e Servi\u00e7os P\u00fablicos, Ivanor Zorzo, solicitando a instala\u00e7\u00e3o de Ilumina\u00e7\u00e3o P\u00fablica, com l\u00e2mpadas de LED na Avenida Um, neste Munic\u00edpio.<\/p>\n<p>&nbsp;<\/p>\n<p><strong>Indica\u00e7\u00e3o: 720 \/ 2023 Vereador Andr\u00e9 dos Anjos<\/strong><\/p>\n<p>INDICA-SE \u00e0 Mesa, com observ\u00e2ncia nas disposi\u00e7\u00f5es regimentais, o envio de expediente ao Prefeito Municipal, Jo\u00e3o Carlos Krug, com c\u00f3pia \u00e0 Secret\u00e1ria de Administra\u00e7\u00e3o, Raquel Torteli, solicitando que seja encaminhado para aprecia\u00e7\u00e3o desta Casa de Leis, um Projeto de Lei que regulamente o PROCON local.<\/p>\n<p>&nbsp;<\/p>\n<p><strong>Indica\u00e7\u00e3o: 721 \/ 2023 Vereador Mika<\/strong><\/p>\n<p>INDICA-SE \u00e0 Mesa, com observ\u00e2ncia nas disposi\u00e7\u00f5es regimentais, o envio de expediente ao Prefeito Municipal, Jo\u00e3o Carlos Krug, com c\u00f3pia ao Secret\u00e1rio de Obras, Transportes e Servi\u00e7os P\u00fablicos, Ivanor Zorzo, solicitando que seja feita a pavimenta\u00e7\u00e3o asf\u00e1ltica da Rua 7 no trecho entre as Ruas 20 e 22. JUSTIFICATIVA: \u00c9 de conhecimento deste vereador que o trecho citado hoje n\u00e3o conta com pavimenta\u00e7\u00e3o asf\u00e1ltica e que j\u00e1 existem obras no local, inclusive de resid\u00eancias. Frente a isso e considerando que a cidade hoje conta com quase 100% da cidade pavimentada, este vereador solicita que o trecho receba a pavimenta\u00e7\u00e3o necess\u00e1ria, de forma que promova mais qualidade de vida aos moradores daquela localidade.<\/p>\n<p>&nbsp;<\/p>\n<p><strong>Indica\u00e7\u00e3o: 722 \/ 2023 Vereador Mika<\/strong><\/p>\n<p>INDICA-SE \u00e0 Mesa, com observ\u00e2ncia nas disposi\u00e7\u00f5es regimentais, o envio de expediente ao Prefeito Municipal, Jo\u00e3o Carlos Krug, com c\u00f3pia ao Secret\u00e1rio de Obras, Transportes e Servi\u00e7os P\u00fablicos, Ivanor Zorzo, solicitando que seja feita a pavimenta\u00e7\u00e3o asf\u00e1ltica da Rua 3 no trecho entre as Ruas 22 e 28.<\/p>\n<p>&nbsp;<\/p>\n<p><strong>Indica\u00e7\u00e3o: 723 \/ 2023 Vereador Mika<\/strong><\/p>\n<p>INDICA-SE \u00e0 Mesa, com observ\u00e2ncia nas disposi\u00e7\u00f5es regimentais, o envio de expediente \u00e0 Senadora Tereza Cristina, solicitando o envio de recursos ao munic\u00edpio por meio de emenda parlamentar, para aquisi\u00e7\u00e3o de um Caminh\u00e3o Basculante.<\/p>\n<p>&nbsp;<\/p>\n<p><strong>Indica\u00e7\u00e3o: 724 \/ 2023 Vereador Mika<\/strong><\/p>\n<p>INDICA-SE \u00e0 Mesa, com observ\u00e2ncia nas disposi\u00e7\u00f5es regimentais, o envio de expediente ao Deputado Federal, Marcos Pollon, solicitando o envio de recursos ao munic\u00edpio por meio de emenda parlamentar, para aquisi\u00e7\u00e3o de um Triturador de Galhos e Troncos das podas de \u00e1rvores.<\/p>\n<p>&nbsp;<\/p>\n<p><strong>Indica\u00e7\u00e3o: 725 \/ 2023 Vereador Emerson Sapo<\/strong><\/p>\n<p>INDICA-SE \u00e0 Mesa, com observ\u00e2ncia nas disposi\u00e7\u00f5es regimentais, o envio de expediente ao Prefeito Municipal, Jo\u00e3o Carlos Krug com c\u00f3pia ao Secret\u00e1rio de Obras, Transportes e Servi\u00e7os P\u00fablicos, Ivanor Zorzo, solicitando que seja criado um estacionamento central no canteiro da Avenida Seis, no trecho entre as Ruas 25 e 27.<\/p>\n<p>&nbsp;<\/p>\n<p><strong>Indica\u00e7\u00e3o: 726 \/ 2023 Vereador Emerson Sapo<\/strong><\/p>\n<p>INDICA-SE \u00e0 Mesa, com observ\u00e2ncia nas disposi\u00e7\u00f5es regimentais, o envio de expediente ao Prefeito Municipal, Jo\u00e3o Carlos Krug com c\u00f3pia ao Secret\u00e1rio de Desenvolvimento Econ\u00f4mico e Meio Ambiente, Jos\u00e9 Teixeira J\u00fanior, solicitando que seja retomada a atua\u00e7\u00e3o do Canil Municipal no recolhimento de c\u00e3es nas ruas.<\/p>\n<p>&nbsp;<\/p>\n<p><strong>Indica\u00e7\u00e3o: 727 \/ 2023 Vereador Emerson Sapo<\/strong><\/p>\n<p>INDICA-SE \u00e0 Mesa, com observ\u00e2ncia nas disposi\u00e7\u00f5es regimentais, o envio de expediente ao Prefeito Municipal, Jo\u00e3o Carlos Krug com c\u00f3pia ao Secret\u00e1rio de Obras, Transportes e Servi\u00e7os P\u00fablicos, Ivanor Zorzo, solicitando que feito o prolongamento do estacionamento no canteiro central da Avenida Seis, no trecho entre as Ruas 13 e 15.<\/p>\n<p>&nbsp;<\/p>\n<p><strong>Indica\u00e7\u00e3o: 728 \/ 2023 Vereador Emerson Sapo<\/strong><\/p>\n<p>INDICA-SE \u00e0 Mesa, com observ\u00e2ncia nas disposi\u00e7\u00f5es regimentais, o envio de expediente ao Prefeito Municipal, Jo\u00e3o Carlos Krug com c\u00f3pia ao Secret\u00e1rio de Educa\u00e7\u00e3o, Guerino Perius, solicitando que realizado recolhimento anual de livros e cadernos dos alunos da rede municipal de ensino para que sejam encaminhados para reciclagem.<\/p>\n<p>&nbsp;<\/p>\n<p><strong>Indica\u00e7\u00e3o: 729 \/ 2023 Vereadora Alline Tontini<\/strong><\/p>\n<p>INDICA-SE, com observ\u00e2ncia nas disposi\u00e7\u00f5es regimentais, o envio de expediente ao Prefeito Municipal, Jo\u00e3o Carlos Krug, solicitando a implanta\u00e7\u00e3o de mecanismos de acesso \u00e0 internet Wi-Fi P\u00fablico, em todas as pra\u00e7as de nossa cidade. Refor\u00e7ando a Indica\u00e7\u00e3o de n\u00ba 437\/2022.<\/p>\n<p>&nbsp;<\/p>\n<p><strong>Indica\u00e7\u00e3o: 730 \/ 2023 Vereadora Alline Tontini<\/strong><\/p>\n<p>INDICA-SE, com observ\u00e2ncia nas disposi\u00e7\u00f5es regimentais, o envio de expediente ao Prefeito Municipal, Jo\u00e3o Carlos Krug, com c\u00f3pia ao Secret\u00e1rio de Obras, Transportes e Servi\u00e7os P\u00fablicos, Ivanor Zorzo, solicitando a instala\u00e7\u00e3o de Guard Rail, na Avenida Trinta e Tr\u00eas, em toda sua extens\u00e3o. Refor\u00e7ando a Indica\u00e7\u00e3o de n\u00famero 99\/2021 de autoria do Vereador Andr\u00e9 dos Anjos e Indica\u00e7\u00e3o de n\u00famero 480\/2022 de autoria desta Vereadora.<\/p>\n<p>&nbsp;<\/p>\n<p><strong>Indica\u00e7\u00e3o: 731 \/ 2023 Vereadora Alline Tontini<\/strong><\/p>\n<p>INDICA-SE \u00e0 Mesa, com observ\u00e2ncia nas disposi\u00e7\u00f5es regimentais, o envio de expediente ao Prefeito Municipal, Jo\u00e3o Carlos Krug com c\u00f3pia ao Secret\u00e1rio de Obras, Transportes e Servi\u00e7os P\u00fablicos, Ivanor Zorzo Guerino Perius, solicitando que realizada a constru\u00e7\u00e3o de Banheiros P\u00fablicos e bancos nas pra\u00e7as dos Bairros Esplanada, Sibipiruna, Planalto e Esperan\u00e7a.<\/p>\n<p>&nbsp;<\/p>\n<p><strong>Indica\u00e7\u00e3o: 732 \/ 2023 Vereadora Prof\u00aa Almira<\/strong><\/p>\n<p>INDICA-SE \u00e0 Mesa, com observ\u00e2ncia nas disposi\u00e7\u00f5es regimentais, o envio de expediente, ao Prefeito Municipal Jo\u00e3o Carlos Krug, com c\u00f3pia \u00e0 Secret\u00e1ria de Assist\u00eancia Social, Maria das Dores Zocal Krug, solicitando para que fa\u00e7a a cria\u00e7\u00e3o de um abrigo para mulheres nos moldes da \u201cCasa da Mulher Brasileira\u201d, local que servir\u00e1 para acolhimento de mulheres v\u00edtimas de viol\u00eancia dom\u00e9stica, situa\u00e7\u00e3o de risco e\/ou vulnerabilidade social.<\/p>\n<p>&nbsp;<\/p>\n<p><strong>Indica\u00e7\u00e3o: 733 \/ 2023 Vereador Marcelo da Costa<\/strong><\/p>\n<p>INDICA-SE \u00e0 Mesa, com observ\u00e2ncia nas disposi\u00e7\u00f5es regimentais, o envio de expediente ao Prefeito Municipal, Jo\u00e3o Carlos Krug, com c\u00f3pia \u00e0 Secret\u00e1ria de Administra\u00e7\u00e3o, Raquel Tortelli para que seja avaliada a possibilidade de fornecimento de refei\u00e7\u00f5es aos servidores p\u00fablicos que permane\u00e7am no local de trabalho durante o hor\u00e1rio de almo\u00e7o ou jantar.<\/p>\n<p>&nbsp;<\/p>\n<p><strong><u>MENSAGEM DO EXECUTIVO<\/u><\/strong><\/p>\n<p>&nbsp;<\/p>\n<p>&#8211; Mensagem n\u00ba 03\/2023, encaminha <strong>Projeto de Lei Complementar n\u00ba 16\/2023, Executivo que: \u201cAltera a Lei Complementar n\u00ba 015, de 20 de dezembro de 2002, que disp\u00f5e sobre o Estatuto e Plano de Cargos, Carreira e Remunera\u00e7\u00e3o do Magist\u00e9rio Municipal de Chapad\u00e3o do Sul.\u201d<\/strong><\/p>\n<p>&nbsp;<\/p>\n<p>&#8211; Mensagem n\u00ba 01\/2023, encaminha <strong>Projeto de Lei n\u00ba 99\/2023, Executivo que: \u201cAutoriza o Poder Executivo Municipal a conceder no exerc\u00edcio de 2023, os repasses \u00e0s entidades assistenciais, previstas nas Emendas Impositivas \u00e0 Lei Or\u00e7ament\u00e1ria de 2022 e d\u00e1 outras provid\u00eancias\u201d.<\/strong><\/p>\n<p>&#8211; Mensagem n\u00ba 02\/2023, encaminha <strong>Projeto de Lei n\u00ba 100\/2023, Executivo que: \u201cINSTITUI O PROGRAMA DE RECUPERA\u00c7\u00c3O FISCAL \u2013 REFIS, RELATIVO AOS D\u00c9BITOS FISCAIS DE PESSOAS F\u00cdSICAS E JUR\u00cdDICAS COM O FISCO MUNICIPAL, E D\u00c1 OUTRAS PROVID\u00caNCIAS\u201d<\/strong><\/p>\n<p>&#8211; Mensagem n\u00ba 04\/2023, encaminha <strong>Projeto de Lei n\u00ba 101\/2023, Executivo que: \u201cConcede aux\u00edlio a SERC \u2013 Sociedade Esportiva Recreativa Chapad\u00e3o e d\u00e1 outras provid\u00eancias\u201d.<\/strong><\/p>\n<p>&nbsp;<\/p>\n<p>&nbsp;<\/p>\n<p><strong>SECRETARIA DAS SESS\u00d5ES, 03 DE FEVEREIRO DE 2023.<\/strong><\/p>\n<p>Natalia da Silva Leal Scheer,<\/p>\n<p>Diretora Parlamentar.<\/p>\n","protected":false},"excerpt":{"rendered":"<p>PAUTA PARA A 1401\u00aa SESS\u00c3O ORDIN\u00c1RIA, DA 3\u00aa SESS\u00c3O LEGISLATIVA, DA 9\u00aa LEGISLATURA, A REALIZAR-SE NO DIA 13\/02\/2023 \u2013 SEGUNDA &#8211; FEIRA \u00c0s 19h \u2013 C\u00e2mara Municipal EXPEDIENTE DE VEREADORES &nbsp; Projeto de Lei n\u00ba102\/2023 de autoria do Vereador Vanderson Cardoso que \u201c Institui o Programa do\u00a0 Casamento Civil Comunit\u00e1rio no\u00a0\u00a0 \u00e2mbito\u00a0\u00a0 do\u00a0\u00a0 Munic\u00edpio\u00a0\u00a0 de\u00a0\u00a0 [&hellip;]<\/p>\n","protected":false},"author":5,"featured_media":145733,"comment_status":"closed","ping_status":"closed","sticky":false,"template":"","format":"standard","meta":{"footnotes":""},"categories":[20,23,41],"tags":[],"class_list":["post-230872","post","type-post","status-publish","format-standard","has-post-thumbnail","hentry","category-camara-municipal","category-chapadao-do-sul","category-destaque"],"_links":{"self":[{"href":"https:\/\/www.ocorreionews.com.br\/acervo-correio\/index.php?rest_route=\/wp\/v2\/posts\/230872","targetHints":{"allow":["GET"]}}],"collection":[{"href":"https:\/\/www.ocorreionews.com.br\/acervo-correio\/index.php?rest_route=\/wp\/v2\/posts"}],"about":[{"href":"https:\/\/www.ocorreionews.com.br\/acervo-correio\/index.php?rest_route=\/wp\/v2\/types\/post"}],"author":[{"embeddable":true,"href":"https:\/\/www.ocorreionews.com.br\/acervo-correio\/index.php?rest_route=\/wp\/v2\/users\/5"}],"replies":[{"embeddable":true,"href":"https:\/\/www.ocorreionews.com.br\/acervo-correio\/index.php?rest_route=%2Fwp%2Fv2%2Fcomments&post=230872"}],"version-history":[{"count":1,"href":"https:\/\/www.ocorreionews.com.br\/acervo-correio\/index.php?rest_route=\/wp\/v2\/posts\/230872\/revisions"}],"predecessor-version":[{"id":231073,"href":"https:\/\/www.ocorreionews.com.br\/acervo-correio\/index.php?rest_route=\/wp\/v2\/posts\/230872\/revisions\/231073"}],"wp:featuredmedia":[{"embeddable":true,"href":"https:\/\/www.ocorreionews.com.br\/acervo-correio\/index.php?rest_route=\/wp\/v2\/media\/145733"}],"wp:attachment":[{"href":"https:\/\/www.ocorreionews.com.br\/acervo-correio\/index.php?rest_route=%2Fwp%2Fv2%2Fmedia&parent=230872"}],"wp:term":[{"taxonomy":"category","embeddable":true,"href":"https:\/\/www.ocorreionews.com.br\/acervo-correio\/index.php?rest_route=%2Fwp%2Fv2%2Fcategories&post=230872"},{"taxonomy":"post_tag","embeddable":true,"href":"https:\/\/www.ocorreionews.com.br\/acervo-correio\/index.php?rest_route=%2Fwp%2Fv2%2Ftags&post=230872"}],"curies":[{"name":"wp","href":"https:\/\/api.w.org\/{rel}","templated":true}]}}