{"id":230991,"date":"2023-02-13T07:08:29","date_gmt":"2023-02-13T11:08:29","guid":{"rendered":"https:\/\/www.ocorreionews.com.br\/acervo-correio\/?p=230991"},"modified":"2023-02-14T08:58:28","modified_gmt":"2023-02-14T12:58:28","slug":"policia-civil-paraiso-prendeu-autor-de-facadas-em-chapadao-do-ceu","status":"publish","type":"post","link":"https:\/\/www.ocorreionews.com.br\/acervo-correio\/?p=230991","title":{"rendered":"Autor de tentativa de homicidio em Para\u00edso das \u00c1guas foi preso em Chapad\u00e3o do C\u00e9u"},"content":{"rendered":"<p>F.N.S, de 33 anos, foi preso em flagrante pela Pol\u00edcia Civil de Para\u00edso das \u00c1guas, na cidade de Chapad\u00e3o do C\u00e9u (GO), suspeito de ter sido o autor de tentativa de homic\u00eddio, na noite deste s\u00e1bado (11), contra a vida de um homem, em uma carvoeira na regi\u00e3o do projeto Alto Sucuri\u00fa, a 120 km de onde foi localizado.<\/p>\n<p>Ap\u00f3s receber a informa\u00e7\u00e3o do crime, a delegacia de Pol\u00edcia Civil entrou em contato com a Santa Casa de Campo Grande (MS), onde est\u00e1 internada a v\u00edtima, foi informada que o estado de sa\u00fade da v\u00edtima \u00e9 grave e corre risco de morte.<\/p>\n<p>O autor foi indiciado por homic\u00eddio na forma tentada e est\u00e1 a disposi\u00e7\u00e3o da justi\u00e7a.<\/p>\n<p>Relembre o caso<\/p>\n<p>A Pol\u00edcia Militar foi acionada. A equipe do PAM (Pronto Atendimento M\u00e9dico) de Para\u00edso das \u00c1guas esteve no local, realizou os primeiros socorros e levou a v\u00edtima para o Hospital Municipal de Chapad\u00e3o do Sul, onde passou por procedimento cir\u00fargico e encaminhada vaga zero, em estado grave para Campo Grande (MS).<\/p>\n<p>A vitima J.D.S aparentemente de 50 anos, foi atingido por dois golpes de faca, na regi\u00e3o do abd\u00f4men e outro nas costas.<\/p>\n<p>&nbsp;<\/p>\n<p>BNC Noticias<\/p>\n","protected":false},"excerpt":{"rendered":"<p>F.N.S, de 33 anos, foi preso em flagrante pela Pol\u00edcia Civil de Para\u00edso das \u00c1guas, na cidade de Chapad\u00e3o do C\u00e9u (GO), suspeito de ter sido o autor de tentativa de homic\u00eddio, na noite deste s\u00e1bado (11), contra a vida de um homem, em uma carvoeira na regi\u00e3o do projeto Alto Sucuri\u00fa, a 120 km [&hellip;]<\/p>\n","protected":false},"author":4,"featured_media":231185,"comment_status":"closed","ping_status":"closed","sticky":false,"template":"","format":"standard","meta":{"footnotes":""},"categories":[41,36,38],"tags":[],"class_list":["post-230991","post","type-post","status-publish","format-standard","has-post-thumbnail","hentry","category-destaque","category-paraiso-das-aguas","category-policia"],"_links":{"self":[{"href":"https:\/\/www.ocorreionews.com.br\/acervo-correio\/index.php?rest_route=\/wp\/v2\/posts\/230991","targetHints":{"allow":["GET"]}}],"collection":[{"href":"https:\/\/www.ocorreionews.com.br\/acervo-correio\/index.php?rest_route=\/wp\/v2\/posts"}],"about":[{"href":"https:\/\/www.ocorreionews.com.br\/acervo-correio\/index.php?rest_route=\/wp\/v2\/types\/post"}],"author":[{"embeddable":true,"href":"https:\/\/www.ocorreionews.com.br\/acervo-correio\/index.php?rest_route=\/wp\/v2\/users\/4"}],"replies":[{"embeddable":true,"href":"https:\/\/www.ocorreionews.com.br\/acervo-correio\/index.php?rest_route=%2Fwp%2Fv2%2Fcomments&post=230991"}],"version-history":[{"count":1,"href":"https:\/\/www.ocorreionews.com.br\/acervo-correio\/index.php?rest_route=\/wp\/v2\/posts\/230991\/revisions"}],"predecessor-version":[{"id":231018,"href":"https:\/\/www.ocorreionews.com.br\/acervo-correio\/index.php?rest_route=\/wp\/v2\/posts\/230991\/revisions\/231018"}],"wp:featuredmedia":[{"embeddable":true,"href":"https:\/\/www.ocorreionews.com.br\/acervo-correio\/index.php?rest_route=\/wp\/v2\/media\/231185"}],"wp:attachment":[{"href":"https:\/\/www.ocorreionews.com.br\/acervo-correio\/index.php?rest_route=%2Fwp%2Fv2%2Fmedia&parent=230991"}],"wp:term":[{"taxonomy":"category","embeddable":true,"href":"https:\/\/www.ocorreionews.com.br\/acervo-correio\/index.php?rest_route=%2Fwp%2Fv2%2Fcategories&post=230991"},{"taxonomy":"post_tag","embeddable":true,"href":"https:\/\/www.ocorreionews.com.br\/acervo-correio\/index.php?rest_route=%2Fwp%2Fv2%2Ftags&post=230991"}],"curies":[{"name":"wp","href":"https:\/\/api.w.org\/{rel}","templated":true}]}}