{"id":230994,"date":"2023-02-13T07:14:48","date_gmt":"2023-02-13T11:14:48","guid":{"rendered":"https:\/\/www.ocorreionews.com.br\/acervo-correio\/?p=230994"},"modified":"2023-02-13T07:14:48","modified_gmt":"2023-02-13T11:14:48","slug":"prefeito-juvenal-barbosa-confirma-reativacao-da-banda-municipal","status":"publish","type":"post","link":"https:\/\/www.ocorreionews.com.br\/acervo-correio\/?p=230994","title":{"rendered":"Prefeito Juvenal Barbosa confirma reativa\u00e7\u00e3o da banda municipal"},"content":{"rendered":"<div class=\"x11i5rnm xat24cr x1mh8g0r x1vvkbs xtlvy1s x126k92a\">\n<div dir=\"auto\">\n<p>O prefeito de Figueir\u00e3o, Juvenal Consolaro, atendendo solicita\u00e7\u00e3o do vereador Abadio Ribeiro da Rocha, falou que em breve estar\u00e1 implantando o projeto para reativar a Banda Municipal, que dever\u00e1 ser regida pelo Maestro Ronildo dos Santos.<\/p>\n<p>A banda se encontra desativada desde a gest\u00e3o passada, mas agora o prefeito Juvenal a est\u00e1 reativando, sabedor de que a banda \u00e9 motivo de muito orgulho para todos, e que as participa\u00e7\u00f5es em eventos de outras cidades s\u00e3o uma forma de levar os jovens de Figueir\u00e3o a conhecerem as culturas de outros munic\u00edpios, al\u00e9m de poderem levar a identidade cultural do munic\u00edpio por onde passam.<\/p>\n<p>A Banda de Percuss\u00e3o Municipal de Figueir\u00e3o foi criada pela Lei n\u00ba 205, de 21 de maio de 2009, com a finalidade de: I &#8211; ensinar, difundir e preservar a m\u00fasica no Munic\u00edpio e regi\u00e3o;<\/p>\n<p>II &#8211; apresentar-se publicamente em ocasi\u00f5es de festividades c\u00edvicas e culturais do Munic\u00edpio; e III &#8211; promover e executar atividades de entretenimento e musicaliza\u00e7\u00e3o junto \u00e0 popula\u00e7\u00e3o, em especial aos estudantes, crian\u00e7as e adolescentes.<\/p>\n<p>Com a reg\u00eancia do Maestro Ronildo dos Santos, logo que foi criada a Banda de Percuss\u00e3o Municipal de Figueir\u00e3o ganhou o pr\u00eamio de melhor corpo musical, categoria de percuss\u00e3o. O evento, realizado na cidade de Rio Negro, teve como ju\u00edzes membros da Federa\u00e7\u00e3o de Bandas e Fanfarras de Mato Grosso do Sul (FEBAMS).<\/p>\n<p>Tamb\u00e9m participou do 7\u00ba Circuito Sul-Mato-Grossense de Bandas e Fanfarras, atrav\u00e9s de patroc\u00ednio do Fundo de Investimentos Culturais da Funda\u00e7\u00e3o de Cultura do governo do Estado em parceria com as prefeituras municipais.<\/p>\n<p>\u201cA m\u00fasica \u00e9 um \u00f3timo caminho para desenvolver a cidadania nos jovens. Atrav\u00e9s da m\u00fasica, os estudantes buscam uma refer\u00eancia em coisas mais positivas e come\u00e7am a desenvolver, de certa forma a arte, que s\u00e3o os ritmos, a m\u00fasica, as coreografias e formam um grupo diferenciado\u201d, falou o prefeito Juvenal.<\/p>\n<p>#educacao\u00a0 #cultura<\/p>\n<p>Fonte\/Fotos: Assecom\/PMFigueir\u00e3o<\/p>\n<\/div>\n<\/div>\n","protected":false},"excerpt":{"rendered":"<p>O prefeito de Figueir\u00e3o, Juvenal Consolaro, atendendo solicita\u00e7\u00e3o do vereador Abadio Ribeiro da Rocha, falou que em breve estar\u00e1 implantando o projeto para reativar a Banda Municipal, que dever\u00e1 ser regida pelo Maestro Ronildo dos Santos. A banda se encontra desativada desde a gest\u00e3o passada, mas agora o prefeito Juvenal a est\u00e1 reativando, sabedor de [&hellip;]<\/p>\n","protected":false},"author":4,"featured_media":230996,"comment_status":"closed","ping_status":"closed","sticky":false,"template":"","format":"standard","meta":{"footnotes":""},"categories":[30],"tags":[],"class_list":["post-230994","post","type-post","status-publish","format-standard","has-post-thumbnail","hentry","category-figueirao"],"_links":{"self":[{"href":"https:\/\/www.ocorreionews.com.br\/acervo-correio\/index.php?rest_route=\/wp\/v2\/posts\/230994","targetHints":{"allow":["GET"]}}],"collection":[{"href":"https:\/\/www.ocorreionews.com.br\/acervo-correio\/index.php?rest_route=\/wp\/v2\/posts"}],"about":[{"href":"https:\/\/www.ocorreionews.com.br\/acervo-correio\/index.php?rest_route=\/wp\/v2\/types\/post"}],"author":[{"embeddable":true,"href":"https:\/\/www.ocorreionews.com.br\/acervo-correio\/index.php?rest_route=\/wp\/v2\/users\/4"}],"replies":[{"embeddable":true,"href":"https:\/\/www.ocorreionews.com.br\/acervo-correio\/index.php?rest_route=%2Fwp%2Fv2%2Fcomments&post=230994"}],"version-history":[{"count":1,"href":"https:\/\/www.ocorreionews.com.br\/acervo-correio\/index.php?rest_route=\/wp\/v2\/posts\/230994\/revisions"}],"predecessor-version":[{"id":230997,"href":"https:\/\/www.ocorreionews.com.br\/acervo-correio\/index.php?rest_route=\/wp\/v2\/posts\/230994\/revisions\/230997"}],"wp:featuredmedia":[{"embeddable":true,"href":"https:\/\/www.ocorreionews.com.br\/acervo-correio\/index.php?rest_route=\/wp\/v2\/media\/230996"}],"wp:attachment":[{"href":"https:\/\/www.ocorreionews.com.br\/acervo-correio\/index.php?rest_route=%2Fwp%2Fv2%2Fmedia&parent=230994"}],"wp:term":[{"taxonomy":"category","embeddable":true,"href":"https:\/\/www.ocorreionews.com.br\/acervo-correio\/index.php?rest_route=%2Fwp%2Fv2%2Fcategories&post=230994"},{"taxonomy":"post_tag","embeddable":true,"href":"https:\/\/www.ocorreionews.com.br\/acervo-correio\/index.php?rest_route=%2Fwp%2Fv2%2Ftags&post=230994"}],"curies":[{"name":"wp","href":"https:\/\/api.w.org\/{rel}","templated":true}]}}