{"id":230995,"date":"2023-02-13T07:20:22","date_gmt":"2023-02-13T11:20:22","guid":{"rendered":"https:\/\/www.ocorreionews.com.br\/acervo-correio\/?p=230995"},"modified":"2023-02-13T07:20:22","modified_gmt":"2023-02-13T11:20:22","slug":"costa-rica-vence-comercial-e-assume-a-lideranca-do-grupo-a-no-campeonato-estadual","status":"publish","type":"post","link":"https:\/\/www.ocorreionews.com.br\/acervo-correio\/?p=230995","title":{"rendered":"Costa Rica vence Comercial e assume a lideran\u00e7a do grupo A no Campeonato Estadual"},"content":{"rendered":"<p>Costa Rica venceu o Comercial por 2 a 0 em jogo classificat\u00f3rio, v\u00e1lido pelo Campeonato Sul-mato-grossense de 2023 durante a tarde deste domingo (12). O jogo aconteceu no Est\u00e1dio Laerte Paes Coelho, em Costa Rica,.<\/p>\n<p>O Colorado sofreu sua terceira derrota e amarga a \u00faltima coloca\u00e7\u00e3o do Grupo A, sem ainda ter marcado pontos. Os gols marcados pela &#8220;Cobra do Norte&#8221; foram de Edson e Bruninho.<\/p>\n<p>Ainda como visitante, o Comercial agora enfrenta o Chapad\u00e3o do Sul, no pr\u00f3ximo s\u00e1bado (18). J\u00e1 o Costa Rica, l\u00edder do grupo A com nove pontos, joga em casa contra o Coxim, no s\u00e1bado (18).<\/p>\n<p><strong>Outros resultados deste domingo: Chapad\u00e3o do Sul 1&#215;0 Oper\u00e1rio; Costa Rica 2&#215;0 Comercial e Dourados 2&#215;0 Novo.<\/strong><\/p>\n<p>Estadual &#8211; Pelo regulamento, a competi\u00e7\u00e3o tem dez times divididos em dois grupos. Oito (quatro de cada grupo) avan\u00e7am \u00e0s quartas de final. Os \u00faltimos colocados ser\u00e3o rebaixados para o Sul-mato-grossense S\u00e9rie B de 2024.<\/p>\n<p>&nbsp;<\/p>\n<p>Por Gustavo Bonotto\u00a0 CAMPO GRANDE NEWS<\/p>\n","protected":false},"excerpt":{"rendered":"<p>Costa Rica venceu o Comercial por 2 a 0 em jogo classificat\u00f3rio, v\u00e1lido pelo Campeonato Sul-mato-grossense de 2023 durante a tarde deste domingo (12). O jogo aconteceu no Est\u00e1dio Laerte Paes Coelho, em Costa Rica,. O Colorado sofreu sua terceira derrota e amarga a \u00faltima coloca\u00e7\u00e3o do Grupo A, sem ainda ter marcado pontos. Os [&hellip;]<\/p>\n","protected":false},"author":4,"featured_media":230998,"comment_status":"closed","ping_status":"closed","sticky":false,"template":"","format":"standard","meta":{"footnotes":""},"categories":[25,29],"tags":[],"class_list":["post-230995","post","type-post","status-publish","format-standard","has-post-thumbnail","hentry","category-costa-rica","category-esporte"],"_links":{"self":[{"href":"https:\/\/www.ocorreionews.com.br\/acervo-correio\/index.php?rest_route=\/wp\/v2\/posts\/230995","targetHints":{"allow":["GET"]}}],"collection":[{"href":"https:\/\/www.ocorreionews.com.br\/acervo-correio\/index.php?rest_route=\/wp\/v2\/posts"}],"about":[{"href":"https:\/\/www.ocorreionews.com.br\/acervo-correio\/index.php?rest_route=\/wp\/v2\/types\/post"}],"author":[{"embeddable":true,"href":"https:\/\/www.ocorreionews.com.br\/acervo-correio\/index.php?rest_route=\/wp\/v2\/users\/4"}],"replies":[{"embeddable":true,"href":"https:\/\/www.ocorreionews.com.br\/acervo-correio\/index.php?rest_route=%2Fwp%2Fv2%2Fcomments&post=230995"}],"version-history":[{"count":1,"href":"https:\/\/www.ocorreionews.com.br\/acervo-correio\/index.php?rest_route=\/wp\/v2\/posts\/230995\/revisions"}],"predecessor-version":[{"id":230999,"href":"https:\/\/www.ocorreionews.com.br\/acervo-correio\/index.php?rest_route=\/wp\/v2\/posts\/230995\/revisions\/230999"}],"wp:featuredmedia":[{"embeddable":true,"href":"https:\/\/www.ocorreionews.com.br\/acervo-correio\/index.php?rest_route=\/wp\/v2\/media\/230998"}],"wp:attachment":[{"href":"https:\/\/www.ocorreionews.com.br\/acervo-correio\/index.php?rest_route=%2Fwp%2Fv2%2Fmedia&parent=230995"}],"wp:term":[{"taxonomy":"category","embeddable":true,"href":"https:\/\/www.ocorreionews.com.br\/acervo-correio\/index.php?rest_route=%2Fwp%2Fv2%2Fcategories&post=230995"},{"taxonomy":"post_tag","embeddable":true,"href":"https:\/\/www.ocorreionews.com.br\/acervo-correio\/index.php?rest_route=%2Fwp%2Fv2%2Ftags&post=230995"}],"curies":[{"name":"wp","href":"https:\/\/api.w.org\/{rel}","templated":true}]}}