{"id":23100,"date":"2016-03-17T06:46:38","date_gmt":"2016-03-17T10:46:38","guid":{"rendered":"https:\/\/ocorreionews.com.br\/?p=23100"},"modified":"2016-03-17T06:46:38","modified_gmt":"2016-03-17T10:46:38","slug":"vigilancia-sanitaria-apreende-produtos-com-data-de-validade-vencida-16-de-marco-1733","status":"publish","type":"post","link":"https:\/\/www.ocorreionews.com.br\/acervo-correio\/?p=23100","title":{"rendered":"Vigil\u00e2ncia Sanit\u00e1ria apreende produtos com data de validade vencida. 16 de Mar\u00e7o, 17:33"},"content":{"rendered":"<p>A Prefeitura Municipal de Para\u00edso das \u00c1guas atrav\u00e9s da Secretaria de Sa\u00fade e Vigil\u00e2ncia Sanit\u00e1ria apreendeu hoje, dia 16 de mar\u00e7o, produtos aliment\u00edcios e de higiene pessoal que estavam sem prazo de validade ou com prazo expirado, em estabelecimentos localizados no munic\u00edpio.<\/p>\n<p>A apreens\u00e3o aconteceu durante fiscaliza\u00e7\u00e3o para a libera\u00e7\u00e3o do alvar\u00e1, requerido atrav\u00e9s de protocolo emitido na Prefeitura Municipal.<\/p>\n<p>Vale lembrar que, todos os produtos com prazo de validade expirado, data adulterada, ileg\u00edvel ou ate mesmo sem o prazo de validade impresso, ser\u00e3o apreendidos e ser\u00e1 lavrado auto de infra\u00e7\u00e3o para os respons\u00e1veis pelo estabelecimento comercial.<\/p>\n<p>A Vigil\u00e2ncia Sanit\u00e1ria orienta aos comerciantes que, a obriga\u00e7\u00e3o de verificar os produtos nas prateleiras cabe a eles, e, se algum produto estiver vencido, o propriet\u00e1rio do estabelecimento deve retirar a mercadoria e descarta-la imediatamente.<\/p>\n<p>Aos consumidores, a Vigil\u00e2ncia alerta para estarem sempre verificando a data de validade da mercadoria antes de compra-la.<\/p>\n<p>As fiscaliza\u00e7\u00f5es continuar\u00e3o acontecendo no munic\u00edpio de Para\u00edso das \u00c1guas, e os estabelecimentos que tiverem produtos vencidos estar\u00e3o sujeitos a apreens\u00e3o e multa.<\/p>\n<p>A Vigil\u00e2ncia Sanit\u00e1ria fica localizada na Rua Manoel Vicente de Souza, n\u00ba 63<\/p>\n<p>Informa\u00e7\u00f5es pelo telefone: 3248-1317<\/p>\n<p>&nbsp;<\/p>\n<p>Texto: Daniela Loss\u00e1vero<\/p>\n","protected":false},"excerpt":{"rendered":"<p>A Prefeitura Municipal de Para\u00edso das \u00c1guas atrav\u00e9s da Secretaria de Sa\u00fade e Vigil\u00e2ncia Sanit\u00e1ria apreendeu hoje, dia 16 de mar\u00e7o, produtos aliment\u00edcios e de higiene pessoal que estavam sem prazo de validade ou com prazo expirado, em estabelecimentos localizados no munic\u00edpio. A apreens\u00e3o aconteceu durante fiscaliza\u00e7\u00e3o para a libera\u00e7\u00e3o do alvar\u00e1, requerido atrav\u00e9s de [&hellip;]<\/p>\n","protected":false},"author":4,"featured_media":23101,"comment_status":"closed","ping_status":"closed","sticky":false,"template":"","format":"standard","meta":{"footnotes":""},"categories":[36],"tags":[],"class_list":["post-23100","post","type-post","status-publish","format-standard","has-post-thumbnail","hentry","category-paraiso-das-aguas"],"_links":{"self":[{"href":"https:\/\/www.ocorreionews.com.br\/acervo-correio\/index.php?rest_route=\/wp\/v2\/posts\/23100","targetHints":{"allow":["GET"]}}],"collection":[{"href":"https:\/\/www.ocorreionews.com.br\/acervo-correio\/index.php?rest_route=\/wp\/v2\/posts"}],"about":[{"href":"https:\/\/www.ocorreionews.com.br\/acervo-correio\/index.php?rest_route=\/wp\/v2\/types\/post"}],"author":[{"embeddable":true,"href":"https:\/\/www.ocorreionews.com.br\/acervo-correio\/index.php?rest_route=\/wp\/v2\/users\/4"}],"replies":[{"embeddable":true,"href":"https:\/\/www.ocorreionews.com.br\/acervo-correio\/index.php?rest_route=%2Fwp%2Fv2%2Fcomments&post=23100"}],"version-history":[{"count":0,"href":"https:\/\/www.ocorreionews.com.br\/acervo-correio\/index.php?rest_route=\/wp\/v2\/posts\/23100\/revisions"}],"wp:featuredmedia":[{"embeddable":true,"href":"https:\/\/www.ocorreionews.com.br\/acervo-correio\/index.php?rest_route=\/wp\/v2\/media\/23101"}],"wp:attachment":[{"href":"https:\/\/www.ocorreionews.com.br\/acervo-correio\/index.php?rest_route=%2Fwp%2Fv2%2Fmedia&parent=23100"}],"wp:term":[{"taxonomy":"category","embeddable":true,"href":"https:\/\/www.ocorreionews.com.br\/acervo-correio\/index.php?rest_route=%2Fwp%2Fv2%2Fcategories&post=23100"},{"taxonomy":"post_tag","embeddable":true,"href":"https:\/\/www.ocorreionews.com.br\/acervo-correio\/index.php?rest_route=%2Fwp%2Fv2%2Ftags&post=23100"}],"curies":[{"name":"wp","href":"https:\/\/api.w.org\/{rel}","templated":true}]}}