{"id":23107,"date":"2016-03-17T07:01:57","date_gmt":"2016-03-17T11:01:57","guid":{"rendered":"https:\/\/ocorreionews.com.br\/?p=23107"},"modified":"2016-03-17T07:01:57","modified_gmt":"2016-03-17T11:01:57","slug":"atraso-na-colheita-de-soja-obriga-produtor-a-alongar-safrinha","status":"publish","type":"post","link":"https:\/\/www.ocorreionews.com.br\/acervo-correio\/?p=23107","title":{"rendered":"Atraso na colheita de soja obriga produtor a alongar safrinha"},"content":{"rendered":"<p>Al\u00e9m dos preju\u00edzos para as lavouras na regi\u00e3o sul, as chuvas constantes das \u00faltimas semanas est\u00e3o atrasando a colheita da soja nos munic\u00edpios do centro-norte de Mato Grosso do Sul, que t\u00eam apenas 51% do montante conclu\u00eddo. No ano passado, no mesmo per\u00edodo, a \u00e1rea colhida j\u00e1 chegava a 80%, de acordo com dados da Federa\u00e7\u00e3o da Agricultura e Pecu\u00e1ria do Estado (Famasul). O atraso para retirada do gr\u00e3o do campo tamb\u00e9m est\u00e1 alongando o per\u00edodo de plantio do milho safrinha, que deveria ter sido conclu\u00eddo no \u00faltimo dia 10.<\/p>\n<p>\u201cEsse ano atrasou muito o plantio da soja na regi\u00e3o por conta de chuvas na \u00e9poca\u201d, lembra o analista da Federa\u00e7\u00e3o, Leonardo Carlotto. Al\u00e9m do alongamento no per\u00edodo de plantio, as chuvas constantes das \u00faltimas semanas t\u00eam atrapalhado o trabalho de colheita no campo. \u201cEstamos atrasados, j\u00e1 era para ter terminado a colheita se n\u00e3o fossem as chuvas recentes. Est\u00e1 chovendo todo dia, n\u00e3o para e a\u00ed n\u00e3o d\u00e1 para trabalhar, n\u00e3o conseguimos entrar no campo\u201d, diz o presidente do Sindicato Rural de S\u00e3o Gabriel do Oeste, Julio Cesar Bortolini.<\/p>\n<p>No munic\u00edpio, ele diz que entre 70% e 75% da \u00e1rea foi colhida at\u00e9 agora. Em rela\u00e7\u00e3o a produtividade, Bortolini avalia que ainda \u00e9 cedo para dizer se haver\u00e1 redu\u00e7\u00e3o, mas a estimativa \u00e9 fechar com m\u00e9dia de 55 sacas por hectare.<\/p>\n<p>Na \u00e1rea do produtor Juliano Zimmermann, em Jaraguari, as chuvas do \u00faltimo m\u00eas, que trouxeram pragas e doen\u00e7as para a lavoura, devem reduzir a m\u00e9dia final para 48 sacas por hectare. \u201cA gente estava indo bem, com 50 a 52 sacas, mas essa chuvarada e as doen\u00e7as recentes devem prejudicar o restante que ainda n\u00e3o foi colhido\u201d, diz. Resta cerca de 40% de \u00e1rea para ser colhida.<\/p>\n<p>Entre os munic\u00edpios da regi\u00e3o centro-norte, est\u00e3o com a colheita mais adiantada Coxim, S\u00e3o Gabriel do Oeste e Sidrol\u00e2ndia, com 70%. Costa Risca vem em seguida, com cerca de 65%, de acordo com a Famasul.<\/p>\n<p><strong>MILHO<\/strong><\/p>\n<p>Com a colheita atrasada, o plantio do milho safrinha tamb\u00e9m j\u00e1 passou do prazo recomendado para plantio, at\u00e9 10 de mar\u00e7o, estipulado para evitar as geadas. Em S\u00e3o Gabriel, o presidente do Sindicato acredita que ainda falte plantar em 20% da \u00e1rea destinada para a cultura. \u201cApesar do atraso, a \u00e1rea total plantada vai ser a mesma. Pode ser que diminua a produtividade l\u00e1 na frente\u201d, diz.<\/p>\n<p>Zimmermann vai plantar o milho safrinha em 60% de sua propriedade. \u201c\u00c9 uma \u00e1rea nova, ent\u00e3o, n\u00e3o tem capacidade de solo para o plantio em tudo e os custos tamb\u00e9m aumentaram muito. \u00c9 muito arriscado\u201d, explica. At\u00e9 agora, cerca de 90% da sua \u00e1rea foi plantada.<\/p>\n<p>De acordo com a Famasul, a regi\u00e3o centro-norte tem cerca de 300 mil hectares destinados para a safrinha. At\u00e9 agora 52,5% da \u00e1rea central foi semeada e na regi\u00e3o norte o plantio chegou a 40% da \u00e1rea.\u201cOs produtores do norte plantam menos safrinha porque chove pouco no per\u00edodo, o que \u00a0torna arriscado o cultivo. Podemos dizer que 50% da \u00e1rea de soja de vira milho na regi\u00e3o. J\u00e1 no sul, 90% da \u00e1rea de soja vira safrinha\u201d, explica Leonardo.<\/p>\n<p>&nbsp;<\/p>\n<p>&nbsp;<\/p>\n<p>Correio do Estado<\/p>\n","protected":false},"excerpt":{"rendered":"<p>Al\u00e9m dos preju\u00edzos para as lavouras na regi\u00e3o sul, as chuvas constantes das \u00faltimas semanas est\u00e3o atrasando a colheita da soja nos munic\u00edpios do centro-norte de Mato Grosso do Sul, que t\u00eam apenas 51% do montante conclu\u00eddo. No ano passado, no mesmo per\u00edodo, a \u00e1rea colhida j\u00e1 chegava a 80%, de acordo com dados da [&hellip;]<\/p>\n","protected":false},"author":4,"featured_media":16810,"comment_status":"closed","ping_status":"closed","sticky":false,"template":"","format":"standard","meta":{"footnotes":""},"categories":[17],"tags":[],"class_list":["post-23107","post","type-post","status-publish","format-standard","has-post-thumbnail","hentry","category-agropecuaria"],"_links":{"self":[{"href":"https:\/\/www.ocorreionews.com.br\/acervo-correio\/index.php?rest_route=\/wp\/v2\/posts\/23107","targetHints":{"allow":["GET"]}}],"collection":[{"href":"https:\/\/www.ocorreionews.com.br\/acervo-correio\/index.php?rest_route=\/wp\/v2\/posts"}],"about":[{"href":"https:\/\/www.ocorreionews.com.br\/acervo-correio\/index.php?rest_route=\/wp\/v2\/types\/post"}],"author":[{"embeddable":true,"href":"https:\/\/www.ocorreionews.com.br\/acervo-correio\/index.php?rest_route=\/wp\/v2\/users\/4"}],"replies":[{"embeddable":true,"href":"https:\/\/www.ocorreionews.com.br\/acervo-correio\/index.php?rest_route=%2Fwp%2Fv2%2Fcomments&post=23107"}],"version-history":[{"count":0,"href":"https:\/\/www.ocorreionews.com.br\/acervo-correio\/index.php?rest_route=\/wp\/v2\/posts\/23107\/revisions"}],"wp:featuredmedia":[{"embeddable":true,"href":"https:\/\/www.ocorreionews.com.br\/acervo-correio\/index.php?rest_route=\/wp\/v2\/media\/16810"}],"wp:attachment":[{"href":"https:\/\/www.ocorreionews.com.br\/acervo-correio\/index.php?rest_route=%2Fwp%2Fv2%2Fmedia&parent=23107"}],"wp:term":[{"taxonomy":"category","embeddable":true,"href":"https:\/\/www.ocorreionews.com.br\/acervo-correio\/index.php?rest_route=%2Fwp%2Fv2%2Fcategories&post=23107"},{"taxonomy":"post_tag","embeddable":true,"href":"https:\/\/www.ocorreionews.com.br\/acervo-correio\/index.php?rest_route=%2Fwp%2Fv2%2Ftags&post=23107"}],"curies":[{"name":"wp","href":"https:\/\/api.w.org\/{rel}","templated":true}]}}