{"id":231815,"date":"2023-02-20T07:16:44","date_gmt":"2023-02-20T11:16:44","guid":{"rendered":"https:\/\/www.ocorreionews.com.br\/acervo-correio\/?p=231815"},"modified":"2023-02-20T07:16:44","modified_gmt":"2023-02-20T11:16:44","slug":"prefeitura-de-alcinopolis-divulga-a-classificacao-do-processo-seletivo-001","status":"publish","type":"post","link":"https:\/\/www.ocorreionews.com.br\/acervo-correio\/?p=231815","title":{"rendered":"Prefeitura de Alcin\u00f3polis divulga a classifica\u00e7\u00e3o do \u201cProcesso Seletivo 001"},"content":{"rendered":"<p>A Prefeitura Municipal de Alcin\u00f3polis, divulgou hoje 16\/02, no di\u00e1rio oficial do munic\u00edpio, edi\u00e7\u00e3o extra n\u00b01.157, o edital de processo seletivo simplificado N\u00ba 001.3\/2023.O Munic\u00edpio de Alcin\u00f3polis \u2013 Estado de Mato Grosso do Sul, por interm\u00e9dio da Comiss\u00e3o Especial de Processo Seletivo, TORNA P\u00daBLICO a CLASSIFICA\u00c7\u00c3O FINAL do processo seletivo simplificado N\u00ba 001.1\/2023 para contrata\u00e7\u00e3o de estagi\u00e1rios nos termos da Lei n\u00ba 11.788\/08, de 25 de setembro de 2008, por meio de Coeficiente de notas para forma\u00e7\u00e3o de cadastro de reserva para est\u00e1gio remunerado, em car\u00e1ter excepcional e tempor\u00e1rio, mediante as condi\u00e7\u00f5es estabelecidas neste edital e na Legisla\u00e7\u00e3o Complementar n\u00ba 68\/2019 vigente no munic\u00edpio.<strong>CARGO: ASSISTENTE ADMINISTRATIVO<\/strong><\/p>\n<p>1\u00ba &#8211; Caroline Grisoste de Souza<\/p>\n<p>2\u00ba &#8211; Felipe Vicensoti Silvestrini<\/p>\n<p>3\u00ba &#8211; Anna Beatriz Morais da Silva<\/p>\n<p>4\u00ba &#8211; Patr\u00edcia Ferreira Silva<\/p>\n<p>5\u00ba &#8211; Dayna Eduarda Sim\u00f5es Pereira<\/p>\n<p>6\u00ba &#8211; Carlos Alberto Rodrigues da Silva<\/p>\n<p>7\u00ba &#8211; Maria Julia Moreira C. Carvalho<\/p>\n<p>8\u00ba &#8211; Maria Luisa de Santana Lalie<\/p>\n<p>9\u00ba &#8211; Ademir Luiz Muller Junior<\/p>\n<p>10\u00ba &#8211; Aline Nunes Morais<\/p>\n<p>11\u00ba &#8211; Gabriel Ferreira Malaquias<\/p>\n<p>12\u00ba &#8211; Echylen Cristiny Batista de Paula<\/p>\n<p>13\u00ba &#8211; Luma Fernandes de Oliveira<\/p>\n<p>14\u00ba &#8211; Luana Fernandes Aristides<\/p>\n<p>15\u00ba &#8211; Gustavo Dias Belucci<\/p>\n<p>16\u00ba &#8211; Diandra Dias do Nascimento<\/p>\n<p>17\u00ba &#8211; Natalia Moraes dos Santos<\/p>\n<p>18\u00ba &#8211; Eduarda Rodrigues Furtado<\/p>\n<p>19\u00ba &#8211; Crislaine Surubi J. G Ferraz<\/p>\n<p>20\u00ba &#8211; Amanda Vit\u00f3ria Alcantara de Melo<\/p>\n<p>21\u00ba &#8211; Eduardo Messias Carrijo<\/p>\n<p>22\u00ba &#8211; Jo\u00e3o Corr\u00eaa Neto<\/p>\n<p>23\u00ba &#8211; Arthur Furtado de Andrade<\/p>\n<p>24\u00ba &#8211; Bianca Barboza Queiroz<\/p>\n<p>25\u00ba &#8211; Mylena Nogueira Oliveira<\/p>\n<p>26\u00ba &#8211; Dafini Dias de Almeida<\/p>\n<p>27\u00ba &#8211; Maria Eduarda R. Vasconcelos<\/p>\n<p>28\u00ba &#8211; Gabrielly Ferreira Franco<\/p>\n<p>29\u00ba &#8211; Carlos Henrique Messias de Oliveira<\/p>\n<p>30\u00ba &#8211; Maria Luiza Souza Sancho<\/p>\n<p>31\u00ba &#8211; Carina Faria Ferreira<\/p>\n<p>32\u00ba &#8211; Gabrielly Sass\u00e1 Camargo<\/p>\n<p>33\u00ba &#8211; Pamela Carneiro Silv\u00e9rio<\/p>\n<p>34\u00ba &#8211; Pedro Rhetlen Garcia de Oliveira<\/p>\n<p><strong>ENSINO SUPERIOR \u2013 PEDAGOGIA.<\/strong><\/p>\n<p>1\u00ba &#8211; Geovana Guimar\u00e3es Dion\u00edzio<\/p>\n<p>2\u00ba &#8211; Micheli Ribeiro de Oliveira<\/p>\n<p><strong>ENFERMAGEM<\/strong><\/p>\n<p>1\u00ba &#8211; Viviane Amanda Pereira da Silva<\/p>\n<p>2\u00ba &#8211; Alana Silva Soares<\/p>\n<p>3\u00ba &#8211; Rosilaine Sassa Rego Camargo<\/p>\n<p>4\u00ba &#8211; Kamila Rosa Silverio<\/p>\n<p>5\u00ba &#8211; Roseli Ferreira de Morais<\/p>\n<p><strong>EDUCA\u00c7\u00c3O F\u00cdSICA<\/strong><\/p>\n<p>1\u00ba &#8211; Leandro Morais de Oliveira<\/p>\n<p>2\u00ba &#8211; Luistter Wagner F. Marciano<\/p>\n<p>3\u00ba &#8211; Cazila Couto de Brito<\/p>\n<p>4\u00ba &#8211; Ana Clara Dias Correa<\/p>\n<p><strong>T\u00c9CNICA DE GEST\u00c3O AMBIENTAL<\/strong><\/p>\n<p>1\u00ba &#8211; Eduarda Pereira<\/p>\n<p><strong>HIST\u00d3RIA<\/strong><\/p>\n<p>1\u00ba &#8211; Jo\u00e3o Vitor Ferreira Lima<\/p>\n<p>2\u00ba &#8211; Geisiane Socorro de Amorim<\/p>\n<p><a href=\"https:\/\/www.alcinopolis.ms.gov.br\/site\/wp-content\/uploads\/2023\/02\/Diario-Oficial-Eletronico-Edicao-no-1.157-16-02-23-Extra-2.pdf\"><strong>CLIQUE AQUI:<\/strong><\/a> Veja no Di\u00e1rio Oficial edi\u00e7\u00e3o extra n\u00b0 1.157<\/p>\n","protected":false},"excerpt":{"rendered":"<p>A Prefeitura Municipal de Alcin\u00f3polis, divulgou hoje 16\/02, no di\u00e1rio oficial do munic\u00edpio, edi\u00e7\u00e3o extra n\u00b01.157, o edital de processo seletivo simplificado N\u00ba 001.3\/2023.O Munic\u00edpio de Alcin\u00f3polis \u2013 Estado de Mato Grosso do Sul, por interm\u00e9dio da Comiss\u00e3o Especial de Processo Seletivo, TORNA P\u00daBLICO a CLASSIFICA\u00c7\u00c3O FINAL do processo seletivo simplificado N\u00ba 001.1\/2023 para contrata\u00e7\u00e3o [&hellip;]<\/p>\n","protected":false},"author":4,"featured_media":165723,"comment_status":"closed","ping_status":"closed","sticky":false,"template":"","format":"standard","meta":{"footnotes":""},"categories":[18],"tags":[],"class_list":["post-231815","post","type-post","status-publish","format-standard","has-post-thumbnail","hentry","category-alcinopolis"],"_links":{"self":[{"href":"https:\/\/www.ocorreionews.com.br\/acervo-correio\/index.php?rest_route=\/wp\/v2\/posts\/231815","targetHints":{"allow":["GET"]}}],"collection":[{"href":"https:\/\/www.ocorreionews.com.br\/acervo-correio\/index.php?rest_route=\/wp\/v2\/posts"}],"about":[{"href":"https:\/\/www.ocorreionews.com.br\/acervo-correio\/index.php?rest_route=\/wp\/v2\/types\/post"}],"author":[{"embeddable":true,"href":"https:\/\/www.ocorreionews.com.br\/acervo-correio\/index.php?rest_route=\/wp\/v2\/users\/4"}],"replies":[{"embeddable":true,"href":"https:\/\/www.ocorreionews.com.br\/acervo-correio\/index.php?rest_route=%2Fwp%2Fv2%2Fcomments&post=231815"}],"version-history":[{"count":1,"href":"https:\/\/www.ocorreionews.com.br\/acervo-correio\/index.php?rest_route=\/wp\/v2\/posts\/231815\/revisions"}],"predecessor-version":[{"id":231817,"href":"https:\/\/www.ocorreionews.com.br\/acervo-correio\/index.php?rest_route=\/wp\/v2\/posts\/231815\/revisions\/231817"}],"wp:featuredmedia":[{"embeddable":true,"href":"https:\/\/www.ocorreionews.com.br\/acervo-correio\/index.php?rest_route=\/wp\/v2\/media\/165723"}],"wp:attachment":[{"href":"https:\/\/www.ocorreionews.com.br\/acervo-correio\/index.php?rest_route=%2Fwp%2Fv2%2Fmedia&parent=231815"}],"wp:term":[{"taxonomy":"category","embeddable":true,"href":"https:\/\/www.ocorreionews.com.br\/acervo-correio\/index.php?rest_route=%2Fwp%2Fv2%2Fcategories&post=231815"},{"taxonomy":"post_tag","embeddable":true,"href":"https:\/\/www.ocorreionews.com.br\/acervo-correio\/index.php?rest_route=%2Fwp%2Fv2%2Ftags&post=231815"}],"curies":[{"name":"wp","href":"https:\/\/api.w.org\/{rel}","templated":true}]}}