{"id":231873,"date":"2023-02-20T13:30:21","date_gmt":"2023-02-20T17:30:21","guid":{"rendered":"https:\/\/www.ocorreionews.com.br\/acervo-correio\/?p=231873"},"modified":"2023-02-20T17:30:24","modified_gmt":"2023-02-20T21:30:24","slug":"veiculo-capoa-apos-colisao-no-centro-de-chapadao-do-sul","status":"publish","type":"post","link":"https:\/\/www.ocorreionews.com.br\/acervo-correio\/?p=231873","title":{"rendered":"Carro capota ap\u00f3s grave acidente no Centro de Chapad\u00e3o do Sul"},"content":{"rendered":"<p>No inicio da tarde desta segunda-feira (20), aconteceu um grave acidente, onde um carro acabou capotando depois de colidir com outro, no Centro de Chapad\u00e3o do Sul.<\/p>\n<p>Segundo informa\u00e7\u00f5es passadas para nossa reportagem no local do acidente, um Chevrolet Tracker seguia pela Rua Doze, na preferencial, quando no cruzamento da Rua Nove, um VW Gol, n\u00e3o respeitou o sinal de Pare, e foi atingido pelo SUV. Com o impacto o VW acabou capotando sobre a via.<\/p>\n<p>O Corpo de Bombeiros de Chapad\u00e3o do Sul foi acionado, no local foram socorridas tr\u00eas pessoas que estavam no veiculo Gol, todas foram encaminhadas para o Hospital Municipal, sendo que um dos ocupantes apresentava les\u00f5es mais graves e os outros dois ferimentos leves. J\u00e1 o motorista do Chevrolet, n\u00e3o sofreu ferimentos e ficou no local do acidente.<\/p>\n<p>Policia Militar foi acionada e confeccionou o Boletim de Ocorr\u00eancia.<\/p>\n<p><iframe loading=\"lazy\" title=\"Carro capota ap\u00f3s grave acidente no Centro de Chapad\u00e3o do Sul\" width=\"1170\" height=\"658\" src=\"https:\/\/www.youtube.com\/embed\/K8P7ipBysHE?wmode=transparent&amp;rel=0&amp;feature=oembed\" frameborder=\"0\" allow=\"accelerometer; autoplay; clipboard-write; encrypted-media; gyroscope; picture-in-picture; web-share\" allowfullscreen><\/iframe><\/p>\n<p><a href=\"https:\/\/www.ocorreionews.com.br\/acervo-correio\/wp-content\/uploads\/2023\/02\/acidente-praca.jpg\"><img loading=\"lazy\" decoding=\"async\" class=\"alignnone size-full wp-image-231885\" src=\"https:\/\/www.ocorreionews.com.br\/acervo-correio\/wp-content\/uploads\/2023\/02\/acidente-praca.jpg\" alt=\"\" width=\"1156\" height=\"651\" srcset=\"https:\/\/www.ocorreionews.com.br\/acervo-correio\/wp-content\/uploads\/2023\/02\/acidente-praca.jpg 1156w, https:\/\/www.ocorreionews.com.br\/acervo-correio\/wp-content\/uploads\/2023\/02\/acidente-praca-300x169.jpg 300w, https:\/\/www.ocorreionews.com.br\/acervo-correio\/wp-content\/uploads\/2023\/02\/acidente-praca-1024x577.jpg 1024w, https:\/\/www.ocorreionews.com.br\/acervo-correio\/wp-content\/uploads\/2023\/02\/acidente-praca-768x432.jpg 768w\" sizes=\"auto, (max-width: 1156px) 100vw, 1156px\" \/><\/a>\u00a0<a href=\"https:\/\/www.ocorreionews.com.br\/acervo-correio\/wp-content\/uploads\/2023\/02\/ac-rua-092-MS.jpg\"><img loading=\"lazy\" decoding=\"async\" class=\"alignnone size-full wp-image-231875\" src=\"https:\/\/www.ocorreionews.com.br\/acervo-correio\/wp-content\/uploads\/2023\/02\/ac-rua-092-MS.jpg\" alt=\"\" width=\"1156\" height=\"651\" srcset=\"https:\/\/www.ocorreionews.com.br\/acervo-correio\/wp-content\/uploads\/2023\/02\/ac-rua-092-MS.jpg 1156w, https:\/\/www.ocorreionews.com.br\/acervo-correio\/wp-content\/uploads\/2023\/02\/ac-rua-092-MS-300x169.jpg 300w, https:\/\/www.ocorreionews.com.br\/acervo-correio\/wp-content\/uploads\/2023\/02\/ac-rua-092-MS-1024x577.jpg 1024w, https:\/\/www.ocorreionews.com.br\/acervo-correio\/wp-content\/uploads\/2023\/02\/ac-rua-092-MS-768x432.jpg 768w\" sizes=\"auto, (max-width: 1156px) 100vw, 1156px\" \/><\/a><\/p>\n","protected":false},"excerpt":{"rendered":"<p>No inicio da tarde desta segunda-feira (20), aconteceu um grave acidente, onde um carro acabou capotando depois de colidir com outro, no Centro de Chapad\u00e3o do Sul. Segundo informa\u00e7\u00f5es passadas para nossa reportagem no local do acidente, um Chevrolet Tracker seguia pela Rua Doze, na preferencial, quando no cruzamento da Rua Nove, um VW Gol, [&hellip;]<\/p>\n","protected":false},"author":4,"featured_media":231875,"comment_status":"closed","ping_status":"closed","sticky":false,"template":"","format":"standard","meta":{"footnotes":""},"categories":[23,41,38],"tags":[],"class_list":["post-231873","post","type-post","status-publish","format-standard","has-post-thumbnail","hentry","category-chapadao-do-sul","category-destaque","category-policia"],"_links":{"self":[{"href":"https:\/\/www.ocorreionews.com.br\/acervo-correio\/index.php?rest_route=\/wp\/v2\/posts\/231873","targetHints":{"allow":["GET"]}}],"collection":[{"href":"https:\/\/www.ocorreionews.com.br\/acervo-correio\/index.php?rest_route=\/wp\/v2\/posts"}],"about":[{"href":"https:\/\/www.ocorreionews.com.br\/acervo-correio\/index.php?rest_route=\/wp\/v2\/types\/post"}],"author":[{"embeddable":true,"href":"https:\/\/www.ocorreionews.com.br\/acervo-correio\/index.php?rest_route=\/wp\/v2\/users\/4"}],"replies":[{"embeddable":true,"href":"https:\/\/www.ocorreionews.com.br\/acervo-correio\/index.php?rest_route=%2Fwp%2Fv2%2Fcomments&post=231873"}],"version-history":[{"count":1,"href":"https:\/\/www.ocorreionews.com.br\/acervo-correio\/index.php?rest_route=\/wp\/v2\/posts\/231873\/revisions"}],"predecessor-version":[{"id":231889,"href":"https:\/\/www.ocorreionews.com.br\/acervo-correio\/index.php?rest_route=\/wp\/v2\/posts\/231873\/revisions\/231889"}],"wp:featuredmedia":[{"embeddable":true,"href":"https:\/\/www.ocorreionews.com.br\/acervo-correio\/index.php?rest_route=\/wp\/v2\/media\/231875"}],"wp:attachment":[{"href":"https:\/\/www.ocorreionews.com.br\/acervo-correio\/index.php?rest_route=%2Fwp%2Fv2%2Fmedia&parent=231873"}],"wp:term":[{"taxonomy":"category","embeddable":true,"href":"https:\/\/www.ocorreionews.com.br\/acervo-correio\/index.php?rest_route=%2Fwp%2Fv2%2Fcategories&post=231873"},{"taxonomy":"post_tag","embeddable":true,"href":"https:\/\/www.ocorreionews.com.br\/acervo-correio\/index.php?rest_route=%2Fwp%2Fv2%2Ftags&post=231873"}],"curies":[{"name":"wp","href":"https:\/\/api.w.org\/{rel}","templated":true}]}}