{"id":231892,"date":"2023-02-20T18:05:35","date_gmt":"2023-02-20T22:05:35","guid":{"rendered":"https:\/\/www.ocorreionews.com.br\/acervo-correio\/?p=231892"},"modified":"2023-02-20T18:05:35","modified_gmt":"2023-02-20T22:05:35","slug":"bebedeira-termina-com-jovem-esfaqueado-nas-nadegas-em-costa-rica","status":"publish","type":"post","link":"https:\/\/www.ocorreionews.com.br\/acervo-correio\/?p=231892","title":{"rendered":"Bebedeira termina com jovem esfaqueado nas n\u00e1degas em Costa Rica"},"content":{"rendered":"<p>Na manha deste domingo um jovem de 27 anos foi esfaqueado durante uma bebedeira na cidade de Costa Rica.<\/p>\n<p>Segundo informa\u00e7\u00f5es do Boletim de Ocorr\u00eancia, por volta das 10 horas, a Policia Militar foi acionada via 190, onde na regi\u00e3o conhecida como Padroeira do Brasil em Costa Rica, informando que um homem estava todo ensanguentado no local.<\/p>\n<p>Chegando no local, os militares encontraram a vitima deitada no ch\u00e3o, apertando seu ferimento, onde informou aos policias que estava bebendo com umas pessoas ali pr\u00f3ximo, momento em que o autor de 35 anos, chegou lhe desferindo golpes de facas na regi\u00e3o de suas n\u00e1degas, onde ele relatou que n\u00e3o ficou pior, porque \u00a0conseguiu correr, assim se afastando do autor, que em seguida tomou rumo ignorado.<\/p>\n<p>O Corpo de Bombeiros foi acionado e deu os primeiros socorros a v\u00edtima que foi encaminhada at\u00e9 a Funda\u00e7\u00e3o Hospitalar, onde verificado que apresentava dois cortes, sendo um superficial outro j\u00e1 com um maior grau de profundida, por\u00e9m sem qualquer risco de morte.<\/p>\n<p>Com as informa\u00e7\u00f5es e caracter\u00edsticas do autor, feitas tanto pela v\u00edtima quanto pelas testemunhas, os militares realizaram diligencias pelas proximidades, indo ao local do fato, bem como a casa do autor, por\u00e9m, n\u00e3o logrou \u00eaxito em encontr\u00e1-lo.<\/p>\n<p>O caso foi registrado e encaminhado para Delegacia de Policia, que investigar\u00e1 os fatos.<\/p>\n","protected":false},"excerpt":{"rendered":"<p>Na manha deste domingo um jovem de 27 anos foi esfaqueado durante uma bebedeira na cidade de Costa Rica. Segundo informa\u00e7\u00f5es do Boletim de Ocorr\u00eancia, por volta das 10 horas, a Policia Militar foi acionada via 190, onde na regi\u00e3o conhecida como Padroeira do Brasil em Costa Rica, informando que um homem estava todo ensanguentado [&hellip;]<\/p>\n","protected":false},"author":5,"featured_media":218796,"comment_status":"closed","ping_status":"closed","sticky":false,"template":"","format":"standard","meta":{"footnotes":""},"categories":[25],"tags":[],"class_list":["post-231892","post","type-post","status-publish","format-standard","has-post-thumbnail","hentry","category-costa-rica"],"_links":{"self":[{"href":"https:\/\/www.ocorreionews.com.br\/acervo-correio\/index.php?rest_route=\/wp\/v2\/posts\/231892","targetHints":{"allow":["GET"]}}],"collection":[{"href":"https:\/\/www.ocorreionews.com.br\/acervo-correio\/index.php?rest_route=\/wp\/v2\/posts"}],"about":[{"href":"https:\/\/www.ocorreionews.com.br\/acervo-correio\/index.php?rest_route=\/wp\/v2\/types\/post"}],"author":[{"embeddable":true,"href":"https:\/\/www.ocorreionews.com.br\/acervo-correio\/index.php?rest_route=\/wp\/v2\/users\/5"}],"replies":[{"embeddable":true,"href":"https:\/\/www.ocorreionews.com.br\/acervo-correio\/index.php?rest_route=%2Fwp%2Fv2%2Fcomments&post=231892"}],"version-history":[{"count":1,"href":"https:\/\/www.ocorreionews.com.br\/acervo-correio\/index.php?rest_route=\/wp\/v2\/posts\/231892\/revisions"}],"predecessor-version":[{"id":231893,"href":"https:\/\/www.ocorreionews.com.br\/acervo-correio\/index.php?rest_route=\/wp\/v2\/posts\/231892\/revisions\/231893"}],"wp:featuredmedia":[{"embeddable":true,"href":"https:\/\/www.ocorreionews.com.br\/acervo-correio\/index.php?rest_route=\/wp\/v2\/media\/218796"}],"wp:attachment":[{"href":"https:\/\/www.ocorreionews.com.br\/acervo-correio\/index.php?rest_route=%2Fwp%2Fv2%2Fmedia&parent=231892"}],"wp:term":[{"taxonomy":"category","embeddable":true,"href":"https:\/\/www.ocorreionews.com.br\/acervo-correio\/index.php?rest_route=%2Fwp%2Fv2%2Fcategories&post=231892"},{"taxonomy":"post_tag","embeddable":true,"href":"https:\/\/www.ocorreionews.com.br\/acervo-correio\/index.php?rest_route=%2Fwp%2Fv2%2Ftags&post=231892"}],"curies":[{"name":"wp","href":"https:\/\/api.w.org\/{rel}","templated":true}]}}